{"id":5593,"date":"2022-04-08T22:39:00","date_gmt":"2022-04-08T20:39:00","guid":{"rendered":"https:\/\/www.upo.es\/investiga\/comintrad\/?p=5593"},"modified":"2023-05-21T21:34:56","modified_gmt":"2023-05-21T19:34:56","slug":"validacion-en-lebrija-de-la-version-en-lectura-facil-cuaderno-didactico-antonio-de-nebrija","status":"publish","type":"post","link":"https:\/\/www.upo.es\/investiga\/comintrad\/validacion-en-lebrija-de-la-version-en-lectura-facil-cuaderno-didactico-antonio-de-nebrija\/","title":{"rendered":"Validaci\u00f3n en Lebrija de la versi\u00f3n en Lectura f\u00e1cil Cuaderno Did\u00e1ctico Antonio de Nebrija"},"content":{"rendered":"\n<p>Ana Medina se ha desplazado a Lebrija para hacer una lectura del <em>Cuaderno did\u00e1ctico Antonio de Nebrija. La lengua y la verdad<\/em>, escrito por la profesora de la Universidad de Sevilla Lola Pons y adaptado a lectura f\u00e1cil por Ana Medina. <\/p>\n\n\n\n<p>El cuadernillo ya se hab\u00eda validado con el grupo de validadores de la Asociaci\u00f3n Paz y Bien, en Santiponce, pero se ha hecho una segunda validaci\u00f3n en la Asociaci\u00f3n Juan D\u00edaz de Sol\u00eds, AJUDISLE. <\/p>\n\n\n\n<p>Paco Gal\u00e1n, en calidad de Presidente de la Asociaci\u00f3n, ha atendido a la profesora Medina, junto a la Delegada de Bienestar Social del Ayuntamiento de Lebrija, Teresa Ganfornina. <\/p>\n\n\n\n<p>Esta adaptaci\u00f3n a lectura f\u00e1cil forma parte de la actividad de transferencia cient\u00edfica que se viene desarrollando en el grupo COMINTRAD, as\u00ed como del desarrollo de la investigaci\u00f3n del proyecto VISUALECT, del Ministerio de Ciencia e Innovaci\u00f3n.<\/p>\n\n\n\n<p>M\u00e1s informaci\u00f3n: <a href=\"http:\/\/www.lebrija.es\/es\/actualidad\/noticias\/El-cuaderno-didactico-Antonio-de-Nebrija.-La-lengua-y-la-verdad-adaptado-a-lectura-facil-para-su-accesibilidad-universal\">El cuaderno did\u00e1ctico \u00bfAntonio de Nebrija. La lengua y la verdad\u00bf, adaptado a lectura f\u00e1cil para su accesibilidad universal (lebrija.es)<\/a><\/p>\n","protected":false},"excerpt":{"rendered":"<p>Ana Medina se ha desplazado a Lebrija para hacer una lectura del Cuaderno did\u00e1ctico Antonio de Nebrija. La lengua y la verdad, escrito por la profesora de la&hellip;<\/p>\n","protected":false},"author":3,"featured_media":5595,"comment_status":"closed","ping_status":"open","sticky":false,"template":"","format":"standard","meta":{"footnotes":""},"categories":[21],"tags":[378,144,112,469,111],"class_list":["post-5593","post","type-post","status-publish","format-standard","has-post-thumbnail","hentry","category-noticias","tag-2022-es","tag-ana-medina-es","tag-lectura-facil","tag-proyecto-visualect","tag-traduccion-accesible"],"_links":{"self":[{"href":"https:\/\/www.upo.es\/investiga\/comintrad\/wp-json\/wp\/v2\/posts\/5593"}],"collection":[{"href":"https:\/\/www.upo.es\/investiga\/comintrad\/wp-json\/wp\/v2\/posts"}],"about":[{"href":"https:\/\/www.upo.es\/investiga\/comintrad\/wp-json\/wp\/v2\/types\/post"}],"author":[{"embeddable":true,"href":"https:\/\/www.upo.es\/investiga\/comintrad\/wp-json\/wp\/v2\/users\/3"}],"replies":[{"embeddable":true,"href":"https:\/\/www.upo.es\/investiga\/comintrad\/wp-json\/wp\/v2\/comments?post=5593"}],"version-history":[{"count":2,"href":"https:\/\/www.upo.es\/investiga\/comintrad\/wp-json\/wp\/v2\/posts\/5593\/revisions"}],"predecessor-version":[{"id":5961,"href":"https:\/\/www.upo.es\/investiga\/comintrad\/wp-json\/wp\/v2\/posts\/5593\/revisions\/5961"}],"wp:featuredmedia":[{"embeddable":true,"href":"https:\/\/www.upo.es\/investiga\/comintrad\/wp-json\/wp\/v2\/media\/5595"}],"wp:attachment":[{"href":"https:\/\/www.upo.es\/investiga\/comintrad\/wp-json\/wp\/v2\/media?parent=5593"}],"wp:term":[{"taxonomy":"category","embeddable":true,"href":"https:\/\/www.upo.es\/investiga\/comintrad\/wp-json\/wp\/v2\/categories?post=5593"},{"taxonomy":"post_tag","embeddable":true,"href":"https:\/\/www.upo.es\/investiga\/comintrad\/wp-json\/wp\/v2\/tags?post=5593"}],"curies":[{"name":"wp","href":"https:\/\/api.w.org\/{rel}","templated":true}]}}