{"id":6056,"date":"2023-06-29T20:05:59","date_gmt":"2023-06-29T18:05:59","guid":{"rendered":"https:\/\/www.upo.es\/investiga\/comintrad\/?p=6056"},"modified":"2023-07-04T20:32:11","modified_gmt":"2023-07-04T18:32:11","slug":"ponencia-de-ana-medina-en-la-5th-international-conference-on-economic-business-financial-and-institutional-translation-en-la-universidad-de-alicante-el-29-de-junio-de-2023","status":"publish","type":"post","link":"https:\/\/www.upo.es\/investiga\/comintrad\/ponencia-de-ana-medina-en-la-5th-international-conference-on-economic-business-financial-and-institutional-translation-en-la-universidad-de-alicante-el-29-de-junio-de-2023\/","title":{"rendered":"Ponencia de Ana Medina en la \u00ab5th International Conference on Economic, Business, Financial and Institutional Translation\u00bb en la Universidad de Alicante el 29 de junio de 2023."},"content":{"rendered":"\n<p>Los d\u00edas 29 y 30 de junio de 2023 se ha celebrado en la Universidad de Alicante el quinto congreso dirigido por el profesor Daniel Gallego sobre traducci\u00f3n econ\u00f3mica, comercial, financiera e institucional. <\/p>\n\n\n\n<p>La ponencia de Ana Medina vers\u00f3 sobre la evoluci\u00f3n pragm\u00e1tico-discursiva del sitio web corporativo y se enmarc\u00f3 en las actividades del proyecto \u00abComvence\u00bb financiado por la Junta de Andaluc\u00eda con Fondos FEDER (<a href=\"https:\/\/www.upo.es\/investiga\/comvence\" target=\"_blank\" rel=\"noreferrer noopener\">https:\/\/www.upo.es\/investiga\/comvence<\/a>)<\/p>\n\n\n\n<p>M\u00e4s informaci\u00f3n: <a href=\"https:\/\/dti.ua.es\/es\/tradeco\/icebfit\/2023\/presentacion-icebfit-2023.html\">Presentaci\u00f3n: ICEBFIT 2023. V Congreso internacional de traducci\u00f3n econ\u00f3mica, comercial, financiera e institucional (ua.es)<\/a><\/p>\n","protected":false},"excerpt":{"rendered":"<p>Los d\u00edas 29 y 30 de junio de 2023 se ha celebrado en la Universidad de Alicante el quinto congreso dirigido por el profesor Daniel Gallego sobre traducci\u00f3n&hellip;<\/p>\n","protected":false},"author":3,"featured_media":6057,"comment_status":"closed","ping_status":"open","sticky":false,"template":"","format":"standard","meta":{"footnotes":""},"categories":[21],"tags":[455,144,101,258],"class_list":["post-6056","post","type-post","status-publish","format-standard","has-post-thumbnail","hentry","category-noticias","tag-455","tag-ana-medina-es","tag-localizacion-web","tag-traduccion-economica-y-comercial"],"_links":{"self":[{"href":"https:\/\/www.upo.es\/investiga\/comintrad\/wp-json\/wp\/v2\/posts\/6056"}],"collection":[{"href":"https:\/\/www.upo.es\/investiga\/comintrad\/wp-json\/wp\/v2\/posts"}],"about":[{"href":"https:\/\/www.upo.es\/investiga\/comintrad\/wp-json\/wp\/v2\/types\/post"}],"author":[{"embeddable":true,"href":"https:\/\/www.upo.es\/investiga\/comintrad\/wp-json\/wp\/v2\/users\/3"}],"replies":[{"embeddable":true,"href":"https:\/\/www.upo.es\/investiga\/comintrad\/wp-json\/wp\/v2\/comments?post=6056"}],"version-history":[{"count":1,"href":"https:\/\/www.upo.es\/investiga\/comintrad\/wp-json\/wp\/v2\/posts\/6056\/revisions"}],"predecessor-version":[{"id":6058,"href":"https:\/\/www.upo.es\/investiga\/comintrad\/wp-json\/wp\/v2\/posts\/6056\/revisions\/6058"}],"wp:featuredmedia":[{"embeddable":true,"href":"https:\/\/www.upo.es\/investiga\/comintrad\/wp-json\/wp\/v2\/media\/6057"}],"wp:attachment":[{"href":"https:\/\/www.upo.es\/investiga\/comintrad\/wp-json\/wp\/v2\/media?parent=6056"}],"wp:term":[{"taxonomy":"category","embeddable":true,"href":"https:\/\/www.upo.es\/investiga\/comintrad\/wp-json\/wp\/v2\/categories?post=6056"},{"taxonomy":"post_tag","embeddable":true,"href":"https:\/\/www.upo.es\/investiga\/comintrad\/wp-json\/wp\/v2\/tags?post=6056"}],"curies":[{"name":"wp","href":"https:\/\/api.w.org\/{rel}","templated":true}]}}