{"id":644,"date":"2017-11-08T21:26:54","date_gmt":"2017-11-08T20:26:54","guid":{"rendered":"https:\/\/www.upo.es\/investiga\/comintrad\/?p=644"},"modified":"2021-03-20T22:12:14","modified_gmt":"2021-03-20T21:12:14","slug":"la-ii-jornada-inclutrad-inclusion-traduccion-y-discapacidad-tendra-lugar-el-1-de-diciembre-en-la-upo","status":"publish","type":"post","link":"https:\/\/www.upo.es\/investiga\/comintrad\/la-ii-jornada-inclutrad-inclusion-traduccion-y-discapacidad-tendra-lugar-el-1-de-diciembre-en-la-upo\/","title":{"rendered":"La UPO acoge la II Jornada INCLUTRAD: Inclusi\u00f3n, Traducci\u00f3n y Discapacidad"},"content":{"rendered":"\n<p>El 1 de Diciembre se celebrar\u00e1 la <em>II Jornada INCLUTRAD: Inclusi\u00f3n, Traducci\u00f3n y Discapacidad<\/em> en la Universidad Pablo de Olavide. La actividad est\u00e1 organizada por el grupo de investigaci\u00f3n COMINTRAD y profesores de la Facultad de Humanidades entre los que se encuentran Antonio Chica, Christiane Limbach, Alice Stender y Ana Mar\u00eda Medina, coordinadora de la jornada.<\/p>\n\n\n\n<p>En esta jornada sobre traducci\u00f3n y accesibilidad <em>tendremos la oportunidad de reflexionar sobre c\u00f3mo los traductores ayudan y trabajan por y para la inclusi\u00f3n de las personas con diversidad funcional con distintos perfiles<\/em>. \u00bfEn qu\u00e9 se diferencia el subtitulado de una pel\u00edcula en V.O. de un subtitulado para sordos? \u00bfEn qu\u00e9 consiste la t\u00e9cnica del rehablado? \u00bfPuede una persona ciega \u00absentir\u00bb un cuadro si se audiodescribe? \u00bfTienen los usuarios de museos con discapacidad la posibilidad de realizar visitas aut\u00f3nomas? \u00bfC\u00f3mo se comunican personas que ven y oyen, pero no pueden hablar ni signar por una discapacidad f\u00edsica? \u00bfC\u00f3mo se convierten textos complejos en textos accesibles para todos?<\/p>\n\n\n\n<p>Tradicionalmente, los estudios de Traducci\u00f3n e Interpretaci\u00f3n se han ocupado de formar a profesionales especializados en posibilitar la comunicaci\u00f3n entre personas que no comparten un mismo idioma. Sin embargo, en la actualidad, el concepto de traducci\u00f3n aborda tambi\u00e9n la eliminaci\u00f3n de barreras para el acceso a la informaci\u00f3n, el conocimiento, el ocio y la cultura de aquellas personas que tienen alg\u00fan tipo de discapacidad (sensorial, f\u00edsica o cognitiva).<\/p>\n\n\n\n<p>Si bien la lengua de signos, la audiodescripci\u00f3n para ciegos y el subtitulado para sordos cuentan con un amplio repertorio de investigaciones s\u00f3lidas, por su parte la lectura f\u00e1cil y la comunicaci\u00f3n aumentativa y alternativa representan terrenos todav\u00eda por descubrir para nuestros alumnos, profesionales y docentes.<\/p>\n\n\n\n<p>Esta jornada cuenta con la presencia de profesionales especializados en la traducci\u00f3n accesible, la comunicaci\u00f3n aumentativa, el subtitulado y la lengua de signos, entre otros. <\/p>\n\n\n\n<p>La actividad est\u00e1 financiada por el Dpto de Filolog\u00eda y Traducci\u00f3n y Facultad de Humanidades y est\u00e1 abierta a toda la comunidad universitaria. Los asistentes que deseen recibir un certificado de asistencia deben inscribirse enviando un correo electr\u00f3nico desde su direcci\u00f3n de la UPO con nombre completo y DNI a <a rel=\"noreferrer noopener\" href=\"mailto:inclutrad@upo.es\" target=\"_blank\">inclutrad@upo.es<\/a>.<\/p>\n\n\n\n<p>A continuaci\u00f3n puedes descargarte el programa de actividades previstas para la jornada. <\/p>\n\n\n\n<div class=\"wp-block-buttons alignleft is-layout-flex wp-block-buttons-is-layout-flex\">\n<div class=\"wp-block-button is-style-fill\"><a class=\"wp-block-button__link\" href=\"https:\/\/www.upo.es\/investiga\/comintrad\/wp-content\/uploads\/2020\/09\/Programa_inclutrad-II.pdf\" target=\"_blank\" rel=\"noreferrer noopener\">Descargar programa<\/a><\/div>\n<\/div>\n\n\n\n<p><\/p>\n\n\n\n<p><\/p>\n\n\n\n<div style=\"height:48px\" aria-hidden=\"true\" class=\"wp-block-spacer\"><\/div>\n\n\n\n<p>Foto de <a href=\"https:\/\/unsplash.com\/@macroman?utm_source=unsplash&amp;utm_medium=referral&amp;utm_content=creditCopyText\">Immo Wegmann<\/a> disponible en <a href=\"https:\/\/unsplash.com\/s\/photos\/subtitles?utm_source=unsplash&amp;utm_medium=referral&amp;utm_content=creditCopyText\">Unsplash<\/a><\/p>\n\n\n\n<div style=\"height:57px\" aria-hidden=\"true\" class=\"wp-block-spacer\"><\/div>\n\n\n\n<p><strong>Comparte esta noticia:<\/strong><\/p>\n\n\n","protected":false},"excerpt":{"rendered":"<p>El 1 de Diciembre se celebrar\u00e1 la II Jornada INCLUTRAD: Inclusi\u00f3n, Traducci\u00f3n y Discapacidad en la Universidad Pablo de Olavide. La actividad est\u00e1 organizada por el grupo de&hellip;<\/p>\n","protected":false},"author":1,"featured_media":1955,"comment_status":"closed","ping_status":"open","sticky":false,"template":"template-full-width.php","format":"standard","meta":{"footnotes":""},"categories":[21],"tags":[236,113,144,118,305,303,26,111],"class_list":["post-644","post","type-post","status-publish","format-standard","has-post-thumbnail","hentry","category-noticias","tag-236","tag-alice-stender","tag-ana-medina-es","tag-christiane-limbach","tag-discapacidad","tag-inclusion","tag-inclutrad","tag-traduccion-accesible"],"_links":{"self":[{"href":"https:\/\/www.upo.es\/investiga\/comintrad\/wp-json\/wp\/v2\/posts\/644"}],"collection":[{"href":"https:\/\/www.upo.es\/investiga\/comintrad\/wp-json\/wp\/v2\/posts"}],"about":[{"href":"https:\/\/www.upo.es\/investiga\/comintrad\/wp-json\/wp\/v2\/types\/post"}],"author":[{"embeddable":true,"href":"https:\/\/www.upo.es\/investiga\/comintrad\/wp-json\/wp\/v2\/users\/1"}],"replies":[{"embeddable":true,"href":"https:\/\/www.upo.es\/investiga\/comintrad\/wp-json\/wp\/v2\/comments?post=644"}],"version-history":[{"count":13,"href":"https:\/\/www.upo.es\/investiga\/comintrad\/wp-json\/wp\/v2\/posts\/644\/revisions"}],"predecessor-version":[{"id":2179,"href":"https:\/\/www.upo.es\/investiga\/comintrad\/wp-json\/wp\/v2\/posts\/644\/revisions\/2179"}],"wp:featuredmedia":[{"embeddable":true,"href":"https:\/\/www.upo.es\/investiga\/comintrad\/wp-json\/wp\/v2\/media\/1955"}],"wp:attachment":[{"href":"https:\/\/www.upo.es\/investiga\/comintrad\/wp-json\/wp\/v2\/media?parent=644"}],"wp:term":[{"taxonomy":"category","embeddable":true,"href":"https:\/\/www.upo.es\/investiga\/comintrad\/wp-json\/wp\/v2\/categories?post=644"},{"taxonomy":"post_tag","embeddable":true,"href":"https:\/\/www.upo.es\/investiga\/comintrad\/wp-json\/wp\/v2\/tags?post=644"}],"curies":[{"name":"wp","href":"https:\/\/api.w.org\/{rel}","templated":true}]}}