{"id":6491,"date":"2024-03-15T13:17:58","date_gmt":"2024-03-15T12:17:58","guid":{"rendered":"https:\/\/www.upo.es\/investiga\/comintrad\/?p=6491"},"modified":"2024-10-02T14:31:58","modified_gmt":"2024-10-02T12:31:58","slug":"italica-en-lectura-facil-visitas-accesibles-organizadas-por-el-grupo-comintrad-en-el-marco-de-la-v-semana-de-la-historia-de-la-upo","status":"publish","type":"post","link":"https:\/\/www.upo.es\/investiga\/comintrad\/italica-en-lectura-facil-visitas-accesibles-organizadas-por-el-grupo-comintrad-en-el-marco-de-la-v-semana-de-la-historia-de-la-upo\/","title":{"rendered":"It\u00e1lica en lectura f\u00e1cil: visitas accesibles organizadas por el grupo COMINTRAD en el marco de la \u00abV Semana de la Historia\u00bb de la UPO"},"content":{"rendered":"\n<p>Entre el 7 y el 15 de marzo ha tenido lugar la actividad de nuestro grupo de investigaci\u00f3n \u00abIt\u00e1lica en lectura f\u00e1cil\u00bb, que se ha celebrado en el marco de la V Semana de la Historia, un programa de transferencia y divulgaci\u00f3n organizado por la Universidad Pablo de Olavide. <\/p>\n\n\n\n<p>Con motivo de nuestro proyecto de investigaci\u00f3n VISUALECT, sobre patrimonio y lectura f\u00e1cil, este a\u00f1o hemos ofrecido a todos los centros de Secundaria que cuentan con aulas espec\u00edficas, as\u00ed como a los CEE (centros de educaci\u00f3n especial, tercer ciclo y FP b\u00e1sica y Programa de Transici\u00f3n a la Vida Adulta y Laboral) inscribirse en esta actividad para conocer mejor la ciudad de It\u00e1lica.<\/p>\n\n\n\n<p>La actividad se ha desarrollado en dos fases. En una primera visita, los investigadores nos hemos trasladado a los centros, hemos obtenido informaci\u00f3n sobre el alumnado y hemos le\u00eddo con ellos unos textos previamente adaptados a lectura f\u00e1cil y pictogramas, con dos niveles de adaptaci\u00f3n. <\/p>\n\n\n\n<p>En la segunda fase, los centros se han agrupado y han ido hasta It\u00e1lica, donde hemos tenido una visita cognitivamente accesible. Finalmente, hemos hecho un test final, para comprobar los aprendizajes del alumnado y recoger el grado de satisfacci\u00f3n del alumnado y profesorado. <\/p>\n\n\n\n<p>Los profesores participantes han sido Ana Medina, IP del proyecto, Manuel Alejandro Gonz\u00e1lez Mu\u00f1oz, profesor de Historia Antigua y experto en It\u00e1lica, Desir\u00e9 Avil\u00e9s y Carmen Moreno, doctorandas del proyecto. <\/p>\n\n\n\n<p>Los centros participantes han sido nueve: IES Cantely, IES Miguel Servet, IES Chaves Nogales, IES Torre de los Herberos, IES Mariana Pineda, CDP Mar\u00eda Zambrano, IES Pablo Picasso (Alcosa), IES Julio Verne y el CEE Virgen Macarena. El alumnado participante y su profesorado acompa\u00f1ante a la visita se distribuyeron en cuatro turnos de 35 personas cada uno.<\/p>\n\n\n\n<p>El proyecto PID2020-118775RB-C22 <em>Sistemas pictogr\u00e1ficos y elementos visuales para comprender el patrimonio. Traducci\u00f3n intersemi\u00f3tica a lectura f\u00e1cil VISUALECT<\/em> est\u00e1 financiado por MCIN\/ AEI \/10.13039\/501100011033.<\/p>\n\n\n\n<figure class=\"wp-block-image size-full\"><img loading=\"lazy\" decoding=\"async\" width=\"360\" height=\"140\" src=\"https:\/\/www.upo.es\/investiga\/comintrad\/wp-content\/uploads\/2022\/05\/descargar.png\" alt=\"\" class=\"wp-image-5056\" srcset=\"https:\/\/www.upo.es\/investiga\/comintrad\/wp-content\/uploads\/2022\/05\/descargar.png 360w, https:\/\/www.upo.es\/investiga\/comintrad\/wp-content\/uploads\/2022\/05\/descargar-300x117.png 300w\" sizes=\"(max-width: 360px) 100vw, 360px\" \/><\/figure>\n\n\n\n<figure class=\"wp-block-image size-large\"><img loading=\"lazy\" decoding=\"async\" width=\"1024\" height=\"691\" src=\"https:\/\/www.upo.es\/investiga\/comintrad\/wp-content\/uploads\/2024\/10\/Sin-titulo-1080-\u00d7-729-px-19-1-1024x691.png\" alt=\"\" class=\"wp-image-6498\" srcset=\"https:\/\/www.upo.es\/investiga\/comintrad\/wp-content\/uploads\/2024\/10\/Sin-titulo-1080-\u00d7-729-px-19-1-1024x691.png 1024w, https:\/\/www.upo.es\/investiga\/comintrad\/wp-content\/uploads\/2024\/10\/Sin-titulo-1080-\u00d7-729-px-19-1-300x203.png 300w, https:\/\/www.upo.es\/investiga\/comintrad\/wp-content\/uploads\/2024\/10\/Sin-titulo-1080-\u00d7-729-px-19-1-768x518.png 768w, https:\/\/www.upo.es\/investiga\/comintrad\/wp-content\/uploads\/2024\/10\/Sin-titulo-1080-\u00d7-729-px-19-1-540x365.png 540w, https:\/\/www.upo.es\/investiga\/comintrad\/wp-content\/uploads\/2024\/10\/Sin-titulo-1080-\u00d7-729-px-19-1.png 1080w\" sizes=\"(max-width: 1024px) 100vw, 1024px\" \/><\/figure>\n\n\n\n<figure class=\"wp-block-image size-large\"><img loading=\"lazy\" decoding=\"async\" width=\"1024\" height=\"691\" src=\"https:\/\/www.upo.es\/investiga\/comintrad\/wp-content\/uploads\/2024\/10\/Sin-titulo-1080-\u00d7-729-px-20-1024x691.png\" alt=\"\" class=\"wp-image-6500\" srcset=\"https:\/\/www.upo.es\/investiga\/comintrad\/wp-content\/uploads\/2024\/10\/Sin-titulo-1080-\u00d7-729-px-20-1024x691.png 1024w, https:\/\/www.upo.es\/investiga\/comintrad\/wp-content\/uploads\/2024\/10\/Sin-titulo-1080-\u00d7-729-px-20-300x203.png 300w, https:\/\/www.upo.es\/investiga\/comintrad\/wp-content\/uploads\/2024\/10\/Sin-titulo-1080-\u00d7-729-px-20-768x518.png 768w, https:\/\/www.upo.es\/investiga\/comintrad\/wp-content\/uploads\/2024\/10\/Sin-titulo-1080-\u00d7-729-px-20-540x365.png 540w, https:\/\/www.upo.es\/investiga\/comintrad\/wp-content\/uploads\/2024\/10\/Sin-titulo-1080-\u00d7-729-px-20.png 1080w\" sizes=\"(max-width: 1024px) 100vw, 1024px\" \/><\/figure>\n\n\n\n<figure class=\"wp-block-image size-large\"><img loading=\"lazy\" decoding=\"async\" width=\"1024\" height=\"691\" src=\"https:\/\/www.upo.es\/investiga\/comintrad\/wp-content\/uploads\/2024\/10\/Sin-titulo-1080-\u00d7-729-px-21-1024x691.png\" alt=\"\" class=\"wp-image-6497\" srcset=\"https:\/\/www.upo.es\/investiga\/comintrad\/wp-content\/uploads\/2024\/10\/Sin-titulo-1080-\u00d7-729-px-21-1024x691.png 1024w, https:\/\/www.upo.es\/investiga\/comintrad\/wp-content\/uploads\/2024\/10\/Sin-titulo-1080-\u00d7-729-px-21-300x203.png 300w, https:\/\/www.upo.es\/investiga\/comintrad\/wp-content\/uploads\/2024\/10\/Sin-titulo-1080-\u00d7-729-px-21-768x518.png 768w, https:\/\/www.upo.es\/investiga\/comintrad\/wp-content\/uploads\/2024\/10\/Sin-titulo-1080-\u00d7-729-px-21-540x365.png 540w, https:\/\/www.upo.es\/investiga\/comintrad\/wp-content\/uploads\/2024\/10\/Sin-titulo-1080-\u00d7-729-px-21.png 1080w\" sizes=\"(max-width: 1024px) 100vw, 1024px\" \/><\/figure>\n","protected":false},"excerpt":{"rendered":"<p>Entre el 7 y el 15 de marzo ha tenido lugar la actividad de nuestro grupo de investigaci\u00f3n \u00abIt\u00e1lica en lectura f\u00e1cil\u00bb, que se ha celebrado en el&hellip;<\/p>\n","protected":false},"author":3,"featured_media":6495,"comment_status":"closed","ping_status":"open","sticky":false,"template":"","format":"standard","meta":{"footnotes":""},"categories":[208,21],"tags":[492,177,144,112,469,111],"class_list":["post-6491","post","type-post","status-publish","format-standard","has-post-thumbnail","hentry","category-actividades","category-noticias","tag-492","tag-accesibilidad","tag-ana-medina-es","tag-lectura-facil","tag-proyecto-visualect","tag-traduccion-accesible"],"_links":{"self":[{"href":"https:\/\/www.upo.es\/investiga\/comintrad\/wp-json\/wp\/v2\/posts\/6491"}],"collection":[{"href":"https:\/\/www.upo.es\/investiga\/comintrad\/wp-json\/wp\/v2\/posts"}],"about":[{"href":"https:\/\/www.upo.es\/investiga\/comintrad\/wp-json\/wp\/v2\/types\/post"}],"author":[{"embeddable":true,"href":"https:\/\/www.upo.es\/investiga\/comintrad\/wp-json\/wp\/v2\/users\/3"}],"replies":[{"embeddable":true,"href":"https:\/\/www.upo.es\/investiga\/comintrad\/wp-json\/wp\/v2\/comments?post=6491"}],"version-history":[{"count":2,"href":"https:\/\/www.upo.es\/investiga\/comintrad\/wp-json\/wp\/v2\/posts\/6491\/revisions"}],"predecessor-version":[{"id":6501,"href":"https:\/\/www.upo.es\/investiga\/comintrad\/wp-json\/wp\/v2\/posts\/6491\/revisions\/6501"}],"wp:featuredmedia":[{"embeddable":true,"href":"https:\/\/www.upo.es\/investiga\/comintrad\/wp-json\/wp\/v2\/media\/6495"}],"wp:attachment":[{"href":"https:\/\/www.upo.es\/investiga\/comintrad\/wp-json\/wp\/v2\/media?parent=6491"}],"wp:term":[{"taxonomy":"category","embeddable":true,"href":"https:\/\/www.upo.es\/investiga\/comintrad\/wp-json\/wp\/v2\/categories?post=6491"},{"taxonomy":"post_tag","embeddable":true,"href":"https:\/\/www.upo.es\/investiga\/comintrad\/wp-json\/wp\/v2\/tags?post=6491"}],"curies":[{"name":"wp","href":"https:\/\/api.w.org\/{rel}","templated":true}]}}