{"id":6525,"date":"2024-06-07T10:38:23","date_gmt":"2024-06-07T08:38:23","guid":{"rendered":"https:\/\/www.upo.es\/investiga\/comintrad\/?p=6525"},"modified":"2025-07-30T14:31:42","modified_gmt":"2025-07-30T12:31:42","slug":"mesa-redonda-sobre-lectura-facil-en-las-jornadas-del-proyecto-ihes","status":"publish","type":"post","link":"https:\/\/www.upo.es\/investiga\/comintrad\/mesa-redonda-sobre-lectura-facil-en-las-jornadas-del-proyecto-ihes\/","title":{"rendered":"Participaci\u00f3n de Ana Medina sobre lectura f\u00e1cil en las jornadas del proyecto europeo IHES"},"content":{"rendered":"\n<p>El proyecto&nbsp;<a href=\"https:\/\/ihes.pixel-online.org\/\">Sistemas de Educaci\u00f3n Superior Inclusivos para Estudiantes con Discapacidad Intelectual<\/a>&nbsp;(IHES<em>, Inclusive Higher Education Systems for students with intellectual disabilities<\/em>), cofinanciado por la Uni\u00f3n Europea como parte del programa Erasmus+ y coordinado por la Universidad Pablo de Olavide, ha presentado esta ma\u00f1ana en el campus sus conclusiones y trabajos cient\u00edficos. <\/p>\n\n\n\n<p>La adaptaci\u00f3n de los contenidos a lectura f\u00e1cil fue desarrollada por la Asociaci\u00f3n Paz y Bien y el grupo de investigaci\u00f3n COMINTRAD. Las profesoras Ana Medina, Patricia Balaguer y Desir\u00e9e Avil\u00e9s fueron las encargadas de dar formaci\u00f3n y asesoramiento a la Asociaci\u00f3n, en trabajos coordinados por Jos\u00e9 Luis Gordillo. Esta colaboraci\u00f3n con el proyecto IHES, liderado por la profesora de la UPO Rosa D\u00edaz Jim\u00e9nez, se desarrollaron durante el curso 2022-23 y 23-24. <\/p>\n\n\n\n<p>La mesa redonda tuvo lugar el 7 de junio de 2024 con el t\u00edtulo \u00abEl conocimiento para todos\/as como llave para la inclusi\u00f3n. Conversaciones sobre Lectura f\u00e1cil.\u00bb y estuvo formada por:<\/p>\n\n\n\n<div class=\"wp-block-group is-vertical is-layout-flex wp-container-core-group-is-layout-1 wp-block-group-is-layout-flex\">\n<ul class=\"wp-block-list\">\n<li><strong>D\u00f1a. Ana Medina Reguera.&nbsp;<\/strong>Universidad Pablo Olavide<\/li>\n<\/ul>\n\n\n\n<ul class=\"wp-block-list\">\n<li><strong>D. Carlos Arbizu Sabater.&nbsp;<\/strong>Validador Lectura F\u00e1cil. Asociaci\u00f3n Paz y Bien<strong>&nbsp;<\/strong><\/li>\n<\/ul>\n\n\n\n<ul class=\"wp-block-list\">\n<li><strong>D. Enrique Malvar de los Reyes.&nbsp;<\/strong>Validador Lectura F\u00e1cil. Asociaci\u00f3n Paz y Bien<strong>&nbsp;<\/strong><\/li>\n<\/ul>\n\n\n\n<ul class=\"wp-block-list\">\n<li>Facilitadora:&nbsp;<strong>D\u00f1a. Ana Masero Garc\u00eda.&nbsp;<\/strong>Asociaci\u00f3n Paz y Bien<strong>&nbsp;<\/strong><\/li>\n<\/ul>\n<\/div>\n\n\n\n<p>M\u00e1s informaci\u00f3n: <\/p>\n\n\n\n<p><a href=\"https:\/\/pazbien.org\/2024\/06\/07\/las-personas-con-discapacidad-intelectual-no-pueden-acceder-a-estudios-superiores-en-igualdad-de-condiciones\/\">Las personas con discapacidad intelectual no pueden acceder a estudios superiores en igualdad de condiciones \u2013 Asociaci\u00f3n Paz y Bien (pazbien.org)<\/a><\/p>\n\n\n\n<p><a href=\"https:\/\/ihes.pixel-online.org\/conferences_report.php?id_act=18\">IHES Project (pixel-online.org)<\/a><\/p>\n\n\n\n<p><a href=\"https:\/\/eventos.upo.es\/115108\/programme\/conferencia-final-proyecto-ihes.html\">Conferencia final proyecto IHES &#8211; Inicio (upo.es)<\/a><\/p>\n\n\n\n<figure class=\"wp-block-image size-large\"><img loading=\"lazy\" decoding=\"async\" width=\"1024\" height=\"691\" src=\"https:\/\/www.upo.es\/investiga\/comintrad\/wp-content\/uploads\/2024\/06\/Sin-titulo-1080-\u00d7-729-px-2-1024x691.jpg\" alt=\"Ana Medina Reguera y Jos\u00e9 Luis Gordillo Asociaci\u00f3n Paz y Bien\" class=\"wp-image-6541\" srcset=\"https:\/\/www.upo.es\/investiga\/comintrad\/wp-content\/uploads\/2024\/06\/Sin-titulo-1080-\u00d7-729-px-2-1024x691.jpg 1024w, https:\/\/www.upo.es\/investiga\/comintrad\/wp-content\/uploads\/2024\/06\/Sin-titulo-1080-\u00d7-729-px-2-300x203.jpg 300w, https:\/\/www.upo.es\/investiga\/comintrad\/wp-content\/uploads\/2024\/06\/Sin-titulo-1080-\u00d7-729-px-2-768x518.jpg 768w, https:\/\/www.upo.es\/investiga\/comintrad\/wp-content\/uploads\/2024\/06\/Sin-titulo-1080-\u00d7-729-px-2-540x365.jpg 540w, https:\/\/www.upo.es\/investiga\/comintrad\/wp-content\/uploads\/2024\/06\/Sin-titulo-1080-\u00d7-729-px-2.jpg 1080w\" sizes=\"(max-width: 1024px) 100vw, 1024px\" \/><\/figure>\n","protected":false},"excerpt":{"rendered":"<p>El proyecto&nbsp;Sistemas de Educaci\u00f3n Superior Inclusivos para Estudiantes con Discapacidad Intelectual&nbsp;(IHES, Inclusive Higher Education Systems for students with intellectual disabilities), cofinanciado por la Uni\u00f3n Europea como parte del&hellip;<\/p>\n","protected":false},"author":3,"featured_media":6540,"comment_status":"closed","ping_status":"open","sticky":false,"template":"","format":"standard","meta":{"footnotes":""},"categories":[21],"tags":[492,177,144,289,112,111],"class_list":["post-6525","post","type-post","status-publish","format-standard","has-post-thumbnail","hentry","category-noticias","tag-492","tag-accesibilidad","tag-ana-medina-es","tag-fevida","tag-lectura-facil","tag-traduccion-accesible"],"_links":{"self":[{"href":"https:\/\/www.upo.es\/investiga\/comintrad\/wp-json\/wp\/v2\/posts\/6525"}],"collection":[{"href":"https:\/\/www.upo.es\/investiga\/comintrad\/wp-json\/wp\/v2\/posts"}],"about":[{"href":"https:\/\/www.upo.es\/investiga\/comintrad\/wp-json\/wp\/v2\/types\/post"}],"author":[{"embeddable":true,"href":"https:\/\/www.upo.es\/investiga\/comintrad\/wp-json\/wp\/v2\/users\/3"}],"replies":[{"embeddable":true,"href":"https:\/\/www.upo.es\/investiga\/comintrad\/wp-json\/wp\/v2\/comments?post=6525"}],"version-history":[{"count":2,"href":"https:\/\/www.upo.es\/investiga\/comintrad\/wp-json\/wp\/v2\/posts\/6525\/revisions"}],"predecessor-version":[{"id":6542,"href":"https:\/\/www.upo.es\/investiga\/comintrad\/wp-json\/wp\/v2\/posts\/6525\/revisions\/6542"}],"wp:featuredmedia":[{"embeddable":true,"href":"https:\/\/www.upo.es\/investiga\/comintrad\/wp-json\/wp\/v2\/media\/6540"}],"wp:attachment":[{"href":"https:\/\/www.upo.es\/investiga\/comintrad\/wp-json\/wp\/v2\/media?parent=6525"}],"wp:term":[{"taxonomy":"category","embeddable":true,"href":"https:\/\/www.upo.es\/investiga\/comintrad\/wp-json\/wp\/v2\/categories?post=6525"},{"taxonomy":"post_tag","embeddable":true,"href":"https:\/\/www.upo.es\/investiga\/comintrad\/wp-json\/wp\/v2\/tags?post=6525"}],"curies":[{"name":"wp","href":"https:\/\/api.w.org\/{rel}","templated":true}]}}