{"id":6530,"date":"2024-05-31T08:56:50","date_gmt":"2024-05-31T06:56:50","guid":{"rendered":"https:\/\/www.upo.es\/investiga\/comintrad\/?p=6530"},"modified":"2025-01-08T14:25:58","modified_gmt":"2025-01-08T13:25:58","slug":"conferencia-en-el-congreso-breaking-barriers-en-barcelona","status":"publish","type":"post","link":"https:\/\/www.upo.es\/investiga\/comintrad\/conferencia-en-el-congreso-breaking-barriers-en-barcelona\/","title":{"rendered":"Conferencia de Ana Medina en la II Breaking Barriers Conference Tecnolog\u00eda de Apoyo y Comunicaci\u00f3n Aumentativa"},"content":{"rendered":"\n<p>Los d\u00edas 30 y 31 de mayo y 1 de junio ha tenido lugar el II Congreso sobre  Tecnolog\u00eda de Apoyo y Comunicaci\u00f3n Aumentativa y Alternativa para la Comunicaci\u00f3n de la Fundaci\u00f3n Romper Barreras.<\/p>\n\n\n\n<p>La profesora Ana Medina ha participado con una ponencia sobre comunicaci\u00f3n pictogr\u00e1fica en el \u00e1mbito jur\u00eddico con el t\u00edtulo \u00abComunicaci\u00f3n Aumentativa y alternativa en el \u00e1mbito jur\u00eddico: gu\u00eda para operadores<br>jur\u00eddicos y facilitadores\u00bb. La ponencia est\u00e1 relacionada con una monograf\u00eda recientemente publicada con el t\u00edtulo <em>Comunicaci\u00f3n aumentativa y alternativa en el \u00e1mbito jur\u00eddico. Gu\u00eda para operadores jur\u00eddicos y facilitadores<\/em> y firmada junto con las investigadoras Ruth Candela, de la UOC, y Bego\u00f1a Llor\u00e9ns, de la UVA, con quienes comparti\u00f3 la sesi\u00f3n.<\/p>\n\n\n\n<p>Ana Medina dirige el proyecto de I+D sobre im\u00e1genes y pictogramas en lectura f\u00e1cil del grupo COMINTRAD. I+D+i \u00abVISUALECT: Sistemas pictogr\u00e1ficos y elementos visuales para comprender el patrimonio. Traducci\u00f3n intersemi\u00f3tica a Lectura F\u00e1cil\u00bb (PID2020-118775RB-C22), financiado por MCIN\/AEI\/10.13039\/501100011033.<\/p>\n\n\n\n<p>M\u00e1s informaci\u00f3n: <a href=\"https:\/\/bbcbarcelona.com\/\">Inicio &#8211; BBC Barcelona 2024<\/a><\/p>\n\n\n\n<figure class=\"wp-block-image size-large\"><img loading=\"lazy\" decoding=\"async\" width=\"1024\" height=\"691\" src=\"https:\/\/www.upo.es\/investiga\/comintrad\/wp-content\/uploads\/2024\/10\/Sin-titulo-1080-\u00d7-729-px-1024x691.jpg\" alt=\"\" class=\"wp-image-6534\" srcset=\"https:\/\/www.upo.es\/investiga\/comintrad\/wp-content\/uploads\/2024\/10\/Sin-titulo-1080-\u00d7-729-px-1024x691.jpg 1024w, https:\/\/www.upo.es\/investiga\/comintrad\/wp-content\/uploads\/2024\/10\/Sin-titulo-1080-\u00d7-729-px-300x203.jpg 300w, https:\/\/www.upo.es\/investiga\/comintrad\/wp-content\/uploads\/2024\/10\/Sin-titulo-1080-\u00d7-729-px-768x518.jpg 768w, https:\/\/www.upo.es\/investiga\/comintrad\/wp-content\/uploads\/2024\/10\/Sin-titulo-1080-\u00d7-729-px-540x365.jpg 540w, https:\/\/www.upo.es\/investiga\/comintrad\/wp-content\/uploads\/2024\/10\/Sin-titulo-1080-\u00d7-729-px.jpg 1080w\" sizes=\"(max-width: 1024px) 100vw, 1024px\" \/><\/figure>\n","protected":false},"excerpt":{"rendered":"<p>Los d\u00edas 30 y 31 de mayo y 1 de junio ha tenido lugar el II Congreso sobre Tecnolog\u00eda de Apoyo y Comunicaci\u00f3n Aumentativa y Alternativa para la&hellip;<\/p>\n","protected":false},"author":3,"featured_media":6533,"comment_status":"closed","ping_status":"open","sticky":false,"template":"","format":"standard","meta":{"footnotes":""},"categories":[21],"tags":[492,144,291,363,111],"class_list":["post-6530","post","type-post","status-publish","format-standard","has-post-thumbnail","hentry","category-noticias","tag-492","tag-ana-medina-es","tag-caa","tag-caa-asistida-por-tecnologia","tag-traduccion-accesible"],"_links":{"self":[{"href":"https:\/\/www.upo.es\/investiga\/comintrad\/wp-json\/wp\/v2\/posts\/6530"}],"collection":[{"href":"https:\/\/www.upo.es\/investiga\/comintrad\/wp-json\/wp\/v2\/posts"}],"about":[{"href":"https:\/\/www.upo.es\/investiga\/comintrad\/wp-json\/wp\/v2\/types\/post"}],"author":[{"embeddable":true,"href":"https:\/\/www.upo.es\/investiga\/comintrad\/wp-json\/wp\/v2\/users\/3"}],"replies":[{"embeddable":true,"href":"https:\/\/www.upo.es\/investiga\/comintrad\/wp-json\/wp\/v2\/comments?post=6530"}],"version-history":[{"count":3,"href":"https:\/\/www.upo.es\/investiga\/comintrad\/wp-json\/wp\/v2\/posts\/6530\/revisions"}],"predecessor-version":[{"id":6673,"href":"https:\/\/www.upo.es\/investiga\/comintrad\/wp-json\/wp\/v2\/posts\/6530\/revisions\/6673"}],"wp:featuredmedia":[{"embeddable":true,"href":"https:\/\/www.upo.es\/investiga\/comintrad\/wp-json\/wp\/v2\/media\/6533"}],"wp:attachment":[{"href":"https:\/\/www.upo.es\/investiga\/comintrad\/wp-json\/wp\/v2\/media?parent=6530"}],"wp:term":[{"taxonomy":"category","embeddable":true,"href":"https:\/\/www.upo.es\/investiga\/comintrad\/wp-json\/wp\/v2\/categories?post=6530"},{"taxonomy":"post_tag","embeddable":true,"href":"https:\/\/www.upo.es\/investiga\/comintrad\/wp-json\/wp\/v2\/tags?post=6530"}],"curies":[{"name":"wp","href":"https:\/\/api.w.org\/{rel}","templated":true}]}}