{"id":684,"date":"2019-06-09T20:34:37","date_gmt":"2019-06-09T18:34:37","guid":{"rendered":"https:\/\/www.upo.es\/investiga\/comintrad\/?p=684"},"modified":"2021-03-17T17:57:17","modified_gmt":"2021-03-17T16:57:17","slug":"la-upo-organiza-las-iii-jornadas-inclutrad-accesibilidad-discapacidad-y-traduccion-en-colaboracion-con-cermi","status":"publish","type":"post","link":"https:\/\/www.upo.es\/investiga\/comintrad\/la-upo-organiza-las-iii-jornadas-inclutrad-accesibilidad-discapacidad-y-traduccion-en-colaboracion-con-cermi\/","title":{"rendered":"La UPO organiza las III Jornadas INCLUTRAD en colaboraci\u00f3n con CERMI"},"content":{"rendered":"\n<figure class=\"wp-block-image size-large\"><img loading=\"lazy\" decoding=\"async\" width=\"1024\" height=\"691\" src=\"https:\/\/www.upo.es\/investiga\/comintrad\/wp-content\/uploads\/2020\/09\/Inclutrad-2019-1024x691.jpg\" alt=\"Cartel Jornadas de Accesibilidad, Discapacidad y Traducci\u00f3n\" class=\"wp-image-1128\" srcset=\"https:\/\/www.upo.es\/investiga\/comintrad\/wp-content\/uploads\/2020\/09\/Inclutrad-2019-1024x691.jpg 1024w, https:\/\/www.upo.es\/investiga\/comintrad\/wp-content\/uploads\/2020\/09\/Inclutrad-2019-300x203.jpg 300w, https:\/\/www.upo.es\/investiga\/comintrad\/wp-content\/uploads\/2020\/09\/Inclutrad-2019-768x518.jpg 768w, https:\/\/www.upo.es\/investiga\/comintrad\/wp-content\/uploads\/2020\/09\/Inclutrad-2019-540x365.jpg 540w, https:\/\/www.upo.es\/investiga\/comintrad\/wp-content\/uploads\/2020\/09\/Inclutrad-2019.jpg 1080w\" sizes=\"(max-width: 1024px) 100vw, 1024px\" \/><\/figure>\n\n\n\n<p>Los d\u00edas 13 y 14 de junio tendr\u00e1n lugar en la Universidad Pablo de Olavide las&nbsp;<strong>III Jornadas INCLUTRAD: Accesibilidad, Discapacidad y Traducci\u00f3n<\/strong>, un encuentro organizado por la UPO con la colaboraci\u00f3n del Comit\u00e9 de Entidades Representantes de Personas con Discapacidad de Andaluc\u00eda (CERMI).<\/p>\n\n\n\n<p>La inauguraci\u00f3n ha tenido lugar durante la ma\u00f1ana de hoy, en la sala de grados del edificio 7 de la Universidad Pablo de Olavide, presidida por&nbsp;<strong>Elodia Hern\u00e1ndez Le\u00f3n<\/strong>, vicerrectora de Cultura y Compromiso Social de la UPO, quien estuvo acompa\u00f1ada por&nbsp;<strong>Mercedes M\u00aa L\u00f3pez Romero<\/strong>, directora general de Personas con Discapacidad e Inclusi\u00f3n de la Consejer\u00eda de Igualdad, Pol\u00edticas Sociales y Conciliaci\u00f3n de la Junta de Andaluc\u00eda;&nbsp;<strong>Antonio Hermoso<\/strong>, presidente del CERMI Andaluc\u00eda;&nbsp;<strong>Rosario Moreno<\/strong>, decana de la Facultad de Humanidades de la UPO; &nbsp;y&nbsp;<strong>Ana Medina<\/strong>, coordinadora de las Jornadas INCLUTRAD.<\/p>\n\n\n\n<p>Estas jornadas pretenden ser&nbsp;<strong>un lugar de encuentro del que partir hacia una comunidad universitaria inclusiva de calidad<\/strong>, as\u00ed como una actividad para la formaci\u00f3n en materia de accesibilidad de estudiantes y profesores. As\u00ed, el encuentro consta de ponencias y mesas redondas en las que participar\u00e1n profesionales de la audiodescripci\u00f3n, el subtitulado, la lengua de signos, la comunicaci\u00f3n mediada por dispositivos de alta tecnolog\u00eda o la accesibilidad cognitiva, entre otras modalidades, as\u00ed como profesionales en estrategias de acceso a la informaci\u00f3n y a la comunicaci\u00f3n.<\/p>\n\n\n\n<p>Adem\u00e1s, junto a expertos investigadores de varias universidades espa\u00f1olas, se aportar\u00e1 la&nbsp;<strong>visi\u00f3n del tercer sector y de la empresa<\/strong>, en concreto de la Fundaci\u00f3n Universia Santander, Ilunion Tecnolog\u00eda y Accesibilidad, el Ceapat (Centro de Referencia Estatal de Autonom\u00eda Personal y Ayudas T\u00e9cnicas) del Imserso, y empresas del sector privado como BJ Adaptaciones, Media Pro y DRJ Consulting.<\/p>\n\n\n\n<p>As\u00ed, el acceso a la educaci\u00f3n superior, la formaci\u00f3n universitaria inclusiva, la accesibilidad de los contenidos, el derecho a las adaptaciones y a los apoyos necesarios para los estudios, as\u00ed como el funcionamiento de las unidades t\u00e9cnicas de atenci\u00f3n a la diversidad y los protocolos de actuaci\u00f3n, son algunos temas que se abordar\u00e1n en este encuentro.<\/p>\n\n\n\n<p>Las jornadas est\u00e1n organizadas por los investigadores de traducci\u00f3n accesible del&nbsp;<strong>Departamento de Filolog\u00eda y Traducci\u00f3n<\/strong>&nbsp;Ana Medina, Antonio Chica, Christiane Limbach, Alice Stender, y Cristina Ram\u00edrez, con la colaboraci\u00f3n de la Facultad de Humanidades y el Vicerrectorado de Cultura y Compromiso Social, as\u00ed como del Instituto Superior de Estudios Ling\u00fc\u00edsticos y Traducci\u00f3n y CERMI Andaluc\u00eda.<\/p>\n\n\n\n<p>Las jornadas finalizar\u00e1n el d\u00eda 14 de junio, D\u00eda Nacional de las Lenguas de Signos Espa\u00f1olas, efem\u00e9ride adoptada por el Consejo de Ministros en 2014 para fomentar, valorar y normalizar su uso.<\/p>\n\n\n\n<p>El programa completo de estas jornadas est\u00e1 disponible a continuaci\u00f3n<\/p>\n\n\n\n<div class=\"wp-block-buttons is-layout-flex wp-block-buttons-is-layout-flex\">\n<div class=\"wp-block-button\"><a class=\"wp-block-button__link\">Descargar programa<\/a><\/div>\n<\/div>\n\n\n\n<div style=\"height:57px\" aria-hidden=\"true\" class=\"wp-block-spacer\"><\/div>\n\n\n\n<p><strong>Comparte esta noticia:<\/strong><\/p>\n\n\n","protected":false},"excerpt":{"rendered":"<p>Los d\u00edas 13 y 14 de junio tendr\u00e1n lugar en la Universidad Pablo de Olavide las&nbsp;III Jornadas INCLUTRAD: Accesibilidad, Discapacidad y Traducci\u00f3n, un encuentro organizado por la UPO&hellip;<\/p>\n","protected":false},"author":1,"featured_media":1128,"comment_status":"closed","ping_status":"open","sticky":false,"template":"","format":"standard","meta":{"footnotes":""},"categories":[21],"tags":[232,26,156,111],"class_list":["post-684","post","type-post","status-publish","format-standard","has-post-thumbnail","hentry","category-noticias","tag-232","tag-inclutrad","tag-jornadas","tag-traduccion-accesible"],"_links":{"self":[{"href":"https:\/\/www.upo.es\/investiga\/comintrad\/wp-json\/wp\/v2\/posts\/684"}],"collection":[{"href":"https:\/\/www.upo.es\/investiga\/comintrad\/wp-json\/wp\/v2\/posts"}],"about":[{"href":"https:\/\/www.upo.es\/investiga\/comintrad\/wp-json\/wp\/v2\/types\/post"}],"author":[{"embeddable":true,"href":"https:\/\/www.upo.es\/investiga\/comintrad\/wp-json\/wp\/v2\/users\/1"}],"replies":[{"embeddable":true,"href":"https:\/\/www.upo.es\/investiga\/comintrad\/wp-json\/wp\/v2\/comments?post=684"}],"version-history":[{"count":9,"href":"https:\/\/www.upo.es\/investiga\/comintrad\/wp-json\/wp\/v2\/posts\/684\/revisions"}],"predecessor-version":[{"id":3174,"href":"https:\/\/www.upo.es\/investiga\/comintrad\/wp-json\/wp\/v2\/posts\/684\/revisions\/3174"}],"wp:featuredmedia":[{"embeddable":true,"href":"https:\/\/www.upo.es\/investiga\/comintrad\/wp-json\/wp\/v2\/media\/1128"}],"wp:attachment":[{"href":"https:\/\/www.upo.es\/investiga\/comintrad\/wp-json\/wp\/v2\/media?parent=684"}],"wp:term":[{"taxonomy":"category","embeddable":true,"href":"https:\/\/www.upo.es\/investiga\/comintrad\/wp-json\/wp\/v2\/categories?post=684"},{"taxonomy":"post_tag","embeddable":true,"href":"https:\/\/www.upo.es\/investiga\/comintrad\/wp-json\/wp\/v2\/tags?post=684"}],"curies":[{"name":"wp","href":"https:\/\/api.w.org\/{rel}","templated":true}]}}