{"id":90,"date":"2020-08-24T17:54:11","date_gmt":"2020-08-24T15:54:11","guid":{"rendered":"https:\/\/www.upo.es\/investiga\/comintrad\/?p=90"},"modified":"2025-12-16T23:36:14","modified_gmt":"2025-12-16T22:36:14","slug":"carmen-alvarez-garcia","status":"publish","type":"post","link":"https:\/\/www.upo.es\/investiga\/comintrad\/carmen-alvarez-garcia\/","title":{"rendered":"Carmen \u00c1lvarez Garc\u00eda"},"content":{"rendered":"\n<p>Soy <em>Doctora internacional<\/em> por la Universidad Pablo de Olavide (Sevilla),  <em>Licenciada en Ciencias Econ\u00f3micas y Empresariales<\/em> <em>(especialidades comercial y auditor\u00eda)<\/em> y <em>Licenciada en Traducci\u00f3n e Interpretaci\u00f3n (ingl\u00e9s y alem\u00e1n)<\/em>. He complementado dicha formaci\u00f3n a trav\u00e9s de diversos m\u00e1steres, en <em>Traducci\u00f3n, Mediaci\u00f3n Cultural e Interpretaci\u00f3n <\/em>(2009); en <em>Formaci\u00f3n de Profesorado<\/em> (2014); y <em>en Auditor\u00eda<\/em> (2003). Todo ello, junto con mi formaci\u00f3n como <em>experta en Comercio Exterior<\/em> (2012), ha contribuido a que mi carrera investigadora se centrase inicialmente en los lenguajes especializados, especialmente el lenguaje econ\u00f3mico y el del comercio exterior, culminando con mi tesis doctoral que aborda la adquisici\u00f3n de conocimiento experto en materia de comercio exterior.<\/p>\n\n\n\n<p>Mi tesis doctoral fue galardonada con Premio Extraordinario de Doctorado, menci\u00f3n honor\u00edfica entre los doctores que defendieron sus tesis doctorales en el curso acad\u00e9mico 2014\/2015 y obtuvieron menci\u00f3n <em>cum laude.<\/em><\/p>\n\n\n\n<p>A dicha l\u00ednea principal de investigaci\u00f3n, se han a\u00f1adido otras l\u00edneas como la posedici\u00f3n y la localizaci\u00f3n web, la traducci\u00f3n autom\u00e1tica y sus aplicaciones en la did\u00e1ctica de la traducci\u00f3n, as\u00ed como la evaluaci\u00f3n de la interpretaci\u00f3n. Todo ello se ha ido materializando en diversas publicaciones entre las que se pueden destacar la monograf\u00eda incluida en la Colecci\u00f3n Interlingua, de la prestigiosa Editorial Comares; art\u00edculos en prestigiosas revistas como Sendebar, Magazin, Entreculturas, Current Trends in Translation Teaching and Learning E, Caracteres, Futhark o Intralinea; as\u00ed como diversos cap\u00edtulos de libro, publicados en editoriales como McGraw Hill, Tecnos o Cambridge Scholars Publishing.<\/p>\n\n\n\n<p>Particip\u00e9 activamente en la elaboraci\u00f3n del proyecto <em>COMINTRAD Localizaci\u00f3n de Webs Corporativas y E-Marketing Multiling\u00fce para Fomentar la Internacionalizaci\u00f3n de las PYMES Espa\u00f1olas<\/em>, que obtuvo el visto bueno del Ministerio de Econom\u00eda y Competitividad (FFI2013-44550-R) y consigui\u00f3 una dotaci\u00f3n de 24 200&nbsp;\u20ac y he participado en el proyecto COMENEGO (Corpus multiling\u00fce de Econom\u00eda y Negocios) de la Universidad de Alicante con financiaci\u00f3n de la Generalitat Valenciana.<\/p>\n\n\n\n<p>Actualmente formo parte del grupo HUM-995 (Comintrad) de la Universidad Pablo de Olavide, centrado en la evaluaci\u00f3n de la calidad y en la accesibilidad; y ocupo una plaza de Ayudante Doctora, con acreditaci\u00f3n Contratada Doctora, en la Universidad de Sevilla, donde imparto docencia relacionada con la traducci\u00f3n, con la combinaci\u00f3n alem\u00e1n-espa\u00f1ol.<\/p>\n\n\n\n<p>He realizado diversas estancias de investigaci\u00f3n en la Ruprecht-Karls-Universit\u00e4t Heidelberg (Alemania), en la Heinrich-Heine-Universit\u00e4t D\u00fcsseldorf (Alemania), en el Language and Culture Research Centre de James Cook University (Cairns, Australia) y en la University of Toronto (Canad\u00e1).<\/p>\n\n\n\n<p>He impartido docencia en universidades de prestigio como la Rheinische Friedrich-Wilhelms Universit\u00e4t Bonn (de Alemania) y la Universidad Pablo de Olavide (Sevilla, Espa\u00f1a).<\/p>\n\n\n\n<p>Desde 2020 soy gestora de la revista mAGAzin.<\/p>\n\n\n\n<h4 class=\"wp-block-heading\"><strong>L\u00edneas de investigaci\u00f3n:<\/strong><\/h4>\n\n\n\n<p class=\"has-primary-color has-light-background-background-color has-text-color has-background\">Traducci\u00f3n Econ\u00f3mica<\/p>\n\n\n<style>.kt-accordion-id90_c9946d-12 .kt-accordion-inner-wrap{column-gap:var(--global-kb-gap-md, 2rem);row-gap:10px;}.kt-accordion-id90_c9946d-12 .kt-accordion-panel-inner{border-top:0px solid transparent;border-right:1px solid transparent;border-bottom:1px solid transparent;border-left:1px solid transparent;background:#ffffff;padding-top:var(--global-kb-spacing-sm, 1.5rem);padding-right:var(--global-kb-spacing-sm, 1.5rem);padding-bottom:var(--global-kb-spacing-sm, 1.5rem);padding-left:var(--global-kb-spacing-sm, 1.5rem);}.kt-accordion-id90_c9946d-12 .wp-block-kadence-pane .kt-accordion-header-wrap .kt-blocks-accordion-header{border-top:1px solid #eeeeee;border-right:1px solid #eeeeee;border-bottom:1px solid #eeeeee;border-left:2px solid #eeeeee;border-top-left-radius:0px;border-top-right-radius:0px;border-bottom-right-radius:0px;border-bottom-left-radius:0px;background:#ce0058;color:#ffffff;padding-top:14px;padding-right:16px;padding-bottom:14px;padding-left:16px;}.kt-accordion-id90_c9946d-12:not( .kt-accodion-icon-style-basiccircle ):not( .kt-accodion-icon-style-xclosecircle ):not( .kt-accodion-icon-style-arrowcircle ) .kt-blocks-accordion-icon-trigger:after, .kt-accordion-id90_c9946d-12:not( .kt-accodion-icon-style-basiccircle ):not( .kt-accodion-icon-style-xclosecircle ):not( .kt-accodion-icon-style-arrowcircle ) .kt-blocks-accordion-icon-trigger:before{background:#ffffff;}.kt-accordion-id90_c9946d-12:not( .kt-accodion-icon-style-basic ):not( .kt-accodion-icon-style-xclose ):not( .kt-accodion-icon-style-arrow ) .kt-blocks-accordion-icon-trigger{background:#ffffff;}.kt-accordion-id90_c9946d-12:not( .kt-accodion-icon-style-basic ):not( .kt-accodion-icon-style-xclose ):not( .kt-accodion-icon-style-arrow ) .kt-blocks-accordion-icon-trigger:after, .kt-accordion-id90_c9946d-12:not( .kt-accodion-icon-style-basic ):not( .kt-accodion-icon-style-xclose ):not( .kt-accodion-icon-style-arrow ) .kt-blocks-accordion-icon-trigger:before{background:#ce0058;}.kt-accordion-id90_c9946d-12 .kt-accordion-header-wrap .kt-blocks-accordion-header:hover, body:not(.hide-focus-outline) .kt-accordion-id90_c9946d-12 .kt-accordion-header-wrap .kt-blocks-accordion-header:focus-visible{color:#444444;background:#ffffff;border-top-color:#d4d4d4;border-top-style:solid;border-right-color:#d4d4d4;border-right-style:solid;border-bottom-color:#d4d4d4;border-bottom-style:solid;border-left-color:#d4d4d4;border-left-style:solid;}.kt-accordion-id90_c9946d-12:not( .kt-accodion-icon-style-basiccircle ):not( .kt-accodion-icon-style-xclosecircle ):not( .kt-accodion-icon-style-arrowcircle ) .kt-blocks-accordion-header:hover .kt-blocks-accordion-icon-trigger:after, .kt-accordion-id90_c9946d-12:not( .kt-accodion-icon-style-basiccircle ):not( .kt-accodion-icon-style-xclosecircle ):not( .kt-accodion-icon-style-arrowcircle ) .kt-blocks-accordion-header:hover .kt-blocks-accordion-icon-trigger:before, body:not(.hide-focus-outline) .kt-accordion-id90_c9946d-12:not( .kt-accodion-icon-style-basiccircle ):not( .kt-accodion-icon-style-xclosecircle ):not( .kt-accodion-icon-style-arrowcircle ) .kt-blocks-accordion--visible .kt-blocks-accordion-icon-trigger:after, body:not(.hide-focus-outline) .kt-accordion-id90_c9946d-12:not( .kt-accodion-icon-style-basiccircle ):not( .kt-accodion-icon-style-xclosecircle ):not( .kt-accodion-icon-style-arrowcircle ) .kt-blocks-accordion-header:focus-visible .kt-blocks-accordion-icon-trigger:before{background:#444444;}.kt-accordion-id90_c9946d-12:not( .kt-accodion-icon-style-basic ):not( .kt-accodion-icon-style-xclose ):not( .kt-accodion-icon-style-arrow ) .kt-blocks-accordion-header:hover .kt-blocks-accordion-icon-trigger, body:not(.hide-focus-outline) .kt-accordion-id90_c9946d-12:not( .kt-accodion-icon-style-basic ):not( .kt-accodion-icon-style-xclose ):not( .kt-accodion-icon-style-arrow ) .kt-blocks-accordion-header:focus-visible .kt-blocks-accordion-icon-trigger{background:#444444;}.kt-accordion-id90_c9946d-12:not( .kt-accodion-icon-style-basic ):not( .kt-accodion-icon-style-xclose ):not( .kt-accodion-icon-style-arrow ) .kt-blocks-accordion-header:hover .kt-blocks-accordion-icon-trigger:after, .kt-accordion-id90_c9946d-12:not( .kt-accodion-icon-style-basic ):not( .kt-accodion-icon-style-xclose ):not( .kt-accodion-icon-style-arrow ) .kt-blocks-accordion-header:hover .kt-blocks-accordion-icon-trigger:before, body:not(.hide-focus-outline) .kt-accordion-id90_c9946d-12:not( .kt-accodion-icon-style-basic ):not( .kt-accodion-icon-style-xclose ):not( .kt-accodion-icon-style-arrow ) .kt-blocks-accordion-header:focus-visible .kt-blocks-accordion-icon-trigger:after, body:not(.hide-focus-outline) .kt-accordion-id90_c9946d-12:not( .kt-accodion-icon-style-basic ):not( .kt-accodion-icon-style-xclose ):not( .kt-accodion-icon-style-arrow ) .kt-blocks-accordion-header:focus-visible .kt-blocks-accordion-icon-trigger:before{background:#ffffff;}.kt-accordion-id90_c9946d-12 .kt-accordion-header-wrap .kt-blocks-accordion-header:focus-visible, .kt-accordion-id90_c9946d-12 .kt-accordion-header-wrap .kt-blocks-accordion-header.kt-accordion-panel-active{color:#444444;background:#ffffff;border-top-color:#eeeeee;border-top-style:solid;border-right-color:#eeeeee;border-right-style:solid;border-bottom-color:#eeeeee;border-bottom-style:solid;border-left-color:#0e9cd1;border-left-style:solid;}.kt-accordion-id90_c9946d-12:not( .kt-accodion-icon-style-basiccircle ):not( .kt-accodion-icon-style-xclosecircle ):not( .kt-accodion-icon-style-arrowcircle ) .kt-blocks-accordion-header.kt-accordion-panel-active .kt-blocks-accordion-icon-trigger:after, .kt-accordion-id90_c9946d-12:not( .kt-accodion-icon-style-basiccircle ):not( .kt-accodion-icon-style-xclosecircle ):not( .kt-accodion-icon-style-arrowcircle ) .kt-blocks-accordion-header.kt-accordion-panel-active .kt-blocks-accordion-icon-trigger:before{background:#444444;}.kt-accordion-id90_c9946d-12:not( .kt-accodion-icon-style-basic ):not( .kt-accodion-icon-style-xclose ):not( .kt-accodion-icon-style-arrow ) .kt-blocks-accordion-header.kt-accordion-panel-active .kt-blocks-accordion-icon-trigger{background:#444444;}.kt-accordion-id90_c9946d-12:not( .kt-accodion-icon-style-basic ):not( .kt-accodion-icon-style-xclose ):not( .kt-accodion-icon-style-arrow ) .kt-blocks-accordion-header.kt-accordion-panel-active .kt-blocks-accordion-icon-trigger:after, .kt-accordion-id90_c9946d-12:not( .kt-accodion-icon-style-basic ):not( .kt-accodion-icon-style-xclose ):not( .kt-accodion-icon-style-arrow ) .kt-blocks-accordion-header.kt-accordion-panel-active .kt-blocks-accordion-icon-trigger:before{background:#ffffff;}@media all and (max-width: 1024px){.kt-accordion-id90_c9946d-12 .kt-accordion-panel-inner{border-top:0px solid transparent;border-right:1px solid transparent;border-bottom:1px solid transparent;border-left:1px solid transparent;}}@media all and (max-width: 1024px){.kt-accordion-id90_c9946d-12 .wp-block-kadence-pane .kt-accordion-header-wrap .kt-blocks-accordion-header{border-top:1px solid #eeeeee;border-right:1px solid #eeeeee;border-bottom:1px solid #eeeeee;border-left:2px solid #eeeeee;}}@media all and (max-width: 1024px){.kt-accordion-id90_c9946d-12 .kt-accordion-header-wrap .kt-blocks-accordion-header:hover, body:not(.hide-focus-outline) .kt-accordion-id90_c9946d-12 .kt-accordion-header-wrap .kt-blocks-accordion-header:focus-visible{border-top-color:#d4d4d4;border-top-style:solid;border-right-color:#d4d4d4;border-right-style:solid;border-bottom-color:#d4d4d4;border-bottom-style:solid;border-left-color:#d4d4d4;border-left-style:solid;}}@media all and (max-width: 1024px){.kt-accordion-id90_c9946d-12 .kt-accordion-header-wrap .kt-blocks-accordion-header:focus-visible, .kt-accordion-id90_c9946d-12 .kt-accordion-header-wrap .kt-blocks-accordion-header.kt-accordion-panel-active{border-top-color:#eeeeee;border-top-style:solid;border-right-color:#eeeeee;border-right-style:solid;border-bottom-color:#eeeeee;border-bottom-style:solid;border-left-color:#0e9cd1;border-left-style:solid;}}@media all and (max-width: 767px){.kt-accordion-id90_c9946d-12 .kt-accordion-inner-wrap{display:block;}.kt-accordion-id90_c9946d-12 .kt-accordion-inner-wrap .kt-accordion-pane:not(:first-child){margin-top:10px;}.kt-accordion-id90_c9946d-12 .kt-accordion-panel-inner{border-top:0px solid transparent;border-right:1px solid transparent;border-bottom:1px solid transparent;border-left:1px solid transparent;}.kt-accordion-id90_c9946d-12 .wp-block-kadence-pane .kt-accordion-header-wrap .kt-blocks-accordion-header{border-top:1px solid #eeeeee;border-right:1px solid #eeeeee;border-bottom:1px solid #eeeeee;border-left:2px solid #eeeeee;}.kt-accordion-id90_c9946d-12 .kt-accordion-header-wrap .kt-blocks-accordion-header:hover, body:not(.hide-focus-outline) .kt-accordion-id90_c9946d-12 .kt-accordion-header-wrap .kt-blocks-accordion-header:focus-visible{border-top-color:#d4d4d4;border-top-style:solid;border-right-color:#d4d4d4;border-right-style:solid;border-bottom-color:#d4d4d4;border-bottom-style:solid;border-left-color:#d4d4d4;border-left-style:solid;}.kt-accordion-id90_c9946d-12 .kt-accordion-header-wrap .kt-blocks-accordion-header:focus-visible, .kt-accordion-id90_c9946d-12 .kt-accordion-header-wrap .kt-blocks-accordion-header.kt-accordion-panel-active{border-top-color:#eeeeee;border-top-style:solid;border-right-color:#eeeeee;border-right-style:solid;border-bottom-color:#eeeeee;border-bottom-style:solid;border-left-color:#0e9cd1;border-left-style:solid;}}<\/style>\n<div class=\"wp-block-kadence-accordion alignnone\"><div class=\"kt-accordion-wrap kt-accordion-id90_c9946d-12 kt-accordion-has-2-panes kt-active-pane-0 kt-accordion-block kt-pane-header-alignment-left kt-accodion-icon-style-arrow kt-accodion-icon-side-right\" style=\"max-width:none\"><div class=\"kt-accordion-inner-wrap\" data-allow-multiple-open=\"false\" data-start-open=\"0\">\n<div class=\"wp-block-kadence-pane kt-accordion-pane kt-accordion-pane-2 kt-pane90_ed72ff-83\"><div class=\"kt-accordion-header-wrap\"><button class=\"kt-blocks-accordion-header kt-acccordion-button-label-show\"><span class=\"kt-blocks-accordion-title-wrap\"><span class=\"kt-blocks-accordion-title\"><strong>Publicaciones:<\/strong><\/span><\/span><span class=\"kt-blocks-accordion-icon-trigger\"><\/span><\/button><\/div><div class=\"kt-accordion-panel kt-accordion-panel-hidden\"><div class=\"kt-accordion-panel-inner\"><div id=\"zotpress-f8009baebbcce563844839a796a03bda\" class=\"zp-Zotpress zp-Zotpress-Bib wp-block-group\">\n\n\t\t<span class=\"ZP_API_USER_ID ZP_ATTR\">2580715<\/span>\n\t\t<span class=\"ZP_ITEM_KEY ZP_ATTR\"><\/span>\n\t\t<span class=\"ZP_COLLECTION_ID ZP_ATTR\"><\/span>\n\t\t<span class=\"ZP_TAG_ID ZP_ATTR\"><\/span>\n\t\t<span class=\"ZP_AUTHOR ZP_ATTR\">\u00c1lvarez-Garc\u00eda<\/span>\n\t\t<span class=\"ZP_YEAR ZP_ATTR\"><\/span>\n        <span class=\"ZP_ITEMTYPE ZP_ATTR\"><\/span>\n\t\t<span class=\"ZP_INCLUSIVE ZP_ATTR\">1<\/span>\n\t\t<span class=\"ZP_STYLE ZP_ATTR\">apa<\/span>\n\t\t<span class=\"ZP_LIMIT ZP_ATTR\">50<\/span>\n\t\t<span class=\"ZP_SORTBY ZP_ATTR\">default<\/span>\n\t\t<span class=\"ZP_ORDER ZP_ATTR\"><\/span>\n\t\t<span class=\"ZP_TITLE ZP_ATTR\">year<\/span>\n\t\t<span class=\"ZP_SHOWIMAGE ZP_ATTR\"><\/span>\n\t\t<span class=\"ZP_SHOWTAGS ZP_ATTR\"><\/span>\n\t\t<span class=\"ZP_DOWNLOADABLE ZP_ATTR\"><\/span>\n\t\t<span class=\"ZP_NOTES ZP_ATTR\"><\/span>\n\t\t<span class=\"ZP_ABSTRACT ZP_ATTR\"><\/span>\n\t\t<span class=\"ZP_CITEABLE ZP_ATTR\"><\/span>\n\t\t<span class=\"ZP_TARGET ZP_ATTR\"><\/span>\n\t\t<span class=\"ZP_URLWRAP ZP_ATTR\"><\/span>\n\t\t<span class=\"ZP_FORCENUM ZP_ATTR\"><\/span>\n        <span class=\"ZP_HIGHLIGHT ZP_ATTR\"><\/span>\n        <span class=\"ZP_POSTID ZP_ATTR\">90<\/span>\n\t\t<span class=\"ZOTPRESS_PLUGIN_URL ZP_ATTR\">https:\/\/www.upo.es\/investiga\/comintrad\/wp-content\/plugins\/zotpress\/<\/span>\n\n\t\t<div class=\"zp-List loading\">\n\t\t\t<div class=\"zp-SEO-Content\">\n\t\t\t\t<span class=\"ZP_JSON ZP_ATTR\">%7B%22status%22%3A%22success%22%2C%22updateneeded%22%3Afalse%2C%22instance%22%3Afalse%2C%22meta%22%3A%7B%22request_last%22%3A0%2C%22request_next%22%3A0%2C%22used_cache%22%3Atrue%7D%2C%22data%22%3A%5B%7B%22key%22%3A%22P4IITVK9%22%2C%22library%22%3A%7B%22id%22%3A2580715%7D%2C%22meta%22%3A%7B%22creatorSummary%22%3A%22%5Cu00c1lvarez-Garc%5Cu00eda%22%2C%22parsedDate%22%3A%222021%22%2C%22numChildren%22%3A1%7D%2C%22bib%22%3A%22%26lt%3Bdiv%20class%3D%26quot%3Bcsl-bib-body%26quot%3B%20style%3D%26quot%3Bline-height%3A%202%3B%20padding-left%3A%201em%3B%20text-indent%3A-1em%3B%26quot%3B%26gt%3B%5Cn%20%20%26lt%3Bdiv%20class%3D%26quot%3Bcsl-entry%26quot%3B%26gt%3B%26%23xC1%3Blvarez-Garc%26%23xED%3Ba%2C%20C.%20%282021%29.%20Inicio%20al%20aprendizaje%20de%20la%20traducci%26%23xF3%3Bn%20mediante%20el%20empleo%20de%20la%20posedici%26%23xF3%3Bn.%20In%20%26lt%3Bi%26gt%3BInvestigaci%26%23xF3%3Bn%20traductol%26%23xF3%3Bgica%20en%20la%20ense%26%23xF1%3Banza%20y%20pr%26%23xE1%3Bctica%20profesional%20de%20la%20traducci%26%23xF3%3Bn%20y%20la%20interpretaci%26%23xF3%3Bn%26lt%3B%5C%2Fi%26gt%3B%20%28pp.%2083%26%23x2013%3B98%29.%20Comares.%20%26lt%3Ba%20class%3D%26%23039%3Bzp-ItemURL%26%23039%3B%20href%3D%26%23039%3Bhttps%3A%5C%2F%5C%2Fdialnet.unirioja.es%5C%2Fservlet%5C%2Farticulo%3Fcodigo%3D8235111%26%23039%3B%26gt%3Bhttps%3A%5C%2F%5C%2Fdialnet.unirioja.es%5C%2Fservlet%5C%2Farticulo%3Fcodigo%3D8235111%26lt%3B%5C%2Fa%26gt%3B%26lt%3B%5C%2Fdiv%26gt%3B%5Cn%26lt%3B%5C%2Fdiv%26gt%3B%22%2C%22data%22%3A%7B%22itemType%22%3A%22bookSection%22%2C%22title%22%3A%22Inicio%20al%20aprendizaje%20de%20la%20traducci%5Cu00f3n%20mediante%20el%20empleo%20de%20la%20posedici%5Cu00f3n%22%2C%22creators%22%3A%5B%7B%22creatorType%22%3A%22author%22%2C%22firstName%22%3A%22Carmen%22%2C%22lastName%22%3A%22%5Cu00c1lvarez-Garc%5Cu00eda%22%7D%5D%2C%22abstractNote%22%3A%22%22%2C%22bookTitle%22%3A%22Investigaci%5Cu00f3n%20traductol%5Cu00f3gica%20en%20la%20ense%5Cu00f1anza%20y%20pr%5Cu00e1ctica%20profesional%20de%20la%20traducci%5Cu00f3n%20y%20la%20interpretaci%5Cu00f3n%22%2C%22date%22%3A%222021%22%2C%22originalDate%22%3A%22%22%2C%22originalPublisher%22%3A%22%22%2C%22originalPlace%22%3A%22%22%2C%22format%22%3A%22%22%2C%22ISBN%22%3A%22978-84-9045-957-7%22%2C%22DOI%22%3A%22%22%2C%22citationKey%22%3A%22%22%2C%22url%22%3A%22https%3A%5C%2F%5C%2Fdialnet.unirioja.es%5C%2Fservlet%5C%2Farticulo%3Fcodigo%3D8235111%22%2C%22ISSN%22%3A%22%22%2C%22language%22%3A%22espa%5Cu00f1ol%22%2C%22collections%22%3A%5B%5D%2C%22dateModified%22%3A%222022-04-06T18%3A02%3A33Z%22%7D%7D%2C%7B%22key%22%3A%228T6NQEE6%22%2C%22library%22%3A%7B%22id%22%3A2580715%7D%2C%22meta%22%3A%7B%22creatorSummary%22%3A%22%5Cu00c1lvarez-Garc%5Cu00eda%22%2C%22parsedDate%22%3A%222021%22%2C%22numChildren%22%3A0%7D%2C%22bib%22%3A%22%26lt%3Bdiv%20class%3D%26quot%3Bcsl-bib-body%26quot%3B%20style%3D%26quot%3Bline-height%3A%202%3B%20padding-left%3A%201em%3B%20text-indent%3A-1em%3B%26quot%3B%26gt%3B%5Cn%20%20%26lt%3Bdiv%20class%3D%26quot%3Bcsl-entry%26quot%3B%26gt%3B%26%23xC1%3Blvarez-Garc%26%23xED%3Ba%2C%20C.%20%282021%29.%20La%20adquisici%26%23xF3%3Bn%20de%20conocimiento%20experto%20en%20el%20%26%23xE1%3Bmbito%20de%20la%20traducci%26%23xF3%3Bn%20especializada%3A%20Aplicaci%26%23xF3%3Bn%20de%20nuevas%20tecnolog%26%23xED%3Bas%20en%20la%20formaci%26%23xF3%3Bn%20de%20traductores.%20%26lt%3Bi%26gt%3BinTRAlinea.%20online%20translation%20journal%26lt%3B%5C%2Fi%26gt%3B%2C%20%26lt%3Bi%26gt%3B23%26lt%3B%5C%2Fi%26gt%3B.%20%26lt%3Ba%20class%3D%26%23039%3Bzp-ItemURL%26%23039%3B%20href%3D%26%23039%3Bhttp%3A%5C%2F%5C%2Fwww.intralinea.org%5C%2Fcurrent%5C%2Farticle%5C%2Fla_adquisicion_de_conocimiento_experto_en_el_ambito_de_la_traduccion_especi%26%23039%3B%26gt%3Bhttp%3A%5C%2F%5C%2Fwww.intralinea.org%5C%2Fcurrent%5C%2Farticle%5C%2Fla_adquisicion_de_conocimiento_experto_en_el_ambito_de_la_traduccion_especi%26lt%3B%5C%2Fa%26gt%3B%26lt%3B%5C%2Fdiv%26gt%3B%5Cn%26lt%3B%5C%2Fdiv%26gt%3B%22%2C%22data%22%3A%7B%22itemType%22%3A%22journalArticle%22%2C%22title%22%3A%22La%20adquisici%5Cu00f3n%20de%20conocimiento%20experto%20en%20el%20%5Cu00e1mbito%20de%20la%20traducci%5Cu00f3n%20especializada%3A%20Aplicaci%5Cu00f3n%20de%20nuevas%20tecnolog%5Cu00edas%20en%20la%20formaci%5Cu00f3n%20de%20traductores%22%2C%22creators%22%3A%5B%7B%22creatorType%22%3A%22author%22%2C%22firstName%22%3A%22Carmen%22%2C%22lastName%22%3A%22%5Cu00c1lvarez-Garc%5Cu00eda%22%7D%5D%2C%22abstractNote%22%3A%22A%20partir%20de%20las%20teor%5Cu00edas%20sobre%20los%20elementos%20esenciales%20a%20la%20hora%20de%20enfrentar%20la%20realizaci%5Cu00f3n%20de%20traducciones%20especializadas%2C%20donde%20interviene%20de%20manera%20decisiva%20la%20comprensi%5Cu00f3n%20del%20texto%20origen%20a%20partir%20de%20los%20conocimientos%20conceptuales%2C%20el%20presente%20art%5Cu00edculo%20presenta%20una%20reflexi%5Cu00f3n%20sobre%20el%20mecanismo%20de%20adquisici%5Cu00f3n%20del%20conocimiento%20experto%20en%20el%20campo%20de%20especializaci%5Cu00f3n%20donde%20se%20enmarque%20el%20texto%20a%20traducir%2C%20con%20la%20intenci%5Cu00f3n%20de%20mostrar%20las%20acciones%20que%20se%20pueden%20implementar%20en%20la%20formaci%5Cu00f3n%20en%20traducci%5Cu00f3n%20especializada.%20El%20art%5Cu00edculo%20comienza%20con%20una%20introducci%5Cu00f3n%2C%20en%20la%20que%20se%20presentan%20los%20aspectos%20te%5Cu00f3ricos%20fundamentales%20relacionados%20con%20los%20elementos%20que%20requiere%20la%20elaboraci%5Cu00f3n%20de%20traducciones%20especializadas.%20A%20continuaci%5Cu00f3n%2C%20se%20adentra%20en%20la%20descripci%5Cu00f3n%20del%20conocimiento%20experto%20como%20aquel%20que%20confiere%20la%20cualidad%20de%20competente%2C%20para%20continuar%20con%20la%20revisi%5Cu00f3n%20de%20las%20teor%5Cu00edas%20sobre%20la%20competencia%20traductora%20y%20su%20adquisici%5Cu00f3n.%20De%20esta%20manera%2C%20sentamos%20las%20bases%20te%5Cu00f3ricas%20para%20presentar%20un%20proyecto%20docente%20llevado%20al%20aula%20de%20formaci%5Cu00f3n%20en%20traducci%5Cu00f3n%20especializada%2C%20en%20el%20que%20se%20muestra%20la%20utilidad%20de%20introducir%20proyectos%20cooperativos%20de%20gesti%5Cu00f3n%20de%20traducci%5Cu00f3n%20que%20incluyen%20el%20empleo%20de%20herramientas%20tecnol%5Cu00f3gicas%20demandadas%20en%20la%20industria%20de%20la%20traducci%5Cu00f3n%2C%20como%20herramienta%20de%20ayuda%20a%20la%20adquisici%5Cu00f3n%20de%20competencia%20tem%5Cu00e1tica%20en%20%5Cu00e1reas%20de%20especialidad.%22%2C%22date%22%3A%222021%22%2C%22section%22%3A%22%22%2C%22partNumber%22%3A%22%22%2C%22partTitle%22%3A%22%22%2C%22DOI%22%3A%22%22%2C%22citationKey%22%3A%22%22%2C%22url%22%3A%22http%3A%5C%2F%5C%2Fwww.intralinea.org%5C%2Fcurrent%5C%2Farticle%5C%2Fla_adquisicion_de_conocimiento_experto_en_el_ambito_de_la_traduccion_especi%22%2C%22PMID%22%3A%22%22%2C%22PMCID%22%3A%22%22%2C%22ISSN%22%3A%221827-000X%22%2C%22language%22%3A%22es%22%2C%22collections%22%3A%5B%5D%2C%22dateModified%22%3A%222021-02-14T17%3A26%3A50Z%22%7D%7D%2C%7B%22key%22%3A%2293XUGIY7%22%2C%22library%22%3A%7B%22id%22%3A2580715%7D%2C%22meta%22%3A%7B%22lastModifiedByUser%22%3A%7B%22id%22%3A7011414%2C%22username%22%3A%22CarmenAlvarezGarcia%22%2C%22name%22%3A%22%22%2C%22links%22%3A%7B%22alternate%22%3A%7B%22href%22%3A%22https%3A%5C%2F%5C%2Fwww.zotero.org%5C%2Fcarmenalvarezgarcia%22%2C%22type%22%3A%22text%5C%2Fhtml%22%7D%7D%7D%2C%22creatorSummary%22%3A%22%5Cu00c1lvarez-Garc%5Cu00eda%22%2C%22parsedDate%22%3A%222018-12-13%22%2C%22numChildren%22%3A1%7D%2C%22bib%22%3A%22%26lt%3Bdiv%20class%3D%26quot%3Bcsl-bib-body%26quot%3B%20style%3D%26quot%3Bline-height%3A%202%3B%20padding-left%3A%201em%3B%20text-indent%3A-1em%3B%26quot%3B%26gt%3B%5Cn%20%20%26lt%3Bdiv%20class%3D%26quot%3Bcsl-entry%26quot%3B%26gt%3B%26%23xC1%3Blvarez-Garc%26%23xED%3Ba%2C%20C.%20%282018%29.%20%26lt%3Bi%26gt%3BEl%20comercio%20exterior.%20Mediaci%26%23xF3%3Bn%20ling%26%23xFC%3B%26%23xED%3Bstica%20y%20cultural%26lt%3B%5C%2Fi%26gt%3B.%20Comares.%20%26lt%3Ba%20class%3D%26%23039%3Bzp-ItemURL%26%23039%3B%20href%3D%26%23039%3Bhttps%3A%5C%2F%5C%2Fwww.comares.com%5C%2Flibro%5C%2Fel-comercio-exterior_113290%5C%2F%26%23039%3B%26gt%3Bhttps%3A%5C%2F%5C%2Fwww.comares.com%5C%2Flibro%5C%2Fel-comercio-exterior_113290%5C%2F%26lt%3B%5C%2Fa%26gt%3B%26lt%3B%5C%2Fdiv%26gt%3B%5Cn%26lt%3B%5C%2Fdiv%26gt%3B%22%2C%22data%22%3A%7B%22itemType%22%3A%22book%22%2C%22title%22%3A%22El%20comercio%20exterior.%20Mediaci%5Cu00f3n%20ling%5Cu00fc%5Cu00edstica%20y%20cultural%22%2C%22creators%22%3A%5B%7B%22creatorType%22%3A%22author%22%2C%22firstName%22%3A%22Carmen%22%2C%22lastName%22%3A%22%5Cu00c1lvarez-Garc%5Cu00eda%22%7D%5D%2C%22abstractNote%22%3A%22La%20presente%20obra%20aborda%20la%20formaci%5Cu00f3n%20en%20comercio%20exterior%20desde%20una%20perspectiva%20novedosa%2C%20por%20cuanto%2C%20adem%5Cu00e1s%20de%20los%20conceptos%20tem%5Cu00e1ticos%20desarrollados%2C%20presta%20especial%20atenci%5Cu00f3n%20a%20la%20mediaci%5Cu00f3n%20ling%5Cu00fc%5Cu00edstica%20y%20cultural%20e%20incluye%20actividades%20que%20potencian%20el%20desarrollo%20de%20competencias%20ling%5Cu00fc%5Cu00edsticas%20y%20culturales%2C%20con%20el%20ingl%5Cu00e9s%20como%20lengua%20franca%20y%20como%20veh%5Cu00edculo%20fundamental%20de%20comunicaci%5Cu00f3n%20entre%20socios%20de%20distintos%20pa%5Cu00edses.%20Adem%5Cu00e1s%2C%20incluye%20aspectos%20muy%20actuales%20y%20de%20gran%20relevancia%20en%20el%20%5Cu00e9xito%20de%20la%20estrategia%20de%20internacionalizaci%5Cu00f3n%20de%20las%20empresas%2C%20como%20el%20marketing%20digital%20y%20sus%20implicaciones%20en%20el%20%5Cu00e1mbito%20de%20la%20localizaci%5Cu00f3n.%5CnLa%20obra%20presenta%20un%20compendio%20de%20los%20diferentes%20campos%20que%20intervienen%20en%20las%20operaciones%20comerciales%20internacionales%2C%20tomando%20como%20punto%20de%20partida%20los%20conceptos%20generales%20del%20comercio%20exterior%2C%20agrupados%20seg%5Cu00fan%20las%20distintas%20estrategias%20empresariales%20que%20se%20deben%20poner%20en%20pr%5Cu00e1ctica%20a%20la%20hora%20de%20llevar%20a%20cabo%20un%20proceso%20de%20internacionalizaci%5Cu00f3n%20de%20las%20actividades%20comerciales.%20De%20esta%20manera%2C%20se%20presenta%20en%20un%20total%20de%20quince%20cap%5Cu00edtulos%2C%20organizados%20en%20tres%20bloques%2C%20que%20incorporan%20mapas%20conceptuales%2C%20que%20proporcionan%20una%20visi%5Cu00f3n%20general%20y%20esquem%5Cu00e1tica%20de%20la%20materia%20tratada%3B%20diversas%20actividades%20de%20b%5Cu00fasqueda%20de%20informaci%5Cu00f3n%20o%20de%20reflexi%5Cu00f3n%2C%20para%20que%20el%20alumno%20inicie%20el%20proceso%20de%20construcci%5Cu00f3n%20del%20aprendizaje%20a%20partir%20de%20la%20participaci%5Cu00f3n%20activa%20en%20el%20mismo%3B%20as%5Cu00ed%20como%20gr%5Cu00e1ficos%2C%20esquemas%2C%20dibujos%20o%20tareas%20activas%2C%20entre%20otros%20elementos%20%5Cu00fatiles%2C%20que%20hacen%20la%20obra%20accesible%20a%20distintos%20alumnos%20cuyo%20sistema%20de%20aprendizaje%20requiera%20herramientas%20diversas.%20Cada%20uno%20de%20los%20cap%5Cu00edtulos%20concluye%20con%20una%20serie%20de%20preguntas%20o%20actividades%20de%20autoevaluaci%5Cu00f3n%20o%20de%20comprobaci%5Cu00f3n%2C%20as%5Cu00ed%20como%20con%20un%20compendio%20de%20bibliograf%5Cu00eda%20y%20recursos%20%5Cu00fatiles%20relacionados%20con%20la%20materia%20tratada.%22%2C%22date%22%3A%2213-12-2018%22%2C%22originalDate%22%3A%22%22%2C%22originalPublisher%22%3A%22%22%2C%22originalPlace%22%3A%22%22%2C%22format%22%3A%22%22%2C%22ISBN%22%3A%22978-84-9045-678-1%22%2C%22DOI%22%3A%22%22%2C%22citationKey%22%3A%22%22%2C%22url%22%3A%22https%3A%5C%2F%5C%2Fwww.comares.com%5C%2Flibro%5C%2Fel-comercio-exterior_113290%5C%2F%22%2C%22ISSN%22%3A%22%22%2C%22language%22%3A%22es%22%2C%22collections%22%3A%5B%5D%2C%22dateModified%22%3A%222021-02-10T17%3A03%3A10Z%22%7D%7D%2C%7B%22key%22%3A%22LJHTY34F%22%2C%22library%22%3A%7B%22id%22%3A2580715%7D%2C%22meta%22%3A%7B%22lastModifiedByUser%22%3A%7B%22id%22%3A6987423%2C%22username%22%3A%22ChristianeLimbach%22%2C%22name%22%3A%22%22%2C%22links%22%3A%7B%22alternate%22%3A%7B%22href%22%3A%22https%3A%5C%2F%5C%2Fwww.zotero.org%5C%2Fchristianelimbach%22%2C%22type%22%3A%22text%5C%2Fhtml%22%7D%7D%7D%2C%22creatorSummary%22%3A%22Limbach%20and%20%5Cu00c1lvarez-Garc%5Cu00eda%22%2C%22parsedDate%22%3A%222019%22%2C%22numChildren%22%3A2%7D%2C%22bib%22%3A%22%26lt%3Bdiv%20class%3D%26quot%3Bcsl-bib-body%26quot%3B%20style%3D%26quot%3Bline-height%3A%202%3B%20padding-left%3A%201em%3B%20text-indent%3A-1em%3B%26quot%3B%26gt%3B%5Cn%20%20%26lt%3Bdiv%20class%3D%26quot%3Bcsl-entry%26quot%3B%26gt%3BLimbach%2C%20C.%2C%20%26amp%3B%20%26%23xC1%3Blvarez-Garc%26%23xED%3Ba%2C%20C.%20%282019%29.%20Fehleranalyse%20und%20didaktische%20Vorschl%26%23xE4%3Bge%20f%26%23xFC%3Br%20die%20Qualit%26%23xE4%3Btssteigerung%20beim%20bilateralen%20konsekutiven%20Dolmetschen.%20In%20%26lt%3Bi%26gt%3BTraducci%26%23xF3%3Bn%20y%20Sostenibilidad%20cultural%3A%20sustrato%2C%20fundamentos%20y%20aplicaciones%26lt%3B%5C%2Fi%26gt%3B%20%28pp.%20241%26%23x2013%3B251%29.%20Ediciones%20Universidad%20de%20Salamanca.%20%26lt%3Ba%20class%3D%26%23039%3Bzp-ItemURL%26%23039%3B%20href%3D%26%23039%3Bhttps%3A%5C%2F%5C%2Frio.upo.es%5C%2Fxmlui%5C%2Fhandle%5C%2F10433%5C%2F8086%26%23039%3B%26gt%3Bhttps%3A%5C%2F%5C%2Frio.upo.es%5C%2Fxmlui%5C%2Fhandle%5C%2F10433%5C%2F8086%26lt%3B%5C%2Fa%26gt%3B%26lt%3B%5C%2Fdiv%26gt%3B%5Cn%26lt%3B%5C%2Fdiv%26gt%3B%22%2C%22data%22%3A%7B%22itemType%22%3A%22bookSection%22%2C%22title%22%3A%22Fehleranalyse%20und%20didaktische%20Vorschl%5Cu00e4ge%20f%5Cu00fcr%20die%20Qualit%5Cu00e4tssteigerung%20beim%20bilateralen%20konsekutiven%20Dolmetschen%22%2C%22creators%22%3A%5B%7B%22creatorType%22%3A%22author%22%2C%22firstName%22%3A%22Christiane%22%2C%22lastName%22%3A%22Limbach%22%7D%2C%7B%22creatorType%22%3A%22author%22%2C%22firstName%22%3A%22Carmen%22%2C%22lastName%22%3A%22%5Cu00c1lvarez-Garc%5Cu00eda%22%7D%5D%2C%22abstractNote%22%3A%22In%20diesem%20Beitrag%20soll%20eine%20Korpusanalyse%20von%20bilateralen%20konsekutiven%20Verdolmetschungen%20aus%20Pr%5Cu00fcfungssituationen%20des%20Kurses%20%5Cu00bfBilaterales%20Dolmetschen%20B%5C%2FA%5C%2FB.%20Deutsch%5Cu00bf%20mit%20A-Sprache%20Spanisch%20verschiedener%20Semester%20des%20Studiengangs%20%5Cu00bf%5Cu00dcbersetzen%20und%20Dolmetschen%5Cu00bf%20an%20der%20Universit%5Cu00e4t%20Pablo%20de%20Olavide%20in%20Sevilla%20%28Spanien%29%20vorgestellt%20werden.%20Anhand%20der%20von%20Dom%5Cu00ednguez%20Ara%5Cu00fajo%20%282013%29%20ausgearbeiteten%20Bewertungsmatrix%20f%5Cu00fcr%20das%20konsekutive%20Dolmetschen%20wurde%20eine%20Bewertungsmatrix%20f%5Cu00fcr%20das%20bilaterale%20Dolmetschen%20aufgestellt%2C%20mit%20deren%20Hilfe%20die%20Pr%5Cu00fcfungen%20ausgewertet%20wurden.%20Das%20Augenmerk%20lag%20hier%20im%20Besonderen%20auf%20der%20Verdolmetschung%20in%20die%20Fremdsprache.%20Die%20Fehler%2C%20die%20bei%20den%20Verdolmetschungen%20gemacht%20wurden%2C%20zeigen%2C%20dass%20hier%20weiterhin%20%5Cu00dcbungspotential%20besteht.%20Didaktische%20Vorschl%5Cu00e4ge%20sollen%20helfen%2C%20dieses%20abzudecken%20mit%20dem%20Ziel%20die%20Qualit%5Cu00e4t%20der%20Verdolmetschungen%20insgesamt%20zu%20verbessern.%22%2C%22bookTitle%22%3A%22Traducci%5Cu00f3n%20y%20Sostenibilidad%20cultural%3A%20sustrato%2C%20fundamentos%20y%20aplicaciones%22%2C%22date%22%3A%222019%22%2C%22originalDate%22%3A%22%22%2C%22originalPublisher%22%3A%22%22%2C%22originalPlace%22%3A%22%22%2C%22format%22%3A%22%22%2C%22ISBN%22%3A%22978-84-13-11056-1%22%2C%22DOI%22%3A%22%22%2C%22citationKey%22%3A%22%22%2C%22url%22%3A%22https%3A%5C%2F%5C%2Frio.upo.es%5C%2Fxmlui%5C%2Fhandle%5C%2F10433%5C%2F8086%22%2C%22ISSN%22%3A%22%22%2C%22language%22%3A%22DE%22%2C%22collections%22%3A%5B%5D%2C%22dateModified%22%3A%222020-11-21T19%3A33%3A46Z%22%7D%7D%2C%7B%22key%22%3A%22L5ZLKFYG%22%2C%22library%22%3A%7B%22id%22%3A2580715%7D%2C%22meta%22%3A%7B%22creatorSummary%22%3A%22%5Cu00c1lvarez-Garc%5Cu00eda%22%2C%22parsedDate%22%3A%222018%22%2C%22numChildren%22%3A1%7D%2C%22bib%22%3A%22%26lt%3Bdiv%20class%3D%26quot%3Bcsl-bib-body%26quot%3B%20style%3D%26quot%3Bline-height%3A%202%3B%20padding-left%3A%201em%3B%20text-indent%3A-1em%3B%26quot%3B%26gt%3B%5Cn%20%20%26lt%3Bdiv%20class%3D%26quot%3Bcsl-entry%26quot%3B%26gt%3B%26%23xC1%3Blvarez-Garc%26%23xED%3Ba%2C%20C.%20%282018%29.%20Formaci%26%23xF3%3Bn%20en%20internacionalizaci%26%23xF3%3Bn.%20%26lt%3Bi%26gt%3BLinguae%26lt%3B%5C%2Fi%26gt%3B%2C%20%26lt%3Bi%26gt%3B3%26lt%3B%5C%2Fi%26gt%3B%2C%207%26%23x2013%3B26.%20%26lt%3Ba%20class%3D%26%23039%3Bzp-ItemURL%26%23039%3B%20href%3D%26%23039%3Bhttps%3A%5C%2F%5C%2Fwww.calameo.com%5C%2Fread%5C%2F00440437704953dc1a44a%26%23039%3B%26gt%3Bhttps%3A%5C%2F%5C%2Fwww.calameo.com%5C%2Fread%5C%2F00440437704953dc1a44a%26lt%3B%5C%2Fa%26gt%3B%26lt%3B%5C%2Fdiv%26gt%3B%5Cn%26lt%3B%5C%2Fdiv%26gt%3B%22%2C%22data%22%3A%7B%22itemType%22%3A%22journalArticle%22%2C%22title%22%3A%22Formaci%5Cu00f3n%20en%20internacionalizaci%5Cu00f3n%22%2C%22creators%22%3A%5B%7B%22creatorType%22%3A%22author%22%2C%22firstName%22%3A%22Carmen%22%2C%22lastName%22%3A%22%5Cu00c1lvarez-Garc%5Cu00eda%22%7D%5D%2C%22abstractNote%22%3A%22El%20inter%5Cu00e9s%20creciente%20de%20diversos%20estudiantes%20de%20Traducci%5Cu00f3n%20e%20Interpretaci%5Cu00f3n%20por%20orientar%20su%20futuro%20profesional%20hacia%20el%20%5Cu00e1mbito%20del%20comercio%20exterior%20nos%20lleva%20a%20analizar%20las%20posibilidades%20de%20formaci%5Cu00f3n%20en%20este%20campo%20que%20se%20ofrecen%20actualmente%20en%20los%20Grados%20en%20Traducci%5Cu00f3n%20e%20Interpretaci%5Cu00f3n%20de%20las%20universidades%20espa%5Cu00f1olas%2C%20como%20punto%20de%20partida%20del%20an%5Cu00e1lisis%20sobre%20la%20idoneidad%20de%20incluir%20acciones%20formativas%20adicionales%2C%20as%5Cu00ed%20como%20la%20reflexi%5Cu00f3n%20sobre%20las%20caracter%5Cu00edsticas%20principales%20que%20debe%20contener%20dicha%20formaci%5Cu00f3n.%22%2C%22date%22%3A%222018%22%2C%22section%22%3A%22%22%2C%22partNumber%22%3A%22%22%2C%22partTitle%22%3A%22%22%2C%22DOI%22%3A%22%22%2C%22citationKey%22%3A%22%22%2C%22url%22%3A%22https%3A%5C%2F%5C%2Fwww.calameo.com%5C%2Fread%5C%2F00440437704953dc1a44a%22%2C%22PMID%22%3A%22%22%2C%22PMCID%22%3A%22%22%2C%22ISSN%22%3A%222386-8414%22%2C%22language%22%3A%22es%22%2C%22collections%22%3A%5B%5D%2C%22dateModified%22%3A%222020-10-30T10%3A30%3A43Z%22%7D%7D%2C%7B%22key%22%3A%223276R8JS%22%2C%22library%22%3A%7B%22id%22%3A2580715%7D%2C%22meta%22%3A%7B%22creatorSummary%22%3A%22%5Cu00c1lvarez-Garc%5Cu00eda%22%2C%22parsedDate%22%3A%222020%22%2C%22numChildren%22%3A0%7D%2C%22bib%22%3A%22%26lt%3Bdiv%20class%3D%26quot%3Bcsl-bib-body%26quot%3B%20style%3D%26quot%3Bline-height%3A%202%3B%20padding-left%3A%201em%3B%20text-indent%3A-1em%3B%26quot%3B%26gt%3B%5Cn%20%20%26lt%3Bdiv%20class%3D%26quot%3Bcsl-entry%26quot%3B%26gt%3B%26%23xC1%3Blvarez-Garc%26%23xED%3Ba%2C%20C.%20%282020%29.%20Posedici%26%23xF3%3Bn%20en%20localizaci%26%23xF3%3Bn%20web.%20Propuesta%20did%26%23xE1%3Bctica%20alem%26%23xE1%3Bn-espa%26%23xF1%3Bol.%20In%20%26lt%3Bi%26gt%3BLas%20lenguas%20ibericas%20en%20la%20traducci%26%23xF3%3Bn%20e%20interpretaci%26%23xF3%3Bn%26lt%3B%5C%2Fi%26gt%3B%20%28pp.%2011%26%23x2013%3B27%29.%20BIBLIOTEKA%20IBERYJSKA%20%28Muzeum%20Historii%20Polskiego%20Ruchu%20Ludowego%29.%20%26lt%3Ba%20class%3D%26%23039%3Bzp-ItemURL%26%23039%3B%20href%3D%26%23039%3Bhttps%3A%5C%2F%5C%2Fmhprl.pl%5C%2Fwp-content%5C%2Fuploads%5C%2F2020%5C%2F01%5C%2FLas-lenguas-ibericas.pdf%26%23039%3B%26gt%3Bhttps%3A%5C%2F%5C%2Fmhprl.pl%5C%2Fwp-content%5C%2Fuploads%5C%2F2020%5C%2F01%5C%2FLas-lenguas-ibericas.pdf%26lt%3B%5C%2Fa%26gt%3B%26lt%3B%5C%2Fdiv%26gt%3B%5Cn%26lt%3B%5C%2Fdiv%26gt%3B%22%2C%22data%22%3A%7B%22itemType%22%3A%22bookSection%22%2C%22title%22%3A%22Posedici%5Cu00f3n%20en%20localizaci%5Cu00f3n%20web.%20Propuesta%20did%5Cu00e1ctica%20alem%5Cu00e1n-espa%5Cu00f1ol%22%2C%22creators%22%3A%5B%7B%22creatorType%22%3A%22author%22%2C%22firstName%22%3A%22Carmen%22%2C%22lastName%22%3A%22%5Cu00c1lvarez-Garc%5Cu00eda%22%7D%5D%2C%22abstractNote%22%3A%22Dada%20la%20creciente%20importancia%20de%20la%20pr%5Cu00e1ctica%20de%20la%20posedici%5Cu00f3n%20%28PE%29%20en%20la%20industria%20de%20la%20traducci%5Cu00f3n%2C%20se%20dise%5Cu00f1%5Cu00f3%20un%20proyecto%20de%20innovaci%5Cu00f3n%20docente%2C%20denominado%20%5Cu201cDesarrollo%20de%20%20la%20%20competencia%20%20instrumental%20%20profesional%20%20a%20%20trav%5Cu00e9s%20%20de%20%20la%20%20gesti%5Cu00f3n%20%20de%20%20proyectos%20%20de%20localizaci%5Cu00f3n%5Cu201d%2C%20en%20el%20que%20se%20buscaba%20potenciar%20competencias%20necesarias%20en%20la%20localizaci%5Cu00f3n%20web%20a%20trav%5Cu00e9s%20del%20uso%20de%20la%20posedici%5Cu00f3n%20de%20una%20traducci%5Cu00f3n%20autom%5Cu00e1tica%20%28PETA%29.%20En%20el%20proyecto%2C%20que%20se%20aplic%5Cu00f3%20con%20la%20combinaci%5Cu00f3n%20ling%5Cu00fc%5Cu00edstica%20alem%5Cu00e1n-espa%5Cu00f1ol-alem%5Cu00e1n%2C%20los%20estudiantes%20deb%5Cu00edan%20llevar%20a%20cabo%20un%20trabajo%20cooperativo%20en%20tres%20fases%20principales%3A%20realizaci%5Cu00f3n%20de%20la%20traducci%5Cu00f3n%20autom%5Cu00e1tica%20%28TA%29%20del%20contenido%20textual%20de%20una%20p%5Cu00e1gina%20web%2C%20evaluaci%5Cu00f3n%20de%20la%20calidad%20de%20la%20TA%20y%2C%20finalmente%2C%20PE%20de%20dicha%20TA%2C%20con%20el%20objetivo%20de%20integrarla%20en%20la%20localizaci%5Cu00f3n%20de%20la%20p%5Cu00e1gina%20web%20completa.%20Se%20ha%20llevado%20a%20cabo%20en%20asignaturas%20de%20Traducci%5Cu00f3n%20de%20Software%20y%20P%5Cu00e1ginas%20Web%2C%20con%20alem%5Cu00e1n%20como%20primera%20o%20segunda%20lengua%20extranjera%2C%20durante%20el%20curso%20acad%5Cu00e9mico%202017%5C%2F2018%2C%20en%20el%20Grado%20en%20Traducci%5Cu00f3n%20e%20Interpretaci%5Cu00f3n%20y%20en%20el%20Doble%20Grado%20en%20Humanidades%20y%20Traducci%5Cu00f3n%20e%20Interpretaci%5Cu00f3n%20de%20la%20Universidad%20Pablo%20de%20Olavide%20de%20Sevilla%2C%20Espa%5Cu00f1a.%20Como%20muestran%20los%20resultados%2C%20el%20proyecto%20potencia%20competencias%20instrumentales%20relacionadas%20con%20las%20nuevas%20tecnolog%5Cu00edas%20empleadas%20en%20la%20industria%20de%20la%20traducci%5Cu00f3n%2C%20as%5Cu00ed%20como%20diversas%20competencias%20transversales.%22%2C%22bookTitle%22%3A%22Las%20lenguas%20ibericas%20en%20la%20traducci%5Cu00f3n%20e%20interpretaci%5Cu00f3n%22%2C%22date%22%3A%222020%22%2C%22originalDate%22%3A%22%22%2C%22originalPublisher%22%3A%22%22%2C%22originalPlace%22%3A%22%22%2C%22format%22%3A%22%22%2C%22ISBN%22%3A%22978-83-65911-22-3%22%2C%22DOI%22%3A%22%22%2C%22citationKey%22%3A%22%22%2C%22url%22%3A%22https%3A%5C%2F%5C%2Fmhprl.pl%5C%2Fwp-content%5C%2Fuploads%5C%2F2020%5C%2F01%5C%2FLas-lenguas-ibericas.pdf%22%2C%22ISSN%22%3A%22%22%2C%22language%22%3A%22es%22%2C%22collections%22%3A%5B%5D%2C%22dateModified%22%3A%222020-10-30T10%3A27%3A10Z%22%7D%7D%2C%7B%22key%22%3A%2295NYXJ2G%22%2C%22library%22%3A%7B%22id%22%3A2580715%7D%2C%22meta%22%3A%7B%22creatorSummary%22%3A%22%5Cu00c1lvarez-Garc%5Cu00eda%22%2C%22parsedDate%22%3A%222018-08-08%22%2C%22numChildren%22%3A1%7D%2C%22bib%22%3A%22%26lt%3Bdiv%20class%3D%26quot%3Bcsl-bib-body%26quot%3B%20style%3D%26quot%3Bline-height%3A%202%3B%20padding-left%3A%201em%3B%20text-indent%3A-1em%3B%26quot%3B%26gt%3B%5Cn%20%20%26lt%3Bdiv%20class%3D%26quot%3Bcsl-entry%26quot%3B%26gt%3B%26%23xC1%3Blvarez-Garc%26%23xED%3Ba%2C%20C.%20%282018%29.%20%26lt%3Bi%26gt%3BCurso%20sobre%20localizaci%26%23xF3%3Bn%20web%20alem%26%23xE1%3Bn-espa%26%23xF1%3Bol.%20M%26%23xF3%3Bdulo%20I%3A%20Nivel%20b%26%23xE1%3Bsico%26lt%3B%5C%2Fi%26gt%3B.%20eumed.net.%20%26lt%3Ba%20class%3D%26%23039%3Bzp-ItemURL%26%23039%3B%20href%3D%26%23039%3Bhttps%3A%5C%2F%5C%2Fwww.eumed.net%5C%2Flibros%5C%2F1774%5C%2Findex.html%26%23039%3B%26gt%3Bhttps%3A%5C%2F%5C%2Fwww.eumed.net%5C%2Flibros%5C%2F1774%5C%2Findex.html%26lt%3B%5C%2Fa%26gt%3B%26lt%3B%5C%2Fdiv%26gt%3B%5Cn%26lt%3B%5C%2Fdiv%26gt%3B%22%2C%22data%22%3A%7B%22itemType%22%3A%22book%22%2C%22title%22%3A%22Curso%20sobre%20localizaci%5Cu00f3n%20web%20alem%5Cu00e1n-espa%5Cu00f1ol.%20M%5Cu00f3dulo%20I%3A%20Nivel%20b%5Cu00e1sico%22%2C%22creators%22%3A%5B%7B%22creatorType%22%3A%22author%22%2C%22firstName%22%3A%22Carmen%22%2C%22lastName%22%3A%22%5Cu00c1lvarez-Garc%5Cu00eda%22%7D%5D%2C%22abstractNote%22%3A%22En%20un%20mundo%20globalizado%20en%20el%20que%20se%20hace%20imprescindible%20acceder%20a%20clientes%20en%20mercados%20extranjeros%2C%20la%20localizaci%5Cu00f3n%20web%20se%20hace%20imprescindible%2C%20ya%20que%20adaptar%20el%20mensaje%20del%20sitio%20web%20corporativo%20a%20la%20lengua%20y%20la%20cultura%20del%20mercado%20objetivo%20permite%20a%20las%20empresas%20alcanzar%20a%20clientes%20potenciales%20que%2C%20de%20otro%20modo%2C%20no%20ser%5Cu00eda%20posible.%20Para%20que%20la%20localizaci%5Cu00f3n%20web%20sea%20efectiva%20es%20necesario%20tener%20en%20cuenta%20diversos%20elementos%2C%20ya%20sean%20ling%5Cu00fc%5Cu00edsticos%2C%20culturales%20o%20t%5Cu00e9cnicos.%5CnEl%20presente%20manual%20presenta%20los%20conocimientos%20b%5Cu00e1sicos%20necesarios%20para%20llevar%20a%20cabo%20una%20localizaci%5Cu00f3n%20web%20de%20calidad%20y%20se%20presenta%20como%20introducci%5Cu00f3n%20a%20la%20materia%20y%20como%20aprendizaje%20previo%20necesario%20para%20afrontar%20las%20unidades%20contenidas%20en%20el%20segundo%20manual%20con%20conocimientos%20avanzados.%20Est%5Cu00e1%20dise%5Cu00f1ado%20integrando%20conocimientos%20te%5Cu00f3ricos%20y%20ejemplos%20pr%5Cu00e1cticos%20e%20incluye%20ejercicios%20resueltos%20y%20encargos%20de%20localizaci%5Cu00f3n.%22%2C%22date%22%3A%222018%5C%2F08%5C%2F08%22%2C%22originalDate%22%3A%22%22%2C%22originalPublisher%22%3A%22%22%2C%22originalPlace%22%3A%22%22%2C%22format%22%3A%22%22%2C%22ISBN%22%3A%22978-84-17583-18-7%22%2C%22DOI%22%3A%22%22%2C%22citationKey%22%3A%22%22%2C%22url%22%3A%22https%3A%5C%2F%5C%2Fwww.eumed.net%5C%2Flibros%5C%2F1774%5C%2Findex.html%22%2C%22ISSN%22%3A%22%22%2C%22language%22%3A%22es%22%2C%22collections%22%3A%5B%5D%2C%22dateModified%22%3A%222020-10-30T10%3A25%3A25Z%22%7D%7D%2C%7B%22key%22%3A%22JXLBAWGE%22%2C%22library%22%3A%7B%22id%22%3A2580715%7D%2C%22meta%22%3A%7B%22creatorSummary%22%3A%22%5Cu00c1lvarez-Garc%5Cu00eda%22%2C%22parsedDate%22%3A%222018-08-08%22%2C%22numChildren%22%3A1%7D%2C%22bib%22%3A%22%26lt%3Bdiv%20class%3D%26quot%3Bcsl-bib-body%26quot%3B%20style%3D%26quot%3Bline-height%3A%202%3B%20padding-left%3A%201em%3B%20text-indent%3A-1em%3B%26quot%3B%26gt%3B%5Cn%20%20%26lt%3Bdiv%20class%3D%26quot%3Bcsl-entry%26quot%3B%26gt%3B%26%23xC1%3Blvarez-Garc%26%23xED%3Ba%2C%20C.%20%282018%29.%20%26lt%3Bi%26gt%3BCurso%20sobre%20localizaci%26%23xF3%3Bn%20web%20alem%26%23xE1%3Bn-espa%26%23xF1%3Bol.%20M%26%23xF3%3Bdulo%20II%3A%20Nivel%20avanzado%26lt%3B%5C%2Fi%26gt%3B.%20eumed.net.%20%26lt%3Ba%20class%3D%26%23039%3Bzp-ItemURL%26%23039%3B%20href%3D%26%23039%3Bhttps%3A%5C%2F%5C%2Fwww.eumed.net%5C%2Flibros%5C%2F1775%5C%2Findex.html%26%23039%3B%26gt%3Bhttps%3A%5C%2F%5C%2Fwww.eumed.net%5C%2Flibros%5C%2F1775%5C%2Findex.html%26lt%3B%5C%2Fa%26gt%3B%26lt%3B%5C%2Fdiv%26gt%3B%5Cn%26lt%3B%5C%2Fdiv%26gt%3B%22%2C%22data%22%3A%7B%22itemType%22%3A%22book%22%2C%22title%22%3A%22Curso%20sobre%20localizaci%5Cu00f3n%20web%20alem%5Cu00e1n-espa%5Cu00f1ol.%20M%5Cu00f3dulo%20II%3A%20Nivel%20avanzado%22%2C%22creators%22%3A%5B%7B%22creatorType%22%3A%22author%22%2C%22firstName%22%3A%22Carmen%22%2C%22lastName%22%3A%22%5Cu00c1lvarez-Garc%5Cu00eda%22%7D%5D%2C%22abstractNote%22%3A%22El%20presente%20manual%20presenta%20un%20avance%20respecto%20a%20los%20conocimientos%20b%5Cu00e1sicos%20adquiridos%20a%20trav%5Cu00e9s%20de%20las%20unidades%20contenidas%20en%20el%20primer%20manual%20de%20nivel%20inicial%2C%20necesarios%20para%20llevar%20a%20cabo%20una%20localizaci%5Cu00f3n%20web%20de%20calidad.%20Est%5Cu00e1%20dise%5Cu00f1ado%20integrando%20conocimientos%20te%5Cu00f3ricos%20y%20ejemplos%20pr%5Cu00e1cticos%20e%20incluye%20ejercicios%20resueltos%20y%20encargos%20de%20localizaci%5Cu00f3n.%22%2C%22date%22%3A%222018%5C%2F08%5C%2F08%22%2C%22originalDate%22%3A%22%22%2C%22originalPublisher%22%3A%22%22%2C%22originalPlace%22%3A%22%22%2C%22format%22%3A%22%22%2C%22ISBN%22%3A%22978-84-17583-19-4%22%2C%22DOI%22%3A%22%22%2C%22citationKey%22%3A%22%22%2C%22url%22%3A%22https%3A%5C%2F%5C%2Fwww.eumed.net%5C%2Flibros%5C%2F1775%5C%2Findex.html%22%2C%22ISSN%22%3A%22%22%2C%22language%22%3A%22es%22%2C%22collections%22%3A%5B%5D%2C%22dateModified%22%3A%222020-10-30T10%3A24%3A43Z%22%7D%7D%2C%7B%22key%22%3A%223K43EDXG%22%2C%22library%22%3A%7B%22id%22%3A2580715%7D%2C%22meta%22%3A%7B%22lastModifiedByUser%22%3A%7B%22id%22%3A6987423%2C%22username%22%3A%22ChristianeLimbach%22%2C%22name%22%3A%22%22%2C%22links%22%3A%7B%22alternate%22%3A%7B%22href%22%3A%22https%3A%5C%2F%5C%2Fwww.zotero.org%5C%2Fchristianelimbach%22%2C%22type%22%3A%22text%5C%2Fhtml%22%7D%7D%7D%2C%22creatorSummary%22%3A%22%5Cu00c1lvarez-Garc%5Cu00eda%20and%20Limbach%22%2C%22parsedDate%22%3A%222019%22%2C%22numChildren%22%3A0%7D%2C%22bib%22%3A%22%26lt%3Bdiv%20class%3D%26quot%3Bcsl-bib-body%26quot%3B%20style%3D%26quot%3Bline-height%3A%202%3B%20padding-left%3A%201em%3B%20text-indent%3A-1em%3B%26quot%3B%26gt%3B%5Cn%20%20%26lt%3Bdiv%20class%3D%26quot%3Bcsl-entry%26quot%3B%26gt%3B%26%23xC1%3Blvarez-Garc%26%23xED%3Ba%2C%20C.%2C%20%26amp%3B%20Limbach%2C%20C.%20%282019%29.%20La%20interpretaci%26%23xF3%3Bn%20bilateral%20en%20el%20%26%23xE1%3Bmbito%20tur%26%23xED%3Bstico%3A%20evaluaci%26%23xF3%3Bn.%20%26lt%3Bi%26gt%3BFuthark.%20Revista%20de%20investigaci%26%23xF3%3Bn%20y%20cultura%26lt%3B%5C%2Fi%26gt%3B%2C%20%2814%29.%26lt%3B%5C%2Fdiv%26gt%3B%5Cn%26lt%3B%5C%2Fdiv%26gt%3B%22%2C%22data%22%3A%7B%22itemType%22%3A%22journalArticle%22%2C%22title%22%3A%22La%20interpretaci%5Cu00f3n%20bilateral%20en%20el%20%5Cu00e1mbito%20tur%5Cu00edstico%3A%20evaluaci%5Cu00f3n%22%2C%22creators%22%3A%5B%7B%22creatorType%22%3A%22author%22%2C%22firstName%22%3A%22Carmen%22%2C%22lastName%22%3A%22%5Cu00c1lvarez-Garc%5Cu00eda%22%7D%2C%7B%22creatorType%22%3A%22author%22%2C%22firstName%22%3A%22Christiane%22%2C%22lastName%22%3A%22Limbach%22%7D%5D%2C%22abstractNote%22%3A%22A%20partir%20de%20la%20matriz%20formativa%20para%20evaluar%20la%20interpretaci%5Cu00f3n%20consecutiva%20de%20Dom%5Cu00ednguez%20Ara%5Cu00fajo%20%282013%29%20hemos%20elaborado%20una%20r%5Cu00fabrica%20espec%5Cu00edfica%20para%20evaluar%20la%20interpretaci%5Cu00f3n%20bilateral%20y%20la%20hemos%20aplicado%20a%20un%20corpus%20de%20interpretaciones%20bilaterales%20con%20la%20intenci%5Cu00f3n%20de%20dise%5Cu00f1ar%20estrategias%20did%5Cu00e1cticas%20%5Cu00fatiles%20en%20la%20formaci%5Cu00f3n%20en%20este%20tipo%20de%20interpretaci%5Cu00f3n.%20La%20evaluaci%5Cu00f3n%20del%20corpus%2C%20compuesto%20por%2014%20ex%5Cu00e1menes%20finales%20de%20interpretaci%5Cu00f3n%20bilateral%20en%20el%20turismo%20con%20la%20combinaci%5Cu00f3n%20ling%5Cu00fc%5Cu00edstica%20alem%5Cu00e1n-espa%5Cu00f1ol%2C%20ha%20permitido%20categorizar%20los%20elementos%20en%20los%20que%20se%20cometen%20con%20mayor%20frecuencia%20los%20errores%20que%20impiden%20la%20producci%5Cu00f3n%20de%20una%20interpretaci%5Cu00f3n%20adecuada.%20Los%20resultados%20son%20positivos%20en%20cuanto%20a%20la%20expresi%5Cu00f3n%20en%20lengua%20materna%20y%20en%20la%20resoluci%5Cu00f3n%20de%20problemas.%20No%20obstante%2C%20constatan%20la%20necesidad%20de%20establecer%20nuevas%20estrategias%20did%5Cu00e1cticas%20que%20busquen%20mejorar%20la%20expresi%5Cu00f3n%20en%20la%20lengua%20extranjera.%20Adem%5Cu00e1s%2C%20hemos%20podido%20comprobar%20que%20los%20errores%20m%5Cu00e1s%20frecuentes%20de%20los%20estudiantes%20son%20las%20omisiones%20de%20informaci%5Cu00f3n%20relevante%20y%20los%20cambios%20de%20sentido%20respecto%20al%20mensaje%20original.%20El%20an%5Cu00e1lisis%20muestra%20que%20la%20r%5Cu00fabrica%20elaborada%20para%20la%20evaluaci%5Cu00f3n%20de%20interpretaciones%20bilaterales%20puede%20ser%20%5Cu00fatil%20tanto%20para%20la%20gesti%5Cu00f3n%20y%20dise%5Cu00f1o%20de%20estrategias%20did%5Cu00e1cticas%20como%20para%20potenciar%20el%20autoaprendizaje%20por%20parte%20de%20los%20estudiantes.%5CnBased%20on%20the%20assessment%20rubric%20for%20consecutive%20interpretation%2C%20by%20Dom%5Cu00ednguez%20Ara%5Cu00fajo%20%282013%29%2C%20we%20have%20elaborated%20a%20specific%20rubric%20for%20the%20assessment%20of%20bilateral%20interpretation%20that%20has%20been%20applied%20to%20a%20corpus%20formed%20by%20bilateral%20interpretations%2C%20in%20order%20to%20design%20didactic%20strategies%20useful%20for%20training%20in%20this%20kind%20of%20interpretation.%20The%20evaluation%20of%20the%2014%20final%20exams%20on%20bilateral%20interpretation%20in%20the%20touristic%20field%20%28German-Spanish%29%2C%20included%20in%20the%20corpus%2C%20allows%20the%20categorisation%20of%20those%20elements%20where%20errors%20more%20frequently%20occur%20preventing%20adequate%20interpretations.%20Results%20show%20that%20students%20perform%20well%20in%20expression%20in%20their%20mother%20tongue%20and%20in%20problem%20solving.%20They%20highlight%2C%20however%2C%20the%20needs%20for%20implementing%20new%20didactic%20strategies%20to%20improve%20the%20expression%20in%20the%20foreign%20language.%20Often%2C%20too%2C%20students%20omit%20relevant%20information%20from%20the%20original%20text%20or%20introduce%20changes%20in%20meaning.%20The%20analysis%20shows%20that%20the%20rubric%20elaborated%20to%20assess%20bilateral%20interpretations%20can%20be%20a%20useful%20tool%20for%20managing%20and%20designing%20didactic%20strategies%20as%20well%20as%20a%20self-learning%20tool%20for%20students.%22%2C%22date%22%3A%222019%22%2C%22section%22%3A%22%22%2C%22partNumber%22%3A%22%22%2C%22partTitle%22%3A%22%22%2C%22DOI%22%3A%22%22%2C%22citationKey%22%3A%22%22%2C%22url%22%3A%22%22%2C%22PMID%22%3A%22%22%2C%22PMCID%22%3A%22%22%2C%22ISSN%22%3A%221886-9300%22%2C%22language%22%3A%22es%22%2C%22collections%22%3A%5B%5D%2C%22dateModified%22%3A%222020-10-30T10%3A23%3A11Z%22%7D%7D%2C%7B%22key%22%3A%22SRQ5IH7T%22%2C%22library%22%3A%7B%22id%22%3A2580715%7D%2C%22meta%22%3A%7B%22lastModifiedByUser%22%3A%7B%22id%22%3A256956%2C%22username%22%3A%22Elena%20Romera%22%2C%22name%22%3A%22%22%2C%22links%22%3A%7B%22alternate%22%3A%7B%22href%22%3A%22https%3A%5C%2F%5C%2Fwww.zotero.org%5C%2Felena_romera%22%2C%22type%22%3A%22text%5C%2Fhtml%22%7D%7D%7D%2C%22creatorSummary%22%3A%22%5Cu00c1lvarez-Garc%5Cu00eda%22%2C%22parsedDate%22%3A%222019%22%2C%22numChildren%22%3A0%7D%2C%22bib%22%3A%22%26lt%3Bdiv%20class%3D%26quot%3Bcsl-bib-body%26quot%3B%20style%3D%26quot%3Bline-height%3A%202%3B%20padding-left%3A%201em%3B%20text-indent%3A-1em%3B%26quot%3B%26gt%3B%5Cn%20%20%26lt%3Bdiv%20class%3D%26quot%3Bcsl-entry%26quot%3B%26gt%3B%26%23xC1%3Blvarez-Garc%26%23xED%3Ba%2C%20C.%20%282019%29.%20Pr%26%23xE1%3Bctica%20de%20posedici%26%23xF3%3Bn%20en%20formaci%26%23xF3%3Bn%20en%20traducci%26%23xF3%3Bn%20especializada.%20%26lt%3Bi%26gt%3BCaracteres%3A%20estudios%20culturales%20y%20cr%26%23xED%3Bticos%20de%20la%20esfera%20digital%26lt%3B%5C%2Fi%26gt%3B%2C%20%26lt%3Bi%26gt%3B8%26lt%3B%5C%2Fi%26gt%3B%282%29%2C%2067%26%23x2013%3B91.%20%26lt%3Ba%20class%3D%26%23039%3Bzp-ItemURL%26%23039%3B%20href%3D%26%23039%3Bhttps%3A%5C%2F%5C%2Fdialnet.unirioja.es%5C%2Fdescarga%5C%2Farticulo%5C%2F7323496.pdf%26%23039%3B%26gt%3Bhttps%3A%5C%2F%5C%2Fdialnet.unirioja.es%5C%2Fdescarga%5C%2Farticulo%5C%2F7323496.pdf%26lt%3B%5C%2Fa%26gt%3B%26lt%3B%5C%2Fdiv%26gt%3B%5Cn%26lt%3B%5C%2Fdiv%26gt%3B%22%2C%22data%22%3A%7B%22itemType%22%3A%22journalArticle%22%2C%22title%22%3A%22Pr%5Cu00e1ctica%20de%20posedici%5Cu00f3n%20en%20formaci%5Cu00f3n%20en%20traducci%5Cu00f3n%20especializada%22%2C%22creators%22%3A%5B%7B%22creatorType%22%3A%22author%22%2C%22firstName%22%3A%22Carmen%22%2C%22lastName%22%3A%22%5Cu00c1lvarez-Garc%5Cu00eda%22%7D%5D%2C%22abstractNote%22%3A%22The%20impact%20of%20new%20technologies%20in%20the%20translation%20industry%20has%20produced%20an%20ongoing%20debate%20in%20recent%20decades%2C%20especially%20regarding%20to%20certain%20tools%20that%20are%20becoming%20more%20prevalent.%20A%20particularly%20controversial%20issue%20relates%20to%20machine%20translation%20post-editing%20%28MTPE%29%2C%20and%20that%20has%20fostered%20an%20interest%20in%20analyzing%20the%20applicability%20of%20MTPE%20in%20translator%20training.%20A%20literature%20review%20on%20the%20different%20IT%20tools%20that%20are%20being%20used%20in%20the%20translation%20industry%20has%20been%20conducted%20in%20order%20to%20design%20a%20collaborative%20post-editing%20project%20to%20be%20carried%20out%20in%20specialized%20translation%20training.%20The%20most%20relevant%20results%20presented%20in%20this%20paper%20show%2C%20on%20one%20hand%2C%20an%20improvement%20in%20various%20competences%20useful%20for%20translation%20and%2C%20on%20the%20other%20hand%2C%20that%20the%20project%20was%20well%20received%20by%20the%20participant%20students.%5Cn%5CnEl%20efecto%20que%20est%5Cu00e1n%20produciendo%20en%20los%20%5Cu00faltimos%20a%5Cu00f1os%20las%20nuevas%20tecnolog%5Cu00edas%20en%20la%20industria%20de%20la%20traducci%5Cu00f3n%20ha%20conllevado%20un%20prol%5Cu00edfero%20debate%20sobre%20determinadas%20pr%5Cu00e1cticas%20que%20parece%20que%20se%20est%5Cu00e1n%20imponiendo%20en%20el%20sector.%20Especialmente%20controvertido%20es%20el%20empleo%20de%20la%20posedici%5Cu00f3n%20de%20traducciones%20autom%5Cu00e1ticas%20%28PETA%29%2C%20lo%20que%20ha%20motivado%20nuestro%20inter%5Cu00e9s%20por%20analizar%20los%20resultados%20de%20una%20experiencia%20de%20aplicaci%5Cu00f3n%20de%20PETA%20en%20la%20formaci%5Cu00f3n%20de%20traductores.%20Para%20ello%2C%20partiendo%20de%20las%20investigaciones%20existentes%20relacionadas%20con%20las%20diversas%20tecnolog%5Cu00edas%20que%20se%20vienen%20aplicando%20en%20la%20industria%20de%20la%20traducci%5Cu00f3n%2C%20se%20dise%5Cu00f1%5Cu00f3%20un%20proyecto%20cooperativo%20de%20gesti%5Cu00f3n%20de%20posedici%5Cu00f3n%20%28PE%29%20para%20llevarlo%20a%20cabo%20en%20el%20aula%20de%20traducci%5Cu00f3n%20especializada.%20En%20este%20art%5Cu00edculo%2C%20se%20presentan%20los%20resultados%20m%5Cu00e1s%20relevantes%20del%20proyecto%2C%20que%20muestran%2C%20por%20un%20lado%2C%20la%20mejora%20en%20el%20desarrollo%20de%20diversas%20competencias%20%5Cu00fatiles%20para%20la%20traducci%5Cu00f3n%20y%2C%20por%20otro%2C%20la%20buena%20acogida%20por%20parte%20de%20los%20estudiantes%20participantes%20en%20el%20proyecto.%22%2C%22date%22%3A%222019%22%2C%22section%22%3A%22%22%2C%22partNumber%22%3A%22%22%2C%22partTitle%22%3A%22%22%2C%22DOI%22%3A%22%22%2C%22citationKey%22%3A%22%22%2C%22url%22%3A%22https%3A%5C%2F%5C%2Fdialnet.unirioja.es%5C%2Fdescarga%5C%2Farticulo%5C%2F7323496.pdf%22%2C%22PMID%22%3A%22%22%2C%22PMCID%22%3A%22%22%2C%22ISSN%22%3A%222254-4496%22%2C%22language%22%3A%22es%22%2C%22collections%22%3A%5B%5D%2C%22dateModified%22%3A%222020-10-30T10%3A21%3A33Z%22%7D%7D%2C%7B%22key%22%3A%227HK34A8B%22%2C%22library%22%3A%7B%22id%22%3A2580715%7D%2C%22meta%22%3A%7B%22creatorSummary%22%3A%22%5Cu00c1lvarez-Garc%5Cu00eda%22%2C%22parsedDate%22%3A%222019%22%2C%22numChildren%22%3A0%7D%2C%22bib%22%3A%22%26lt%3Bdiv%20class%3D%26quot%3Bcsl-bib-body%26quot%3B%20style%3D%26quot%3Bline-height%3A%202%3B%20padding-left%3A%201em%3B%20text-indent%3A-1em%3B%26quot%3B%26gt%3B%5Cn%20%20%26lt%3Bdiv%20class%3D%26quot%3Bcsl-entry%26quot%3B%26gt%3B%26%23xC1%3Blvarez-Garc%26%23xED%3Ba%2C%20C.%20%282019%29.%20Translation%20in%20Financial%20Spanish%3A%20A%20Corpus-based%20Study%20on%20the%20use%20of%20Metaphor.%20%26lt%3Bi%26gt%3BCurrent%20Trends%20in%20Translation%20Teaching%20and%20Learning%26lt%3B%5C%2Fi%26gt%3B%2C%20%286%29%2C%20331%26%23x2013%3B356.%20%26lt%3Ba%20class%3D%26%23039%3Bzp-ItemURL%26%23039%3B%20href%3D%26%23039%3Bhttp%3A%5C%2F%5C%2Fwww.cttl.org%5C%2Fuploads%5C%2F5%5C%2F2%5C%2F4%5C%2F3%5C%2F5243866%5C%2Fcttl_2019__11.pdf%26%23039%3B%26gt%3Bhttp%3A%5C%2F%5C%2Fwww.cttl.org%5C%2Fuploads%5C%2F5%5C%2F2%5C%2F4%5C%2F3%5C%2F5243866%5C%2Fcttl_2019__11.pdf%26lt%3B%5C%2Fa%26gt%3B%26lt%3B%5C%2Fdiv%26gt%3B%5Cn%26lt%3B%5C%2Fdiv%26gt%3B%22%2C%22data%22%3A%7B%22itemType%22%3A%22journalArticle%22%2C%22title%22%3A%22Translation%20in%20Financial%20Spanish%3A%20A%20Corpus-based%20Study%20on%20the%20use%20of%20Metaphor%22%2C%22creators%22%3A%5B%7B%22creatorType%22%3A%22author%22%2C%22firstName%22%3A%22Carmen%22%2C%22lastName%22%3A%22%5Cu00c1lvarez-Garc%5Cu00eda%22%7D%5D%2C%22abstractNote%22%3A%22This%20%20paper%20%20presents%20%20a%20%20study%20%20aimed%20%20to%20%20analyse%20%20variation%20%20in%20%20one%20%20of%20%20the%20characteristics%20commonly%20attributed%20to%20economic%20and%20financial%20language%2C%20the%20frequent%20use%20of%20metaphor%20as%20an%20expressive%20resource%2C%20in%20order%20to%20help%20the%20translation%20into%20Spanish%20of%20economic%20texts%20and%20its%20training.%20To%20this%20end%2C%20a%20corpus%20%20of%20%20texts%20%20has%20%20been%20%20compiled%20%20pertaining%20%20to%20%20economic%20%20and%2C%20%20more%20specifically%2C%20financial%20language.%20The%20sources%20have%20been%20the%20European%20Central%20Bank%2C%20Spanish%20press%2C%20whether%20specialised%20in%20economics%20or%20generalist%2C%20and%20websites%20of%20different%20financial%20institutions.%20The%20texts%20included%20in%20the%20studied%20corpus%20deal%20with%20the%20same%20subject%20matter%2C%20more%20specifically%20the%20regulation%20of%20banking%20transfers%20between%20countries%20in%20the%20Eurozone%2C%20ruled%20by%20the%20Single%20Euro%20Payments%20Area%20legislation%2C%20and%20can%20be%20classified%20into%20different%20textual%20genres.%20The%20findings%20show%20significant%20variation%20in%20the%20use%20of%20metaphor%20in%20the%20texts%20studied%20depending%20on%20the%20type%20of%20discourse%20within%20which%20the%20text%20is%20framed%2C%20which%20has%20implications%20for%20the%20teaching%20of%20translation%20and%20for%20the%20profession%20itself.%22%2C%22date%22%3A%222019%22%2C%22section%22%3A%22%22%2C%22partNumber%22%3A%22%22%2C%22partTitle%22%3A%22%22%2C%22DOI%22%3A%22%22%2C%22citationKey%22%3A%22%22%2C%22url%22%3A%22http%3A%5C%2F%5C%2Fwww.cttl.org%5C%2Fuploads%5C%2F5%5C%2F2%5C%2F4%5C%2F3%5C%2F5243866%5C%2Fcttl_2019__11.pdf%22%2C%22PMID%22%3A%22%22%2C%22PMCID%22%3A%22%22%2C%22ISSN%22%3A%222342-7205%22%2C%22language%22%3A%22en%22%2C%22collections%22%3A%5B%5D%2C%22dateModified%22%3A%222020-10-30T10%3A21%3A06Z%22%7D%7D%2C%7B%22key%22%3A%22EIB2RF5D%22%2C%22library%22%3A%7B%22id%22%3A2580715%7D%2C%22meta%22%3A%7B%22lastModifiedByUser%22%3A%7B%22id%22%3A256956%2C%22username%22%3A%22Elena%20Romera%22%2C%22name%22%3A%22%22%2C%22links%22%3A%7B%22alternate%22%3A%7B%22href%22%3A%22https%3A%5C%2F%5C%2Fwww.zotero.org%5C%2Felena_romera%22%2C%22type%22%3A%22text%5C%2Fhtml%22%7D%7D%7D%2C%22creatorSummary%22%3A%22%5Cu00c1lvarez-Garc%5Cu00eda%22%2C%22parsedDate%22%3A%222020%22%2C%22numChildren%22%3A0%7D%2C%22bib%22%3A%22%26lt%3Bdiv%20class%3D%26quot%3Bcsl-bib-body%26quot%3B%20style%3D%26quot%3Bline-height%3A%202%3B%20padding-left%3A%201em%3B%20text-indent%3A-1em%3B%26quot%3B%26gt%3B%5Cn%20%20%26lt%3Bdiv%20class%3D%26quot%3Bcsl-entry%26quot%3B%26gt%3B%26%23xC1%3Blvarez-Garc%26%23xED%3Ba%2C%20C.%20%282020%29.%20Inicio%20al%20aprendizaje%20de%20la%20traducci%26%23xF3%3Bn%20mediante%20el%20empleo%20de%20la%20posedici%26%23xF3%3Bn.%20In%20%26lt%3Bi%26gt%3BInvestigaci%26%23xF3%3Bn%20traductol%26%23xF3%3Bgica%20en%20la%20ense%26%23xF1%3Banza%20y%20pr%26%23xE1%3Bctica%20profesional%20de%20la%5Cntraducci%26%23xF3%3Bn%20y%20la%20interpretaci%26%23xF3%3Bn%26lt%3B%5C%2Fi%26gt%3B.%20Comares.%26lt%3B%5C%2Fdiv%26gt%3B%5Cn%26lt%3B%5C%2Fdiv%26gt%3B%22%2C%22data%22%3A%7B%22itemType%22%3A%22bookSection%22%2C%22title%22%3A%22Inicio%20al%20aprendizaje%20de%20la%20traducci%5Cu00f3n%20mediante%20el%20empleo%20de%20la%20posedici%5Cu00f3n%22%2C%22creators%22%3A%5B%7B%22creatorType%22%3A%22author%22%2C%22firstName%22%3A%22Carmen%22%2C%22lastName%22%3A%22%5Cu00c1lvarez-Garc%5Cu00eda%22%7D%5D%2C%22abstractNote%22%3A%22La%20irrupci%5Cu00f3n%20del%20empleo%20de%20la%20traducci%5Cu00f3n%20autom%5Cu00e1tica%20en%20el%20sector%20de%20la%20traducci%5Cu00f3n%20no%20ha%20pasado%20desapercibida%20y%20podemos%20observar%20diferentes%20voces%20que%20se%20posicionan%20a%20favor%20y%20en%20contra%2C%20advirtiendo%20de%20sus%20ventajas%20y%20sus%20riesgos%20para%20el%20sector%20de%20la%20traducci%5Cu00f3n.%20En%20esta%20presentaci%5Cu00f3n%2C%20nos%20proponemos%20mostrar%20reflexiones%20sobre%20la%20idoneidad%20de%20incluir%20la%20posedici%5Cu00f3n%20de%20traducciones%20autom%5Cu00e1ticas%20en%20la%20ense%5Cu00f1anza%20de%20la%20traducci%5Cu00f3n%20en%20las%20primeras%20etapas%20del%20aprendizaje.%20Presentaremos%20los%20resultados%20de%20un%20an%5Cu00e1lisis%20realizado%2C%20para%20el%20que%20hemos%20llevado%20al%20aula%20de%20traducci%5Cu00f3n%20general%20%28alem%5Cu00e1n-espa%5Cu00f1ol%29%20una%20actividad%20en%20la%20que%20se%20han%20combinado%20la%20traducci%5Cu00f3n%20humana%20y%20la%20posedici%5Cu00f3n%20de%20traducci%5Cu00f3n%20autom%5Cu00e1tica%2C%20empleando%20para%20ello%20dos%20fragmentos%20consecutivos%20de%20un%20mismo%20texto.%20El%20corpus%20sometido%20a%20estudio%20est%5Cu00e1%20conformado%20por%20los%20trabajos%20de%20evaluaci%5Cu00f3n%20de%20un%20grupo%20de%2055%20alumnos%20de%20la%20asignatura%20obligatoria%20%5Cu201cTraducci%5Cu00f3n%20de%20textos%20alemanes%5Cu201d%2C%20que%20supone%20el%20primer%20contacto%20con%20la%20formaci%5Cu00f3n%20en%20traducci%5Cu00f3n%20para%20los%20estudiantes%20del%20Grado%20en%20Lengua%20y%20Literatura%20Alemanas%20de%20la%20Universidad%20de%20Sevilla%20%28Espa%5Cu00f1a%29.%20Tanto%20las%20posediciones%20como%20las%20traducciones%20ser%5Cu00e1n%20sometidas%20a%20una%20evaluaci%5Cu00f3n%20anal%5Cu00edtica%2C%20para%20lo%20que%20se%20han%20establecido%20categor%5Cu00edas%20de%20errores%20con%20calificaci%5Cu00f3n%20num%5Cu00e9rica%2C%20as%5Cu00ed%20como%20calificaciones%20sumativas%20por%20aciertos%2C%20con%20la%20intenci%5Cu00f3n%20de%20otorgarles%20una%20nota%20final%20a%20cada%20proceso%20y%20comparar%20los%20resultados.%20De%20esta%20manera%2C%20se%20pretende%20llegar%20a%20conclusiones%20sobre%20las%20diferencias%20en%20la%20calidad%20del%20texto%20producido%20por%20un%20alumno%20principiante%20cuando%20posedita%20una%20traducci%5Cu00f3n%20autom%5Cu00e1tica%20y%20cuando%20traduce%20sin%20empleo%20de%20motores%20autom%5Cu00e1ticos.%22%2C%22bookTitle%22%3A%22Investigaci%5Cu00f3n%20traductol%5Cu00f3gica%20en%20la%20ense%5Cu00f1anza%20y%20pr%5Cu00e1ctica%20profesional%20de%20la%5Cntraducci%5Cu00f3n%20y%20la%20interpretaci%5Cu00f3n%22%2C%22date%22%3A%222020%22%2C%22originalDate%22%3A%22%22%2C%22originalPublisher%22%3A%22%22%2C%22originalPlace%22%3A%22%22%2C%22format%22%3A%22%22%2C%22ISBN%22%3A%22978-84-9045-957-7%22%2C%22DOI%22%3A%22%22%2C%22citationKey%22%3A%22%22%2C%22url%22%3A%22%22%2C%22ISSN%22%3A%22%22%2C%22language%22%3A%22es%22%2C%22collections%22%3A%5B%5D%2C%22dateModified%22%3A%222020-10-30T10%3A18%3A44Z%22%7D%7D%2C%7B%22key%22%3A%22MQNRP4NF%22%2C%22library%22%3A%7B%22id%22%3A2580715%7D%2C%22meta%22%3A%7B%22lastModifiedByUser%22%3A%7B%22id%22%3A256956%2C%22username%22%3A%22Elena%20Romera%22%2C%22name%22%3A%22%22%2C%22links%22%3A%7B%22alternate%22%3A%7B%22href%22%3A%22https%3A%5C%2F%5C%2Fwww.zotero.org%5C%2Felena_romera%22%2C%22type%22%3A%22text%5C%2Fhtml%22%7D%7D%7D%2C%22creatorSummary%22%3A%22%5Cu00c1lvarez-Garc%5Cu00eda%22%2C%22parsedDate%22%3A%222011-12-01%22%2C%22numChildren%22%3A0%7D%2C%22bib%22%3A%22%26lt%3Bdiv%20class%3D%26quot%3Bcsl-bib-body%26quot%3B%20style%3D%26quot%3Bline-height%3A%202%3B%20padding-left%3A%201em%3B%20text-indent%3A-1em%3B%26quot%3B%26gt%3B%5Cn%20%20%26lt%3Bdiv%20class%3D%26quot%3Bcsl-entry%26quot%3B%26gt%3B%26%23xC1%3Blvarez-Garc%26%23xED%3Ba%2C%20C.%20%282011%29.%20Estudio%20del%20lenguaje%20de%20especialidad%20econ%26%23xF3%3Bmico%3A%20El%20lenguaje%20del%20comercio%20internacional.%20%26lt%3Bi%26gt%3BEntreculturas%26lt%3B%5C%2Fi%26gt%3B%2C%20%26lt%3Bi%26gt%3B3%26lt%3B%5C%2Fi%26gt%3B%2C%20279%26%23x2013%3B290.%20%26lt%3Ba%20class%3D%26%23039%3Bzp-ItemURL%26%23039%3B%20href%3D%26%23039%3Bhttp%3A%5C%2F%5C%2Fwww.entreculturas.uma.es%5C%2Fn3pdf%5C%2Farticulo15.pdf%26%23039%3B%26gt%3Bhttp%3A%5C%2F%5C%2Fwww.entreculturas.uma.es%5C%2Fn3pdf%5C%2Farticulo15.pdf%26lt%3B%5C%2Fa%26gt%3B%26lt%3B%5C%2Fdiv%26gt%3B%5Cn%26lt%3B%5C%2Fdiv%26gt%3B%22%2C%22data%22%3A%7B%22itemType%22%3A%22journalArticle%22%2C%22title%22%3A%22Estudio%20del%20lenguaje%20de%20especialidad%20econ%5Cu00f3mico%3A%20El%20lenguaje%20del%20comercio%20internacional%22%2C%22creators%22%3A%5B%7B%22creatorType%22%3A%22author%22%2C%22firstName%22%3A%22Carmen%22%2C%22lastName%22%3A%22%5Cu00c1lvarez-Garc%5Cu00eda%22%7D%5D%2C%22abstractNote%22%3A%22Based%20on%20the%20globalisation%20process%20that%20began%20in%20the%20late%2020th%20Century%2C%20which%20%20main%20%20consequence%20%20is%20%20the%20%20progressive%20%20increase%20%20of%20%20firms%20%20that%20%20become%20%20internationalized%2C%20%20and%20%20taking%20%20as%20%20a%20%20starting%20%20point%20%20the%20%20studies%20%20upon%20%20the%20%20specialty%20%20languages%20%20in%20%20general%2C%20%20and%20%20particularly%20%20the%20%20specialty%20%20economics%20%20and%20%20commercial%20%20languages%2C%20this%20paper%20aims%20to%20consider%20the%20specialty%20language%20in%20foreign%20trade%20as%20a%20sublanguage%2C%20different%20from%20the%20language%20in%20Economics%20or%20in%20business.%5CnAnte%20el%20proceso%20de%20globalizaci%5Cu00f3n%20en%20el%20que%20nos%20encontramos%20inmersos%20desde%20%20%20finales%20%20%20del%20%20%20siglo%20%20%20XX%2C%20%20%20cuya%20%20%20consecuencia%20%20%20principal%20%20%20es%20%20%20el%20%20%20aumento%20%20%20progresivo%20%20%20de%20%20%20empresas%20%20%20que%20%20%20optan%20%20%20por%20%20%20la%20%20%20internacionalizaci%5Cu00f3n%20%20%20de%20%20%20sus%20%20%20operaciones%2C%20%20y%20%20partiendo%20%20de%20%20la%20%20literatura%20%20existente%20%20sobre%20%20el%20%20an%5Cu00e1lisis%20%20de%20%20los%20%20lenguajes%20%20de%20%20especialidad%20%20en%20%20general%20%20y%20%20sobre%20%20el%20%20lenguaje%20%20econ%5Cu00f3mico%20%20y%20%20el%20%20comercial%20%20en%20%20particular%2C%20%20este%20%20trabajo%20%20sit%5Cu00faa%20%20el%20%20lenguaje%20%20del%20%20Comercio%20%20Exterior%20%20como%20un%20sublenguaje%20m%5Cu00e1s%2C%20diferenci%5Cu00e1ndolo%20del%20de%20la%20econom%5Cu00eda%20o%20del%20comercial.%22%2C%22date%22%3A%2212-01-2011%22%2C%22section%22%3A%22%22%2C%22partNumber%22%3A%22%22%2C%22partTitle%22%3A%22%22%2C%22DOI%22%3A%22%22%2C%22citationKey%22%3A%22%22%2C%22url%22%3A%22http%3A%5C%2F%5C%2Fwww.entreculturas.uma.es%5C%2Fn3pdf%5C%2Farticulo15.pdf%22%2C%22PMID%22%3A%22%22%2C%22PMCID%22%3A%22%22%2C%22ISSN%22%3A%221989-5097%22%2C%22language%22%3A%22es%22%2C%22collections%22%3A%5B%5D%2C%22dateModified%22%3A%222020-10-30T10%3A13%3A41Z%22%7D%7D%2C%7B%22key%22%3A%225E723RCA%22%2C%22library%22%3A%7B%22id%22%3A2580715%7D%2C%22meta%22%3A%7B%22lastModifiedByUser%22%3A%7B%22id%22%3A256956%2C%22username%22%3A%22Elena%20Romera%22%2C%22name%22%3A%22%22%2C%22links%22%3A%7B%22alternate%22%3A%7B%22href%22%3A%22https%3A%5C%2F%5C%2Fwww.zotero.org%5C%2Felena_romera%22%2C%22type%22%3A%22text%5C%2Fhtml%22%7D%7D%7D%2C%22creatorSummary%22%3A%22%5Cu00c1lvarez-Garc%5Cu00eda%22%2C%22parsedDate%22%3A%222015-06-23%22%2C%22numChildren%22%3A0%7D%2C%22bib%22%3A%22%26lt%3Bdiv%20class%3D%26quot%3Bcsl-bib-body%26quot%3B%20style%3D%26quot%3Bline-height%3A%202%3B%20padding-left%3A%201em%3B%20text-indent%3A-1em%3B%26quot%3B%26gt%3B%5Cn%20%20%26lt%3Bdiv%20class%3D%26quot%3Bcsl-entry%26quot%3B%26gt%3B%26%23xC1%3Blvarez-Garc%26%23xED%3Ba%2C%20C.%20%282015%29.%20%26lt%3Bi%26gt%3BEl%20acceso%20de%20los%20traductores%20e%20int%26%23xE9%3Brpretes%20al%20conocimiento%20experto%20en%20materia%20econ%26%23xF3%3Bmica%26%23x202F%3B%3A%20especializaci%26%23xF3%3Bn%20en%20comercio%20exterior%26lt%3B%5C%2Fi%26gt%3B%20%5BUniversidad%20Pablo%20de%20Olavide%5D.%20%26lt%3Ba%20class%3D%26%23039%3Bzp-ItemURL%26%23039%3B%20href%3D%26%23039%3Bhttps%3A%5C%2F%5C%2Frio.upo.es%5C%2Fxmlui%5C%2Fhandle%5C%2F10433%5C%2F2110%26%23039%3B%26gt%3Bhttps%3A%5C%2F%5C%2Frio.upo.es%5C%2Fxmlui%5C%2Fhandle%5C%2F10433%5C%2F2110%26lt%3B%5C%2Fa%26gt%3B%26lt%3B%5C%2Fdiv%26gt%3B%5Cn%26lt%3B%5C%2Fdiv%26gt%3B%22%2C%22data%22%3A%7B%22itemType%22%3A%22thesis%22%2C%22title%22%3A%22El%20acceso%20de%20los%20traductores%20e%20int%5Cu00e9rpretes%20al%20conocimiento%20experto%20en%20materia%20econ%5Cu00f3mica%20%3A%20especializaci%5Cu00f3n%20en%20comercio%20exterior%22%2C%22creators%22%3A%5B%7B%22creatorType%22%3A%22author%22%2C%22firstName%22%3A%22Carmen%22%2C%22lastName%22%3A%22%5Cu00c1lvarez-Garc%5Cu00eda%22%7D%5D%2C%22abstractNote%22%3A%22En%20esta%20tesis%20doctoral%2C%20tras%20realizar%20una%20revisi%5Cu00f3n%20de%20las%20corrientes%20te%5Cu00f3ricas%20relativas%20a%20la%20Traductolog%5Cu00eda%2C%20como%20base%20del%20estudio%2C%20y%20de%20la%20did%5Cu00e1ctica%2C%20las%20competencias%20traductoras%20y%20los%20estudios%20sobre%20adquisici%5Cu00f3n%20de%20conocimiento%20experto%2C%20presento%20conclusiones%20sobre%20una%20salida%20profesional%20en%20auge%20para%20los%20titulados%20en%20Traducci%5Cu00f3n%20e%20Interpretaci%5Cu00f3n%2C%20frecuentemente%20olvidada%20en%20los%20planes%20de%20estudio%20de%20dicha%20titulaci%5Cu00f3n%3A%20el%20comercio%20exterior.%20La%20tesis%20doctoral%20cuenta%20tambi%5Cu00e9n%20con%20una%20parte%20emp%5Cu00edrica%2C%20donde%20se%20obtienen%20datos%20de%20un%20grupo%20de%20licenciados%20que%20ejercen%20como%20t%5Cu00e9cnicos%20de%20comercio%20exterior%2C%20con%20la%20intenci%5Cu00f3n%20de%20llegar%20a%20conclusiones%20sobre%20el%20proceso%20de%20adquisici%5Cu00f3n%20de%20las%20competencias%20necesarias%20para%20ejercer%20en%20este%20campo.%20Tambi%5Cu00e9n%20incluye%20instrumentos%20de%20recogida%20de%20informaci%5Cu00f3n%20de%20empresas%20exportadoras%20espa%5Cu00f1olas%2C%20en%20relaci%5Cu00f3n%20con%20su%20consideraci%5Cu00f3n%20sobre%20los%20estudios%20en%20Traducci%5Cu00f3n%20e%20Interpretaci%5Cu00f3n%20a%20la%20hora%20de%20ejercer%20en%20el%20%5Cu00e1mbito%20del%20comercio%20internacional.%22%2C%22thesisType%22%3A%22%22%2C%22university%22%3A%22Universidad%20Pablo%20de%20Olavide%22%2C%22date%22%3A%2223-06-2015%22%2C%22DOI%22%3A%22%22%2C%22ISBN%22%3A%22%22%2C%22citationKey%22%3A%22%22%2C%22url%22%3A%22https%3A%5C%2F%5C%2Frio.upo.es%5C%2Fxmlui%5C%2Fhandle%5C%2F10433%5C%2F2110%22%2C%22ISSN%22%3A%22%22%2C%22language%22%3A%22es%5C%2Fen%22%2C%22collections%22%3A%5B%5D%2C%22dateModified%22%3A%222020-10-30T10%3A08%3A06Z%22%7D%7D%2C%7B%22key%22%3A%22AAJCTZ89%22%2C%22library%22%3A%7B%22id%22%3A2580715%7D%2C%22meta%22%3A%7B%22lastModifiedByUser%22%3A%7B%22id%22%3A256956%2C%22username%22%3A%22Elena%20Romera%22%2C%22name%22%3A%22%22%2C%22links%22%3A%7B%22alternate%22%3A%7B%22href%22%3A%22https%3A%5C%2F%5C%2Fwww.zotero.org%5C%2Felena_romera%22%2C%22type%22%3A%22text%5C%2Fhtml%22%7D%7D%7D%2C%22creatorSummary%22%3A%22%5Cu00c1lvarez-Garc%5Cu00eda%22%2C%22parsedDate%22%3A%222015%22%2C%22numChildren%22%3A0%7D%2C%22bib%22%3A%22%26lt%3Bdiv%20class%3D%26quot%3Bcsl-bib-body%26quot%3B%20style%3D%26quot%3Bline-height%3A%202%3B%20padding-left%3A%201em%3B%20text-indent%3A-1em%3B%26quot%3B%26gt%3B%5Cn%20%20%26lt%3Bdiv%20class%3D%26quot%3Bcsl-entry%26quot%3B%26gt%3B%26%23xC1%3Blvarez-Garc%26%23xED%3Ba%2C%20C.%20%282015%29.%20Los%20titulados%20en%20Traducci%26%23xF3%3Bn%20e%20Interpretaci%26%23xF3%3Bn%20y%20el%20comercio%20exterior.%20In%20%26lt%3Bi%26gt%3BActas%20del%20IV%20Congreso%20de%20la%20SELM%26lt%3B%5C%2Fi%26gt%3B%20%28pp.%2059%26%23x2013%3B73%29.%20Bienza.%20%26lt%3Ba%20class%3D%26%23039%3Bzp-ItemURL%26%23039%3B%20href%3D%26%23039%3Bhttps%3A%5C%2F%5C%2Fes.calameo.com%5C%2Fbooks%5C%2F0044043775976c5cd5980%26%23039%3B%26gt%3Bhttps%3A%5C%2F%5C%2Fes.calameo.com%5C%2Fbooks%5C%2F0044043775976c5cd5980%26lt%3B%5C%2Fa%26gt%3B%26lt%3B%5C%2Fdiv%26gt%3B%5Cn%26lt%3B%5C%2Fdiv%26gt%3B%22%2C%22data%22%3A%7B%22itemType%22%3A%22bookSection%22%2C%22title%22%3A%22Los%20titulados%20en%20Traducci%5Cu00f3n%20e%20Interpretaci%5Cu00f3n%20y%20el%20comercio%20exterior%22%2C%22creators%22%3A%5B%7B%22creatorType%22%3A%22author%22%2C%22firstName%22%3A%22Carmen%22%2C%22lastName%22%3A%22%5Cu00c1lvarez-Garc%5Cu00eda%22%7D%5D%2C%22abstractNote%22%3A%22%22%2C%22bookTitle%22%3A%22Actas%20del%20IV%20Congreso%20de%20la%20SELM%22%2C%22date%22%3A%222015%22%2C%22originalDate%22%3A%22%22%2C%22originalPublisher%22%3A%22%22%2C%22originalPlace%22%3A%22%22%2C%22format%22%3A%22%22%2C%22ISBN%22%3A%2297-84-942335-4-8%22%2C%22DOI%22%3A%22%22%2C%22citationKey%22%3A%22%22%2C%22url%22%3A%22https%3A%5C%2F%5C%2Fes.calameo.com%5C%2Fbooks%5C%2F0044043775976c5cd5980%22%2C%22ISSN%22%3A%22%22%2C%22language%22%3A%22es%22%2C%22collections%22%3A%5B%5D%2C%22dateModified%22%3A%222020-10-30T10%3A01%3A38Z%22%7D%7D%2C%7B%22key%22%3A%2276WA473Q%22%2C%22library%22%3A%7B%22id%22%3A2580715%7D%2C%22meta%22%3A%7B%22lastModifiedByUser%22%3A%7B%22id%22%3A256956%2C%22username%22%3A%22Elena%20Romera%22%2C%22name%22%3A%22%22%2C%22links%22%3A%7B%22alternate%22%3A%7B%22href%22%3A%22https%3A%5C%2F%5C%2Fwww.zotero.org%5C%2Felena_romera%22%2C%22type%22%3A%22text%5C%2Fhtml%22%7D%7D%7D%2C%22creatorSummary%22%3A%22%5Cu00c1lvarez-Garc%5Cu00eda%22%2C%22parsedDate%22%3A%222014%22%2C%22numChildren%22%3A0%7D%2C%22bib%22%3A%22%26lt%3Bdiv%20class%3D%26quot%3Bcsl-bib-body%26quot%3B%20style%3D%26quot%3Bline-height%3A%202%3B%20padding-left%3A%201em%3B%20text-indent%3A-1em%3B%26quot%3B%26gt%3B%5Cn%20%20%26lt%3Bdiv%20class%3D%26quot%3Bcsl-entry%26quot%3B%26gt%3B%26%23xC1%3Blvarez-Garc%26%23xED%3Ba%2C%20C.%20%282014%29.%20La%20formaci%26%23xF3%3Bn%20en%20comercio%20exterior%20para%20titulados%20en%20Traducci%26%23xF3%3Bn%20e%20Interpretaci%26%23xF3%3Bn.%20In%20%26lt%3Bi%26gt%3BActas%20del%20III%20Congreso%20de%20la%20SELM%26lt%3B%5C%2Fi%26gt%3B%20%28pp.%209%26%23x2013%3B21%29.%20Bienza.%20%26lt%3Ba%20class%3D%26%23039%3Bzp-ItemURL%26%23039%3B%20href%3D%26%23039%3Bhttps%3A%5C%2F%5C%2Fes.calameo.com%5C%2Fbooks%5C%2F0044043775976c5cd5980%26%23039%3B%26gt%3Bhttps%3A%5C%2F%5C%2Fes.calameo.com%5C%2Fbooks%5C%2F0044043775976c5cd5980%26lt%3B%5C%2Fa%26gt%3B%26lt%3B%5C%2Fdiv%26gt%3B%5Cn%26lt%3B%5C%2Fdiv%26gt%3B%22%2C%22data%22%3A%7B%22itemType%22%3A%22bookSection%22%2C%22title%22%3A%22La%20formaci%5Cu00f3n%20en%20comercio%20exterior%20para%20titulados%20en%20Traducci%5Cu00f3n%20e%20Interpretaci%5Cu00f3n%22%2C%22creators%22%3A%5B%7B%22creatorType%22%3A%22author%22%2C%22firstName%22%3A%22Carmen%22%2C%22lastName%22%3A%22%5Cu00c1lvarez-Garc%5Cu00eda%22%7D%5D%2C%22abstractNote%22%3A%22%22%2C%22bookTitle%22%3A%22Actas%20del%20III%20Congreso%20de%20la%20SELM%22%2C%22date%22%3A%222014%22%2C%22originalDate%22%3A%22%22%2C%22originalPublisher%22%3A%22%22%2C%22originalPlace%22%3A%22%22%2C%22format%22%3A%22%22%2C%22ISBN%22%3A%22978-84-942335-1-7%22%2C%22DOI%22%3A%22%22%2C%22citationKey%22%3A%22%22%2C%22url%22%3A%22https%3A%5C%2F%5C%2Fes.calameo.com%5C%2Fbooks%5C%2F0044043775976c5cd5980%22%2C%22ISSN%22%3A%22%22%2C%22language%22%3A%22es%22%2C%22collections%22%3A%5B%5D%2C%22dateModified%22%3A%222020-10-30T10%3A00%3A10Z%22%7D%7D%2C%7B%22key%22%3A%22XWUNK48I%22%2C%22library%22%3A%7B%22id%22%3A2580715%7D%2C%22meta%22%3A%7B%22lastModifiedByUser%22%3A%7B%22id%22%3A256956%2C%22username%22%3A%22Elena%20Romera%22%2C%22name%22%3A%22%22%2C%22links%22%3A%7B%22alternate%22%3A%7B%22href%22%3A%22https%3A%5C%2F%5C%2Fwww.zotero.org%5C%2Felena_romera%22%2C%22type%22%3A%22text%5C%2Fhtml%22%7D%7D%7D%2C%22creatorSummary%22%3A%22%5Cu00c1lvarez-Garc%5Cu00eda%22%2C%22parsedDate%22%3A%222012%22%2C%22numChildren%22%3A0%7D%2C%22bib%22%3A%22%26lt%3Bdiv%20class%3D%26quot%3Bcsl-bib-body%26quot%3B%20style%3D%26quot%3Bline-height%3A%202%3B%20padding-left%3A%201em%3B%20text-indent%3A-1em%3B%26quot%3B%26gt%3B%5Cn%20%20%26lt%3Bdiv%20class%3D%26quot%3Bcsl-entry%26quot%3B%26gt%3B%26%23xC1%3Blvarez-Garc%26%23xED%3Ba%2C%20C.%20%282012%29.%20Estudio%20terminol%26%23xF3%3Bgico%20del%20lenguaje%20econ%26%23xF3%3Bmico-financiero%20espa%26%23xF1%3Bol%20a%20trav%26%23xE9%3Bs%20del%20an%26%23xE1%3Blisis%20comparativo%20de%20dos%20estilos%3A%20institucional%20y%20period%26%23xED%3Bstico.%20In%20%26lt%3Bi%26gt%3BActas%20del%20I%20Congreso%20de%20la%20SELM%26lt%3B%5C%2Fi%26gt%3B%20%28pp.%2039%26%23x2013%3B63%29.%20Bienza.%20%26lt%3Ba%20class%3D%26%23039%3Bzp-ItemURL%26%23039%3B%20href%3D%26%23039%3Bhttps%3A%5C%2F%5C%2Fes.calameo.com%5C%2Fbooks%5C%2F004404377c38de46c136d%26%23039%3B%26gt%3Bhttps%3A%5C%2F%5C%2Fes.calameo.com%5C%2Fbooks%5C%2F004404377c38de46c136d%26lt%3B%5C%2Fa%26gt%3B%26lt%3B%5C%2Fdiv%26gt%3B%5Cn%26lt%3B%5C%2Fdiv%26gt%3B%22%2C%22data%22%3A%7B%22itemType%22%3A%22bookSection%22%2C%22title%22%3A%22Estudio%20terminol%5Cu00f3gico%20del%20lenguaje%20econ%5Cu00f3mico-financiero%20espa%5Cu00f1ol%20a%20trav%5Cu00e9s%20del%20an%5Cu00e1lisis%20comparativo%20de%20dos%20estilos%3A%20institucional%20y%20period%5Cu00edstico%22%2C%22creators%22%3A%5B%7B%22creatorType%22%3A%22author%22%2C%22firstName%22%3A%22Carmen%22%2C%22lastName%22%3A%22%5Cu00c1lvarez-Garc%5Cu00eda%22%7D%5D%2C%22abstractNote%22%3A%22%22%2C%22bookTitle%22%3A%22Actas%20del%20I%20Congreso%20de%20la%20SELM%22%2C%22date%22%3A%222012%22%2C%22originalDate%22%3A%22%22%2C%22originalPublisher%22%3A%22%22%2C%22originalPlace%22%3A%22%22%2C%22format%22%3A%22%22%2C%22ISBN%22%3A%22978-84-937630-6-0%22%2C%22DOI%22%3A%22%22%2C%22citationKey%22%3A%22%22%2C%22url%22%3A%22https%3A%5C%2F%5C%2Fes.calameo.com%5C%2Fbooks%5C%2F004404377c38de46c136d%22%2C%22ISSN%22%3A%22%22%2C%22language%22%3A%22es%22%2C%22collections%22%3A%5B%5D%2C%22dateModified%22%3A%222020-10-30T09%3A58%3A14Z%22%7D%7D%2C%7B%22key%22%3A%22J6J4EE7G%22%2C%22library%22%3A%7B%22id%22%3A2580715%7D%2C%22meta%22%3A%7B%22lastModifiedByUser%22%3A%7B%22id%22%3A256956%2C%22username%22%3A%22Elena%20Romera%22%2C%22name%22%3A%22%22%2C%22links%22%3A%7B%22alternate%22%3A%7B%22href%22%3A%22https%3A%5C%2F%5C%2Fwww.zotero.org%5C%2Felena_romera%22%2C%22type%22%3A%22text%5C%2Fhtml%22%7D%7D%7D%2C%22creatorSummary%22%3A%22Medina%20Reguera%20and%20%5Cu00c1lvarez-Garc%5Cu00eda%22%2C%22parsedDate%22%3A%222014-08-05%22%2C%22numChildren%22%3A0%7D%2C%22bib%22%3A%22%26lt%3Bdiv%20class%3D%26quot%3Bcsl-bib-body%26quot%3B%20style%3D%26quot%3Bline-height%3A%202%3B%20padding-left%3A%201em%3B%20text-indent%3A-1em%3B%26quot%3B%26gt%3B%5Cn%20%20%26lt%3Bdiv%20class%3D%26quot%3Bcsl-entry%26quot%3B%26gt%3BMedina%20Reguera%2C%20A.%2C%20%26amp%3B%20%26%23xC1%3Blvarez-Garc%26%23xED%3Ba%2C%20C.%20%282014%29.%20La%20relaci%26%23xF3%3Bn%20empresa-traducci%26%23xF3%3Bn%20en%20el%20sector%20agroalimentario%20andaluz.%20%26lt%3Bi%26gt%3BSkopos%26lt%3B%5C%2Fi%26gt%3B%2C%20%26lt%3Bi%26gt%3B4%26lt%3B%5C%2Fi%26gt%3B%2C%20187%26%23x2013%3B206.%20%26lt%3Ba%20class%3D%26%23039%3Bzp-ItemURL%26%23039%3B%20href%3D%26%23039%3Bhttps%3A%5C%2F%5C%2Fwww.uco.es%5C%2Fucopress%5C%2Fojs%5C%2Findex.php%5C%2Fskopos%5C%2Farticle%5C%2Fview%5C%2F4364%5C%2F4132%26%23039%3B%26gt%3Bhttps%3A%5C%2F%5C%2Fwww.uco.es%5C%2Fucopress%5C%2Fojs%5C%2Findex.php%5C%2Fskopos%5C%2Farticle%5C%2Fview%5C%2F4364%5C%2F4132%26lt%3B%5C%2Fa%26gt%3B%26lt%3B%5C%2Fdiv%26gt%3B%5Cn%26lt%3B%5C%2Fdiv%26gt%3B%22%2C%22data%22%3A%7B%22itemType%22%3A%22journalArticle%22%2C%22title%22%3A%22La%20relaci%5Cu00f3n%20empresa-traducci%5Cu00f3n%20en%20el%20sector%20agroalimentario%20andaluz%22%2C%22creators%22%3A%5B%7B%22creatorType%22%3A%22author%22%2C%22firstName%22%3A%22Ana%22%2C%22lastName%22%3A%22Medina%20Reguera%22%7D%2C%7B%22creatorType%22%3A%22author%22%2C%22firstName%22%3A%22Carmen%22%2C%22lastName%22%3A%22%5Cu00c1lvarez-Garc%5Cu00eda%22%7D%5D%2C%22abstractNote%22%3A%22%22%2C%22date%22%3A%2208-05-2014%22%2C%22section%22%3A%22%22%2C%22partNumber%22%3A%22%22%2C%22partTitle%22%3A%22%22%2C%22DOI%22%3A%22%22%2C%22citationKey%22%3A%22%22%2C%22url%22%3A%22https%3A%5C%2F%5C%2Fwww.uco.es%5C%2Fucopress%5C%2Fojs%5C%2Findex.php%5C%2Fskopos%5C%2Farticle%5C%2Fview%5C%2F4364%5C%2F4132%22%2C%22PMID%22%3A%22%22%2C%22PMCID%22%3A%22%22%2C%22ISSN%22%3A%222255-3703%22%2C%22language%22%3A%22es%22%2C%22collections%22%3A%5B%5D%2C%22dateModified%22%3A%222020-10-30T09%3A56%3A02Z%22%7D%7D%2C%7B%22key%22%3A%228XCC2FS7%22%2C%22library%22%3A%7B%22id%22%3A2580715%7D%2C%22meta%22%3A%7B%22creatorSummary%22%3A%22%5Cu00c1lvarez-Garc%5Cu00eda%22%2C%22parsedDate%22%3A%222016%22%2C%22numChildren%22%3A1%7D%2C%22bib%22%3A%22%26lt%3Bdiv%20class%3D%26quot%3Bcsl-bib-body%26quot%3B%20style%3D%26quot%3Bline-height%3A%202%3B%20padding-left%3A%201em%3B%20text-indent%3A-1em%3B%26quot%3B%26gt%3B%5Cn%20%20%26lt%3Bdiv%20class%3D%26quot%3Bcsl-entry%26quot%3B%26gt%3B%26%23xC1%3Blvarez-Garc%26%23xED%3Ba%2C%20C.%20%282016%29.%20%26%23xBF%3BEnse%26%23xF1%3Bar%20comercio%20exterior%20a%20alumnos%20de%20Traducci%26%23xF3%3Bn%20e%20Interpretaci%26%23xF3%3Bn%3F%20In%20%26lt%3Bi%26gt%3BInnovaci%26%23xF3%3Bn%20universitaria%3A%20Digitalizaci%26%23xF3%3Bn%202.0%20y%20excelencia%20en%20contenidos%26lt%3B%5C%2Fi%26gt%3B%20%28pp.%2035%26%23x2013%3B50%29.%20McGraw-Hill%20Interamericana%20de%20Espa%26%23xF1%3Ba.%20%26lt%3Ba%20class%3D%26%23039%3Bzp-ItemURL%26%23039%3B%20href%3D%26%23039%3Bhttps%3A%5C%2F%5C%2Fdialnet.unirioja.es%5C%2Fservlet%5C%2Flibro%3Fcodigo%3D730728%26%23039%3B%26gt%3Bhttps%3A%5C%2F%5C%2Fdialnet.unirioja.es%5C%2Fservlet%5C%2Flibro%3Fcodigo%3D730728%26lt%3B%5C%2Fa%26gt%3B%26lt%3B%5C%2Fdiv%26gt%3B%5Cn%26lt%3B%5C%2Fdiv%26gt%3B%22%2C%22data%22%3A%7B%22itemType%22%3A%22bookSection%22%2C%22title%22%3A%22%5Cu00bfEnse%5Cu00f1ar%20comercio%20exterior%20a%20alumnos%20de%20Traducci%5Cu00f3n%20e%20Interpretaci%5Cu00f3n%3F%22%2C%22creators%22%3A%5B%7B%22creatorType%22%3A%22author%22%2C%22firstName%22%3A%22Carmen%22%2C%22lastName%22%3A%22%5Cu00c1lvarez-Garc%5Cu00eda%22%7D%5D%2C%22abstractNote%22%3A%22La%20interpretaci%5Cu00f3n%20y%20la%20traducci%5Cu00f3n%20se%20configuran%20como%20elementos%20clave%20a%20la%20hora%20de%20llevar%20a%20cabo%20operaciones%20comerciales%20internacionales%2C%20por%20cuanto%20contribuyen%20a%20la%20producci%5Cu00f3n%20de%20la%20comunicaci%5Cu00f3n%20eficaz%20de%20los%20distintos%20participantes%2C%20tanto%20en%20las%20importaciones%20como%20en%20las%20exportaciones%2C%20pues%20parten%20de%20realidades%20ling%5Cu00fc%5Cu00edsticas%20y%20culturales%20diferentes.%5CnTeniendo%20en%20cuenta%20el%20incremento%20continuado%20del%20vol%5Cu00famen%20de%20las%20exportaciones%2C%20as%5Cu00ed%20como%20del%20n%5Cu00famero%20de%20empresas%20internacionalizadas%20en%20nuestro%20pa%5Cu00eds%2C%20en%20el%20presente%20trabajo%20nos%20proponemos%20analizar%20las%20acciones%20formativas%20dirigidas%20a%20la%20ense%5Cu00f1anza%20especializada%20en%20el%20campo%20profesional%20del%20comercio%20exterior%20y%20que%20se%20encuentan%20incluidas%20en%20los%20grados%20en%20Traducci%5Cu00f3n%20e%20Interpretaci%5Cu00f3n%20que%20ofrecen%20las%20universidades%20espa%5Cu00f1olas.%20Para%20ello%2C%20presentaremos%20el%20panorama%20actual%20de%20la%20formaci%5Cu00f3n%20especializada%20en%20comercio%20exterior%20o%20materias%20afines%20en%20los%20grados%20en%20Traducci%5Cu00f3n%20e%20Interpretaci%5Cu00f3n%20en%20Espa%5Cu00f1a%2C%20durante%20el%20curso%20acad%5Cu00e9mico%202014%5C%2F2015.%22%2C%22bookTitle%22%3A%22Innovaci%5Cu00f3n%20universitaria%3A%20Digitalizaci%5Cu00f3n%202.0%20y%20excelencia%20en%20contenidos%22%2C%22date%22%3A%222016%22%2C%22originalDate%22%3A%22%22%2C%22originalPublisher%22%3A%22%22%2C%22originalPlace%22%3A%22%22%2C%22format%22%3A%22%22%2C%22ISBN%22%3A%22978-84-486-1271-9%22%2C%22DOI%22%3A%22%22%2C%22citationKey%22%3A%22%22%2C%22url%22%3A%22https%3A%5C%2F%5C%2Fdialnet.unirioja.es%5C%2Fservlet%5C%2Flibro%3Fcodigo%3D730728%22%2C%22ISSN%22%3A%22%22%2C%22language%22%3A%22es%22%2C%22collections%22%3A%5B%5D%2C%22dateModified%22%3A%222020-10-16T15%3A10%3A06Z%22%7D%7D%2C%7B%22key%22%3A%22P3Y43BLX%22%2C%22library%22%3A%7B%22id%22%3A2580715%7D%2C%22meta%22%3A%7B%22creatorSummary%22%3A%22%5Cu00c1lvarez-Garc%5Cu00eda%22%2C%22parsedDate%22%3A%222018%22%2C%22numChildren%22%3A2%7D%2C%22bib%22%3A%22%26lt%3Bdiv%20class%3D%26quot%3Bcsl-bib-body%26quot%3B%20style%3D%26quot%3Bline-height%3A%202%3B%20padding-left%3A%201em%3B%20text-indent%3A-1em%3B%26quot%3B%26gt%3B%5Cn%20%20%26lt%3Bdiv%20class%3D%26quot%3Bcsl-entry%26quot%3B%26gt%3B%26%23xC1%3Blvarez-Garc%26%23xED%3Ba%2C%20C.%20%282018%29.%20La%20Traducci%26%23xF3%3Bn%20Especializada%20Alem%26%23xE1%3Bn-espa%26%23xF1%3Bol.%20Propuesta%20De%20Actividades%20Con%20Empleo%20De%20Nuevas%20Tecnolog%26%23xED%3Bas.%20%26lt%3Bi%26gt%3BmAGAzin.%20Revista%20de%20German%26%23xED%3Bstica%20Intercultural%26lt%3B%5C%2Fi%26gt%3B%2C%20%2826%29%2C%2038%26%23x2013%3B52.%20%26lt%3Ba%20class%3D%26%23039%3Bzp-DOIURL%26%23039%3B%20href%3D%26%23039%3Bhttps%3A%5C%2F%5C%2Fdoi.org%5C%2Fhttp%3A%5C%2F%5C%2Fdx.doi.org%5C%2F10.12795%5C%2FmAGAzin.2018.04%26%23039%3B%26gt%3Bhttps%3A%5C%2F%5C%2Fdoi.org%5C%2Fhttp%3A%5C%2F%5C%2Fdx.doi.org%5C%2F10.12795%5C%2FmAGAzin.2018.04%26lt%3B%5C%2Fa%26gt%3B%26lt%3B%5C%2Fdiv%26gt%3B%5Cn%26lt%3B%5C%2Fdiv%26gt%3B%22%2C%22data%22%3A%7B%22itemType%22%3A%22journalArticle%22%2C%22title%22%3A%22La%20Traducci%5Cu00f3n%20Especializada%20Alem%5Cu00e1n-espa%5Cu00f1ol.%20Propuesta%20De%20Actividades%20Con%20Empleo%20De%20Nuevas%20Tecnolog%5Cu00edas%22%2C%22creators%22%3A%5B%7B%22creatorType%22%3A%22author%22%2C%22firstName%22%3A%22Carmen%22%2C%22lastName%22%3A%22%5Cu00c1lvarez-Garc%5Cu00eda%22%7D%5D%2C%22abstractNote%22%3A%22El%20presente%20art%5Cu00edculo%20tiene%20como%20objetivo%20presentar%20una%20propuesta%20de%20actividades%20para%20el%20aula%20de%20traducci%5Cu00f3n%20especializada%20con%20la%20combinaci%5Cu00f3n%20ling%5Cu00fc%5Cu00edstica%20alem%5Cu00e1n-espa%5Cu00f1ol%2C%20donde%20se%20integra%20de%20manera%20transversal%20la%20pr%5Cu00e1ctica%20de%20la%20posedici%5Cu00f3n.%20Las%20actividades%20han%20sido%20dise%5Cu00f1adas%20para%20potenciar%20competencias%20instrumentales%2C%20de%20trabajo%20cooperativo%20y%20de%20posedici%5Cu00f3n%20en%20la%20formaci%5Cu00f3n%20en%20traducci%5Cu00f3n%20especializada%20alem%5Cu00e1n-espa%5Cu00f1ol%20a%20trav%5Cu00e9s%20de%20textos%20enmarcados%20en%20el%20lenguaje%20t%5Cu00e9cnico.Las%20actividades%20propuestas%20se%20han%20elaborado%20partiendo%20de%20diversos%20postulados%20te%5Cu00f3ricos%20de%20profesores%20e%20investigadores%20y%20siguen%20el%20denominado%20enfoque%20por%20tareas%2C%20acercando%20igualmente%20al%20discente%20al%20entorno%20profesional%20real.%20El%20resultado%20en%20el%20aula%20ha%20sido%20positivo%2C%20pues%20los%20estudiantes%20aprecian%20el%20trabajo%20cooperativo%20y%20el%20aprendizaje%20de%20nuevas%20tecnolog%5Cu00edas%20demandadas%20en%20la%20industria%20de%20la%20traducci%5Cu00f3n.%22%2C%22date%22%3A%222018%22%2C%22section%22%3A%22%22%2C%22partNumber%22%3A%22%22%2C%22partTitle%22%3A%22%22%2C%22DOI%22%3A%22http%3A%5C%2F%5C%2Fdx.doi.org%5C%2F10.12795%5C%2FmAGAzin.2018.04%22%2C%22citationKey%22%3A%22%22%2C%22url%22%3A%22https%3A%5C%2F%5C%2Frevistascientificas.us.es%5C%2Findex.php%5C%2FmAGAzin%5C%2Farticle%5C%2Fview%5C%2F5313%22%2C%22PMID%22%3A%22%22%2C%22PMCID%22%3A%22%22%2C%22ISSN%22%3A%221136-677X%22%2C%22language%22%3A%22es%22%2C%22collections%22%3A%5B%5D%2C%22dateModified%22%3A%222020-10-16T14%3A58%3A43Z%22%7D%7D%2C%7B%22key%22%3A%22LAI85LA9%22%2C%22library%22%3A%7B%22id%22%3A2580715%7D%2C%22meta%22%3A%7B%22creatorSummary%22%3A%22%5Cu00c1lvarez-Garc%5Cu00eda%22%2C%22parsedDate%22%3A%222018-11-12%22%2C%22numChildren%22%3A1%7D%2C%22bib%22%3A%22%26lt%3Bdiv%20class%3D%26quot%3Bcsl-bib-body%26quot%3B%20style%3D%26quot%3Bline-height%3A%202%3B%20padding-left%3A%201em%3B%20text-indent%3A-1em%3B%26quot%3B%26gt%3B%5Cn%20%20%26lt%3Bdiv%20class%3D%26quot%3Bcsl-entry%26quot%3B%26gt%3B%26%23xC1%3Blvarez-Garc%26%23xED%3Ba%2C%20C.%20%282018%29.%20%26%23xBF%3BEs%20conveniente%20revisar%20los%20grados%20de%20Traducci%26%23xF3%3Bn%20e%20Intepretaci%26%23xF3%3Bn%20en%20Espa%26%23xF1%3Ba%3F%20In%20%26lt%3Bi%26gt%3BBusiness%20and%20Institutional%20Translation%3A%20New%20Insights%20and%20Reflections%26lt%3B%5C%2Fi%26gt%3B%20%28%26%23xC9%3Bric%20Poirier%20and%20Daniel%20Gallego-Hern%26%23xE1%3Bndez%2C%20p.%20179%29.%20Cambridge%20Scholars%20Publishing.%20%26lt%3Ba%20class%3D%26%23039%3Bzp-ItemURL%26%23039%3B%20href%3D%26%23039%3Bhttps%3A%5C%2F%5C%2Fbooks.google.es%5C%2Fbooks%3Fhl%3Den%26amp%3Blr%3D%26amp%3Bid%3D9mF6DwAAQBAJ%26amp%3Boi%3Dfnd%26amp%3Bpg%3DPA179%26amp%3Bdq%3Dinfo%3Aqbx04AJWWkIJ%3Ascholar.google.com%26amp%3Bots%3DIpKEMppJpZ%26amp%3Bsig%3DPGEFtiayRamNpl2vB7cnhsnZFgs%26amp%3Bredir_esc%3Dy%23v%3Donepage%26amp%3Bq%26amp%3Bf%3Dfalse%26%23039%3B%26gt%3Bhttps%3A%5C%2F%5C%2Fbooks.google.es%5C%2Fbooks%3Fhl%3Den%26amp%3Blr%3D%26amp%3Bid%3D9mF6DwAAQBAJ%26amp%3Boi%3Dfnd%26amp%3Bpg%3DPA179%26amp%3Bdq%3Dinfo%3Aqbx04AJWWkIJ%3Ascholar.google.com%26amp%3Bots%3DIpKEMppJpZ%26amp%3Bsig%3DPGEFtiayRamNpl2vB7cnhsnZFgs%26amp%3Bredir_esc%3Dy%23v%3Donepage%26amp%3Bq%26amp%3Bf%3Dfalse%26lt%3B%5C%2Fa%26gt%3B%26lt%3B%5C%2Fdiv%26gt%3B%5Cn%26lt%3B%5C%2Fdiv%26gt%3B%22%2C%22data%22%3A%7B%22itemType%22%3A%22bookSection%22%2C%22title%22%3A%22%5Cu00bfEs%20conveniente%20revisar%20los%20grados%20de%20Traducci%5Cu00f3n%20e%20Intepretaci%5Cu00f3n%20en%20Espa%5Cu00f1a%3F%22%2C%22creators%22%3A%5B%7B%22creatorType%22%3A%22author%22%2C%22firstName%22%3A%22Carmen%22%2C%22lastName%22%3A%22%5Cu00c1lvarez-Garc%5Cu00eda%22%7D%5D%2C%22abstractNote%22%3A%22The%20statistics%20of%20the%20Spanish%20Instituto%20de%20Comercio%20Exterior%20%28ICEX%29%20show%20an%20upward%20trend%20of%20national%20and%20regional%20exports%20and%20of%20export%20firms%2C%20so%20we%20can%20see%20that%20there%20are%20bigger%20needs%20of%20cultural%20and%20linguistic%20mediation%20that%20must%20be%20met%20by%20firms%20in%20a%20proper%20way.%20Thus%2C%20we%20can%20analyse%20what%20the%20professional%20profile%20for%20foreign%20trade%20is%20in%20order%20to%20reach%20conclusions%20on%20the%20adequacy%20of%20the%20profile%20of%20Graduates%20on%20Translation%20and%20Interpreting%20and%20on%20the%20possible%20gap%20between%20the%20professional%20world%20related%20to%20foreign%20trade%20and%20the%20specialisation%20offered%20by%20the%20Degree%20in%20Translation%20and%20Interpreting%20in%20Spain.%20We%20therefore%20analyse%2C%20on%20one%20hand%2C%20partial%20results%20of%20research%20through%20a%20survey%20taken%20to%20Andalusian%20export%20firms%20selected%20from%20the%20databases%20of%20the%20Trade%20%26amp%3B%20Investment%20Agency%20of%20Andalusia%3B%20on%20the%20other%20hand%2C%20the%20curricular%20content%20of%20various%20official%20syllabuses%20related%20to%20foreign%20trade%20in%20Spain%3B%20and%20lastly%2C%20the%20results%20of%20a%20content%20analysis%20of%20the%20foreign%20trade%20and%20related%20issues%20integrated%20in%20the%20syllabus%20of%20the%20Degree%20in%20Translation%20and%20Interpreting%20in%20Spain%2C%20to%20obtain%20conclusions%20regarding%20the%20gap%20between%20the%20professional%20needs%20related%20to%20foreign%20trade%20and%20the%20university%20training%20in%20translation%20and%20interpreting.%22%2C%22bookTitle%22%3A%22Business%20and%20Institutional%20Translation%3A%20New%20Insights%20and%20Reflections%22%2C%22date%22%3A%22November%2012%2C%202018%22%2C%22originalDate%22%3A%22%22%2C%22originalPublisher%22%3A%22%22%2C%22originalPlace%22%3A%22%22%2C%22format%22%3A%22%22%2C%22ISBN%22%3A%22978-1-5275-0760-9%22%2C%22DOI%22%3A%22%22%2C%22citationKey%22%3A%22%22%2C%22url%22%3A%22https%3A%5C%2F%5C%2Fbooks.google.es%5C%2Fbooks%3Fhl%3Den%26lr%3D%26id%3D9mF6DwAAQBAJ%26oi%3Dfnd%26pg%3DPA179%26dq%3Dinfo%3Aqbx04AJWWkIJ%3Ascholar.google.com%26ots%3DIpKEMppJpZ%26sig%3DPGEFtiayRamNpl2vB7cnhsnZFgs%26redir_esc%3Dy%23v%3Donepage%26q%26f%3Dfalse%22%2C%22ISSN%22%3A%22%22%2C%22language%22%3A%22es%22%2C%22collections%22%3A%5B%5D%2C%22dateModified%22%3A%222020-10-16T14%3A58%3A08Z%22%7D%7D%2C%7B%22key%22%3A%22UMVKZPHV%22%2C%22library%22%3A%7B%22id%22%3A2580715%7D%2C%22meta%22%3A%7B%22creatorSummary%22%3A%22%5Cu00c1lvarez-Garc%5Cu00eda%20and%20Rodr%5Cu00edguez-Posada%22%2C%22parsedDate%22%3A%222018%22%2C%22numChildren%22%3A0%7D%2C%22bib%22%3A%22%26lt%3Bdiv%20class%3D%26quot%3Bcsl-bib-body%26quot%3B%20style%3D%26quot%3Bline-height%3A%202%3B%20padding-left%3A%201em%3B%20text-indent%3A-1em%3B%26quot%3B%26gt%3B%5Cn%20%20%26lt%3Bdiv%20class%3D%26quot%3Bcsl-entry%26quot%3B%26gt%3B%26%23xC1%3Blvarez-Garc%26%23xED%3Ba%2C%20C.%2C%20%26amp%3B%20Rodr%26%23xED%3Bguez-Posada%2C%20G.%20%282018%29.%20Adquisici%26%23xF3%3Bn%20de%20Destrezas%20Instrumentales-Profesionales%20en%20el%20aula%20de%20Traducci%26%23xF3%3Bn%20%28ingl%26%23xE9%3Bs%20y%20alem%26%23xE1%3Bn%29.%20In%20%26lt%3Bi%26gt%3BTem%26%23xE1%3Bticas%20emergentes%20en%20innovaci%26%23xF3%3Bn%20universitaria%26lt%3B%5C%2Fi%26gt%3B.%20Tecnos.%20%26lt%3Ba%20class%3D%26%23039%3Bzp-ItemURL%26%23039%3B%20href%3D%26%23039%3Bhttps%3A%5C%2F%5C%2Fwww.worldcat.org%5C%2Ftitle%5C%2Ftemticas-emergentes-en-innovacin-universitaria%5C%2Foclc%5C%2F1055871346%26%23039%3B%26gt%3Bhttps%3A%5C%2F%5C%2Fwww.worldcat.org%5C%2Ftitle%5C%2Ftemticas-emergentes-en-innovacin-universitaria%5C%2Foclc%5C%2F1055871346%26lt%3B%5C%2Fa%26gt%3B%26lt%3B%5C%2Fdiv%26gt%3B%5Cn%26lt%3B%5C%2Fdiv%26gt%3B%22%2C%22data%22%3A%7B%22itemType%22%3A%22bookSection%22%2C%22title%22%3A%22Adquisici%5Cu00f3n%20de%20Destrezas%20Instrumentales-Profesionales%20en%20el%20aula%20de%20Traducci%5Cu00f3n%20%28ingl%5Cu00e9s%20y%20alem%5Cu00e1n%29%22%2C%22creators%22%3A%5B%7B%22creatorType%22%3A%22author%22%2C%22firstName%22%3A%22Carmen%22%2C%22lastName%22%3A%22%5Cu00c1lvarez-Garc%5Cu00eda%22%7D%2C%7B%22creatorType%22%3A%22author%22%2C%22firstName%22%3A%22Gala%22%2C%22lastName%22%3A%22Rodr%5Cu00edguez-Posada%22%7D%5D%2C%22abstractNote%22%3A%22%22%2C%22bookTitle%22%3A%22Tem%5Cu00e1ticas%20emergentes%20en%20innovaci%5Cu00f3n%20universitaria%22%2C%22date%22%3A%222018%22%2C%22originalDate%22%3A%22%22%2C%22originalPublisher%22%3A%22%22%2C%22originalPlace%22%3A%22%22%2C%22format%22%3A%22%22%2C%22ISBN%22%3A%22978-84-309-7386-6%22%2C%22DOI%22%3A%22%22%2C%22citationKey%22%3A%22%22%2C%22url%22%3A%22https%3A%5C%2F%5C%2Fwww.worldcat.org%5C%2Ftitle%5C%2Ftemticas-emergentes-en-innovacin-universitaria%5C%2Foclc%5C%2F1055871346%22%2C%22ISSN%22%3A%22%22%2C%22language%22%3A%22Texto%20en%20espa%5Cu00f1ol%20e%20ingl%5Cu00e9s%22%2C%22collections%22%3A%5B%5D%2C%22dateModified%22%3A%222020-10-16T14%3A57%3A59Z%22%7D%7D%2C%7B%22key%22%3A%22NYIFAFRJ%22%2C%22library%22%3A%7B%22id%22%3A2580715%7D%2C%22meta%22%3A%7B%22creatorSummary%22%3A%22%5Cu00c1lvarez-Garc%5Cu00eda%22%2C%22parsedDate%22%3A%222017-07-07%22%2C%22numChildren%22%3A2%7D%2C%22bib%22%3A%22%26lt%3Bdiv%20class%3D%26quot%3Bcsl-bib-body%26quot%3B%20style%3D%26quot%3Bline-height%3A%202%3B%20padding-left%3A%201em%3B%20text-indent%3A-1em%3B%26quot%3B%26gt%3B%5Cn%20%20%26lt%3Bdiv%20class%3D%26quot%3Bcsl-entry%26quot%3B%26gt%3B%26%23xC1%3Blvarez-Garc%26%23xED%3Ba%2C%20C.%20%282017%29.%20Los%20textos%20en%20el%20%26%23xE1%3Bmbito%20del%20comercio%20exterior%3A%20una%20taxonom%26%23xED%3Ba%20para%20la%20formaci%26%23xF3%3Bn%20de%20traductores.%20%26lt%3Bi%26gt%3BSendebar%26lt%3B%5C%2Fi%26gt%3B%2C%20%2828%29%2C%20113%26%23x2013%3B133.%20%26lt%3Ba%20class%3D%26%23039%3Bzp-ItemURL%26%23039%3B%20href%3D%26%23039%3Bhttps%3A%5C%2F%5C%2Frevistaseug.ugr.es%5C%2Findex.php%5C%2Fsendebar%5C%2Farticle%5C%2Fview%5C%2F5418%5C%2F5643%26%23039%3B%26gt%3Bhttps%3A%5C%2F%5C%2Frevistaseug.ugr.es%5C%2Findex.php%5C%2Fsendebar%5C%2Farticle%5C%2Fview%5C%2F5418%5C%2F5643%26lt%3B%5C%2Fa%26gt%3B%26lt%3B%5C%2Fdiv%26gt%3B%5Cn%26lt%3B%5C%2Fdiv%26gt%3B%22%2C%22data%22%3A%7B%22itemType%22%3A%22journalArticle%22%2C%22title%22%3A%22Los%20textos%20en%20el%20%5Cu00e1mbito%20del%20comercio%20exterior%3A%20una%20taxonom%5Cu00eda%20para%20la%20formaci%5Cu00f3n%20de%20traductores%22%2C%22creators%22%3A%5B%7B%22creatorType%22%3A%22author%22%2C%22firstName%22%3A%22Carmen%22%2C%22lastName%22%3A%22%5Cu00c1lvarez-Garc%5Cu00eda%22%7D%5D%2C%22abstractNote%22%3A%22Texts%20in%20Foreign%20Trade%3A%20a%20Taxonomy%20for%20Translator%20Training%5CnTaking%20into%20account%20the%20progressive%20increase%20both%20in%20international%20commercial%20transactions%5Cnand%20in%20the%20number%20of%20internationalized%20firms%2C%20it%20is%20necessary%20to%20continue%20research%20on%20foreign%20trade%2C%20as%20a%20professional%20field%20that%20requires%20linguistic%20and%20cultural%20mediation%20and%20where%20translators%20and%20interpreters%20play%20a%20key%20role.%20In%20foreign%20trade%20texts%20that%20come%20from%20different%20disci-%20plines%20are%20included.%20We%20thus%20believe%20that%20foreign%20trade%20should%20not%20be%20considered%20as%20one%20of%20the%20categories%20within%20the%20economic%20or%20the%20financial%20fields.%5CnTherefore%2C%20this%20paper%20not%20only%20discusses%20the%20need%20for%20a%20specific%20taxonomy%20of%20the%20thematic%20variety%20of%20the%20most%20frequent%20texts%20produced%20in%20foreign%20trade%2C%20but%20also%20offers%20a%20classification%20from%20the%20point%20of%20view%20of%20translation.%20This%20classification%20could%20prove%20useful%20in%20training%20translators%20and%20interpreters%20wishing%20to%20specialize%20in%20this%20growing%20professional%20field%2C%20as%20it%20shows%20a%20global%20view%20of%20foreign%20trade.%20To%20reach%20that%20classification%2C%20this%20paper%20starts%20by%20analysing%20the%20relationship%20between%20translation%20and%20foreign%20trade%3B%20then%20it%20shows%20the%20criteria%20for%20classification%20of%20various%20authors%20in%20order%20to%20critically%20discuss%20relevant%20typologies%2C%20and%20finally%20states%20the%5Cncriteria%20used%20for%20our%20proposal%2C%20presented%20at%20the%20end%20of%20this%20paper.%22%2C%22date%22%3A%22July%207%2C%202017%22%2C%22section%22%3A%22%22%2C%22partNumber%22%3A%22%22%2C%22partTitle%22%3A%22%22%2C%22DOI%22%3A%22%22%2C%22citationKey%22%3A%22%22%2C%22url%22%3A%22https%3A%5C%2F%5C%2Frevistaseug.ugr.es%5C%2Findex.php%5C%2Fsendebar%5C%2Farticle%5C%2Fview%5C%2F5418%5C%2F5643%22%2C%22PMID%22%3A%22%22%2C%22PMCID%22%3A%22%22%2C%22ISSN%22%3A%222340-2415%22%2C%22language%22%3A%22es%22%2C%22collections%22%3A%5B%5D%2C%22dateModified%22%3A%222020-10-16T14%3A56%3A35Z%22%7D%7D%5D%7D<\/span>\n\n\t\t\t\t<div id=\"zp-ID-90-2580715-P4IITVK9\" data-zp-author-date='\u00c1lvarez-Garc\u00eda-2021' data-zp-date-author='2021-\u00c1lvarez-Garc\u00eda' data-zp-date='2021' data-zp-year='2021' data-zp-itemtype='bookSection' class=\"zp-Entry zpSearchResultsItem\">\n<div class=\"csl-bib-body\" style=\"line-height: 2; padding-left: 1em; text-indent:-1em;\">\n  <div class=\"csl-entry\">\u00c1lvarez-Garc\u00eda, C. (2021). Inicio al aprendizaje de la traducci\u00f3n mediante el empleo de la posedici\u00f3n. In <i>Investigaci\u00f3n traductol\u00f3gica en la ense\u00f1anza y pr\u00e1ctica profesional de la traducci\u00f3n y la interpretaci\u00f3n<\/i> (pp. 83\u201398). Comares. <a class=&#039;zp-ItemURL&#039; href=&#039;https:\/\/dialnet.unirioja.es\/servlet\/articulo?codigo=8235111&#039;>https:\/\/dialnet.unirioja.es\/servlet\/articulo?codigo=8235111<\/a><\/div>\n<\/div>\n\t\t\t\t<\/div><!-- .zp-Entry .zpSearchResultsItem -->\t\t\t\t<div id=\"zp-ID-90-2580715-8T6NQEE6\" data-zp-author-date='\u00c1lvarez-Garc\u00eda-2021' data-zp-date-author='2021-\u00c1lvarez-Garc\u00eda' data-zp-date='2021' data-zp-year='2021' data-zp-itemtype='journalArticle' class=\"zp-Entry zpSearchResultsItem\">\n<div class=\"csl-bib-body\" style=\"line-height: 2; padding-left: 1em; text-indent:-1em;\">\n  <div class=\"csl-entry\">\u00c1lvarez-Garc\u00eda, C. (2021). La adquisici\u00f3n de conocimiento experto en el \u00e1mbito de la traducci\u00f3n especializada: Aplicaci\u00f3n de nuevas tecnolog\u00edas en la formaci\u00f3n de traductores. <i>inTRAlinea. online translation journal<\/i>, <i>23<\/i>. <a class=&#039;zp-ItemURL&#039; href=&#039;http:\/\/www.intralinea.org\/current\/article\/la_adquisicion_de_conocimiento_experto_en_el_ambito_de_la_traduccion_especi&#039;>http:\/\/www.intralinea.org\/current\/article\/la_adquisicion_de_conocimiento_experto_en_el_ambito_de_la_traduccion_especi<\/a><\/div>\n<\/div>\n\t\t\t\t<\/div><!-- .zp-Entry .zpSearchResultsItem -->\t\t\t\t<div id=\"zp-ID-90-2580715-93XUGIY7\" data-zp-author-date='\u00c1lvarez-Garc\u00eda-2018-12-13' data-zp-date-author='2018-12-13-\u00c1lvarez-Garc\u00eda' data-zp-date='2018-12-13' data-zp-year='2018' data-zp-itemtype='book' class=\"zp-Entry zpSearchResultsItem\">\n<div class=\"csl-bib-body\" style=\"line-height: 2; padding-left: 1em; text-indent:-1em;\">\n  <div class=\"csl-entry\">\u00c1lvarez-Garc\u00eda, C. (2018). <i>El comercio exterior. Mediaci\u00f3n ling\u00fc\u00edstica y cultural<\/i>. Comares. <a class=&#039;zp-ItemURL&#039; href=&#039;https:\/\/www.comares.com\/libro\/el-comercio-exterior_113290\/&#039;>https:\/\/www.comares.com\/libro\/el-comercio-exterior_113290\/<\/a><\/div>\n<\/div>\n\t\t\t\t<\/div><!-- .zp-Entry .zpSearchResultsItem -->\t\t\t\t<div id=\"zp-ID-90-2580715-LJHTY34F\" data-zp-author-date='Limbach-and-\u00c1lvarez-Garc\u00eda-2019' data-zp-date-author='2019-Limbach-and-\u00c1lvarez-Garc\u00eda' data-zp-date='2019' data-zp-year='2019' data-zp-itemtype='bookSection' class=\"zp-Entry zpSearchResultsItem\">\n<div class=\"csl-bib-body\" style=\"line-height: 2; padding-left: 1em; text-indent:-1em;\">\n  <div class=\"csl-entry\">Limbach, C., & \u00c1lvarez-Garc\u00eda, C. (2019). Fehleranalyse und didaktische Vorschl\u00e4ge f\u00fcr die Qualit\u00e4tssteigerung beim bilateralen konsekutiven Dolmetschen. In <i>Traducci\u00f3n y Sostenibilidad cultural: sustrato, fundamentos y aplicaciones<\/i> (pp. 241\u2013251). Ediciones Universidad de Salamanca. <a class=&#039;zp-ItemURL&#039; href=&#039;https:\/\/rio.upo.es\/xmlui\/handle\/10433\/8086&#039;>https:\/\/rio.upo.es\/xmlui\/handle\/10433\/8086<\/a><\/div>\n<\/div>\n\t\t\t\t<\/div><!-- .zp-Entry .zpSearchResultsItem -->\t\t\t\t<div id=\"zp-ID-90-2580715-L5ZLKFYG\" data-zp-author-date='\u00c1lvarez-Garc\u00eda-2018' data-zp-date-author='2018-\u00c1lvarez-Garc\u00eda' data-zp-date='2018' data-zp-year='2018' data-zp-itemtype='journalArticle' class=\"zp-Entry zpSearchResultsItem\">\n<div class=\"csl-bib-body\" style=\"line-height: 2; padding-left: 1em; text-indent:-1em;\">\n  <div class=\"csl-entry\">\u00c1lvarez-Garc\u00eda, C. (2018). Formaci\u00f3n en internacionalizaci\u00f3n. <i>Linguae<\/i>, <i>3<\/i>, 7\u201326. <a class=&#039;zp-ItemURL&#039; href=&#039;https:\/\/www.calameo.com\/read\/00440437704953dc1a44a&#039;>https:\/\/www.calameo.com\/read\/00440437704953dc1a44a<\/a><\/div>\n<\/div>\n\t\t\t\t<\/div><!-- .zp-Entry .zpSearchResultsItem -->\t\t\t\t<div id=\"zp-ID-90-2580715-3276R8JS\" data-zp-author-date='\u00c1lvarez-Garc\u00eda-2020' data-zp-date-author='2020-\u00c1lvarez-Garc\u00eda' data-zp-date='2020' data-zp-year='2020' data-zp-itemtype='bookSection' class=\"zp-Entry zpSearchResultsItem\">\n<div class=\"csl-bib-body\" style=\"line-height: 2; padding-left: 1em; text-indent:-1em;\">\n  <div class=\"csl-entry\">\u00c1lvarez-Garc\u00eda, C. (2020). Posedici\u00f3n en localizaci\u00f3n web. Propuesta did\u00e1ctica alem\u00e1n-espa\u00f1ol. In <i>Las lenguas ibericas en la traducci\u00f3n e interpretaci\u00f3n<\/i> (pp. 11\u201327). BIBLIOTEKA IBERYJSKA (Muzeum Historii Polskiego Ruchu Ludowego). <a class=&#039;zp-ItemURL&#039; href=&#039;https:\/\/mhprl.pl\/wp-content\/uploads\/2020\/01\/Las-lenguas-ibericas.pdf&#039;>https:\/\/mhprl.pl\/wp-content\/uploads\/2020\/01\/Las-lenguas-ibericas.pdf<\/a><\/div>\n<\/div>\n\t\t\t\t<\/div><!-- .zp-Entry .zpSearchResultsItem -->\t\t\t\t<div id=\"zp-ID-90-2580715-95NYXJ2G\" data-zp-author-date='\u00c1lvarez-Garc\u00eda-2018-08-08' data-zp-date-author='2018-08-08-\u00c1lvarez-Garc\u00eda' data-zp-date='2018-08-08' data-zp-year='2018' data-zp-itemtype='book' class=\"zp-Entry zpSearchResultsItem\">\n<div class=\"csl-bib-body\" style=\"line-height: 2; padding-left: 1em; text-indent:-1em;\">\n  <div class=\"csl-entry\">\u00c1lvarez-Garc\u00eda, C. (2018). <i>Curso sobre localizaci\u00f3n web alem\u00e1n-espa\u00f1ol. M\u00f3dulo I: Nivel b\u00e1sico<\/i>. eumed.net. <a class=&#039;zp-ItemURL&#039; href=&#039;https:\/\/www.eumed.net\/libros\/1774\/index.html&#039;>https:\/\/www.eumed.net\/libros\/1774\/index.html<\/a><\/div>\n<\/div>\n\t\t\t\t<\/div><!-- .zp-Entry .zpSearchResultsItem -->\t\t\t\t<div id=\"zp-ID-90-2580715-JXLBAWGE\" data-zp-author-date='\u00c1lvarez-Garc\u00eda-2018-08-08' data-zp-date-author='2018-08-08-\u00c1lvarez-Garc\u00eda' data-zp-date='2018-08-08' data-zp-year='2018' data-zp-itemtype='book' class=\"zp-Entry zpSearchResultsItem\">\n<div class=\"csl-bib-body\" style=\"line-height: 2; padding-left: 1em; text-indent:-1em;\">\n  <div class=\"csl-entry\">\u00c1lvarez-Garc\u00eda, C. (2018). <i>Curso sobre localizaci\u00f3n web alem\u00e1n-espa\u00f1ol. M\u00f3dulo II: Nivel avanzado<\/i>. eumed.net. <a class=&#039;zp-ItemURL&#039; href=&#039;https:\/\/www.eumed.net\/libros\/1775\/index.html&#039;>https:\/\/www.eumed.net\/libros\/1775\/index.html<\/a><\/div>\n<\/div>\n\t\t\t\t<\/div><!-- .zp-Entry .zpSearchResultsItem -->\t\t\t\t<div id=\"zp-ID-90-2580715-3K43EDXG\" data-zp-author-date='\u00c1lvarez-Garc\u00eda-and-Limbach-2019' data-zp-date-author='2019-\u00c1lvarez-Garc\u00eda-and-Limbach' data-zp-date='2019' data-zp-year='2019' data-zp-itemtype='journalArticle' class=\"zp-Entry zpSearchResultsItem\">\n<div class=\"csl-bib-body\" style=\"line-height: 2; padding-left: 1em; text-indent:-1em;\">\n  <div class=\"csl-entry\">\u00c1lvarez-Garc\u00eda, C., & Limbach, C. (2019). La interpretaci\u00f3n bilateral en el \u00e1mbito tur\u00edstico: evaluaci\u00f3n. <i>Futhark. Revista de investigaci\u00f3n y cultura<\/i>, (14).<\/div>\n<\/div>\n\t\t\t\t<\/div><!-- .zp-Entry .zpSearchResultsItem -->\t\t\t\t<div id=\"zp-ID-90-2580715-SRQ5IH7T\" data-zp-author-date='\u00c1lvarez-Garc\u00eda-2019' data-zp-date-author='2019-\u00c1lvarez-Garc\u00eda' data-zp-date='2019' data-zp-year='2019' data-zp-itemtype='journalArticle' class=\"zp-Entry zpSearchResultsItem\">\n<div class=\"csl-bib-body\" style=\"line-height: 2; padding-left: 1em; text-indent:-1em;\">\n  <div class=\"csl-entry\">\u00c1lvarez-Garc\u00eda, C. (2019). Pr\u00e1ctica de posedici\u00f3n en formaci\u00f3n en traducci\u00f3n especializada. <i>Caracteres: estudios culturales y cr\u00edticos de la esfera digital<\/i>, <i>8<\/i>(2), 67\u201391. <a class=&#039;zp-ItemURL&#039; href=&#039;https:\/\/dialnet.unirioja.es\/descarga\/articulo\/7323496.pdf&#039;>https:\/\/dialnet.unirioja.es\/descarga\/articulo\/7323496.pdf<\/a><\/div>\n<\/div>\n\t\t\t\t<\/div><!-- .zp-Entry .zpSearchResultsItem -->\t\t\t\t<div id=\"zp-ID-90-2580715-7HK34A8B\" data-zp-author-date='\u00c1lvarez-Garc\u00eda-2019' data-zp-date-author='2019-\u00c1lvarez-Garc\u00eda' data-zp-date='2019' data-zp-year='2019' data-zp-itemtype='journalArticle' class=\"zp-Entry zpSearchResultsItem\">\n<div class=\"csl-bib-body\" style=\"line-height: 2; padding-left: 1em; text-indent:-1em;\">\n  <div class=\"csl-entry\">\u00c1lvarez-Garc\u00eda, C. (2019). Translation in Financial Spanish: A Corpus-based Study on the use of Metaphor. <i>Current Trends in Translation Teaching and Learning<\/i>, (6), 331\u2013356. <a class=&#039;zp-ItemURL&#039; href=&#039;http:\/\/www.cttl.org\/uploads\/5\/2\/4\/3\/5243866\/cttl_2019__11.pdf&#039;>http:\/\/www.cttl.org\/uploads\/5\/2\/4\/3\/5243866\/cttl_2019__11.pdf<\/a><\/div>\n<\/div>\n\t\t\t\t<\/div><!-- .zp-Entry .zpSearchResultsItem -->\t\t\t\t<div id=\"zp-ID-90-2580715-EIB2RF5D\" data-zp-author-date='\u00c1lvarez-Garc\u00eda-2020' data-zp-date-author='2020-\u00c1lvarez-Garc\u00eda' data-zp-date='2020' data-zp-year='2020' data-zp-itemtype='bookSection' class=\"zp-Entry zpSearchResultsItem\">\n<div class=\"csl-bib-body\" style=\"line-height: 2; padding-left: 1em; text-indent:-1em;\">\n  <div class=\"csl-entry\">\u00c1lvarez-Garc\u00eda, C. (2020). Inicio al aprendizaje de la traducci\u00f3n mediante el empleo de la posedici\u00f3n. In <i>Investigaci\u00f3n traductol\u00f3gica en la ense\u00f1anza y pr\u00e1ctica profesional de la\ntraducci\u00f3n y la interpretaci\u00f3n<\/i>. Comares.<\/div>\n<\/div>\n\t\t\t\t<\/div><!-- .zp-Entry .zpSearchResultsItem -->\t\t\t\t<div id=\"zp-ID-90-2580715-MQNRP4NF\" data-zp-author-date='\u00c1lvarez-Garc\u00eda-2011-12-01' data-zp-date-author='2011-12-01-\u00c1lvarez-Garc\u00eda' data-zp-date='2011-12-01' data-zp-year='2011' data-zp-itemtype='journalArticle' class=\"zp-Entry zpSearchResultsItem\">\n<div class=\"csl-bib-body\" style=\"line-height: 2; padding-left: 1em; text-indent:-1em;\">\n  <div class=\"csl-entry\">\u00c1lvarez-Garc\u00eda, C. (2011). Estudio del lenguaje de especialidad econ\u00f3mico: El lenguaje del comercio internacional. <i>Entreculturas<\/i>, <i>3<\/i>, 279\u2013290. <a class=&#039;zp-ItemURL&#039; href=&#039;http:\/\/www.entreculturas.uma.es\/n3pdf\/articulo15.pdf&#039;>http:\/\/www.entreculturas.uma.es\/n3pdf\/articulo15.pdf<\/a><\/div>\n<\/div>\n\t\t\t\t<\/div><!-- .zp-Entry .zpSearchResultsItem -->\t\t\t\t<div id=\"zp-ID-90-2580715-5E723RCA\" data-zp-author-date='\u00c1lvarez-Garc\u00eda-2015-06-23' data-zp-date-author='2015-06-23-\u00c1lvarez-Garc\u00eda' data-zp-date='2015-06-23' data-zp-year='2015' data-zp-itemtype='thesis' class=\"zp-Entry zpSearchResultsItem\">\n<div class=\"csl-bib-body\" style=\"line-height: 2; padding-left: 1em; text-indent:-1em;\">\n  <div class=\"csl-entry\">\u00c1lvarez-Garc\u00eda, C. (2015). <i>El acceso de los traductores e int\u00e9rpretes al conocimiento experto en materia econ\u00f3mica\u202f: especializaci\u00f3n en comercio exterior<\/i> [Universidad Pablo de Olavide]. <a class=&#039;zp-ItemURL&#039; href=&#039;https:\/\/rio.upo.es\/xmlui\/handle\/10433\/2110&#039;>https:\/\/rio.upo.es\/xmlui\/handle\/10433\/2110<\/a><\/div>\n<\/div>\n\t\t\t\t<\/div><!-- .zp-Entry .zpSearchResultsItem -->\t\t\t\t<div id=\"zp-ID-90-2580715-AAJCTZ89\" data-zp-author-date='\u00c1lvarez-Garc\u00eda-2015' data-zp-date-author='2015-\u00c1lvarez-Garc\u00eda' data-zp-date='2015' data-zp-year='2015' data-zp-itemtype='bookSection' class=\"zp-Entry zpSearchResultsItem\">\n<div class=\"csl-bib-body\" style=\"line-height: 2; padding-left: 1em; text-indent:-1em;\">\n  <div class=\"csl-entry\">\u00c1lvarez-Garc\u00eda, C. (2015). Los titulados en Traducci\u00f3n e Interpretaci\u00f3n y el comercio exterior. In <i>Actas del IV Congreso de la SELM<\/i> (pp. 59\u201373). Bienza. <a class=&#039;zp-ItemURL&#039; href=&#039;https:\/\/es.calameo.com\/books\/0044043775976c5cd5980&#039;>https:\/\/es.calameo.com\/books\/0044043775976c5cd5980<\/a><\/div>\n<\/div>\n\t\t\t\t<\/div><!-- .zp-Entry .zpSearchResultsItem -->\t\t\t\t<div id=\"zp-ID-90-2580715-76WA473Q\" data-zp-author-date='\u00c1lvarez-Garc\u00eda-2014' data-zp-date-author='2014-\u00c1lvarez-Garc\u00eda' data-zp-date='2014' data-zp-year='2014' data-zp-itemtype='bookSection' class=\"zp-Entry zpSearchResultsItem\">\n<div class=\"csl-bib-body\" style=\"line-height: 2; padding-left: 1em; text-indent:-1em;\">\n  <div class=\"csl-entry\">\u00c1lvarez-Garc\u00eda, C. (2014). La formaci\u00f3n en comercio exterior para titulados en Traducci\u00f3n e Interpretaci\u00f3n. In <i>Actas del III Congreso de la SELM<\/i> (pp. 9\u201321). Bienza. <a class=&#039;zp-ItemURL&#039; href=&#039;https:\/\/es.calameo.com\/books\/0044043775976c5cd5980&#039;>https:\/\/es.calameo.com\/books\/0044043775976c5cd5980<\/a><\/div>\n<\/div>\n\t\t\t\t<\/div><!-- .zp-Entry .zpSearchResultsItem -->\t\t\t\t<div id=\"zp-ID-90-2580715-XWUNK48I\" data-zp-author-date='\u00c1lvarez-Garc\u00eda-2012' data-zp-date-author='2012-\u00c1lvarez-Garc\u00eda' data-zp-date='2012' data-zp-year='2012' data-zp-itemtype='bookSection' class=\"zp-Entry zpSearchResultsItem\">\n<div class=\"csl-bib-body\" style=\"line-height: 2; padding-left: 1em; text-indent:-1em;\">\n  <div class=\"csl-entry\">\u00c1lvarez-Garc\u00eda, C. (2012). Estudio terminol\u00f3gico del lenguaje econ\u00f3mico-financiero espa\u00f1ol a trav\u00e9s del an\u00e1lisis comparativo de dos estilos: institucional y period\u00edstico. In <i>Actas del I Congreso de la SELM<\/i> (pp. 39\u201363). Bienza. <a class=&#039;zp-ItemURL&#039; href=&#039;https:\/\/es.calameo.com\/books\/004404377c38de46c136d&#039;>https:\/\/es.calameo.com\/books\/004404377c38de46c136d<\/a><\/div>\n<\/div>\n\t\t\t\t<\/div><!-- .zp-Entry .zpSearchResultsItem -->\t\t\t\t<div id=\"zp-ID-90-2580715-J6J4EE7G\" data-zp-author-date='Medina-Reguera-and-\u00c1lvarez-Garc\u00eda-2014-08-05' data-zp-date-author='2014-08-05-Medina-Reguera-and-\u00c1lvarez-Garc\u00eda' data-zp-date='2014-08-05' data-zp-year='2014' data-zp-itemtype='journalArticle' class=\"zp-Entry zpSearchResultsItem\">\n<div class=\"csl-bib-body\" style=\"line-height: 2; padding-left: 1em; text-indent:-1em;\">\n  <div class=\"csl-entry\">Medina Reguera, A., & \u00c1lvarez-Garc\u00eda, C. (2014). La relaci\u00f3n empresa-traducci\u00f3n en el sector agroalimentario andaluz. <i>Skopos<\/i>, <i>4<\/i>, 187\u2013206. <a class=&#039;zp-ItemURL&#039; href=&#039;https:\/\/www.uco.es\/ucopress\/ojs\/index.php\/skopos\/article\/view\/4364\/4132&#039;>https:\/\/www.uco.es\/ucopress\/ojs\/index.php\/skopos\/article\/view\/4364\/4132<\/a><\/div>\n<\/div>\n\t\t\t\t<\/div><!-- .zp-Entry .zpSearchResultsItem -->\t\t\t\t<div id=\"zp-ID-90-2580715-8XCC2FS7\" data-zp-author-date='\u00c1lvarez-Garc\u00eda-2016' data-zp-date-author='2016-\u00c1lvarez-Garc\u00eda' data-zp-date='2016' data-zp-year='2016' data-zp-itemtype='bookSection' class=\"zp-Entry zpSearchResultsItem\">\n<div class=\"csl-bib-body\" style=\"line-height: 2; padding-left: 1em; text-indent:-1em;\">\n  <div class=\"csl-entry\">\u00c1lvarez-Garc\u00eda, C. (2016). \u00bfEnse\u00f1ar comercio exterior a alumnos de Traducci\u00f3n e Interpretaci\u00f3n? In <i>Innovaci\u00f3n universitaria: Digitalizaci\u00f3n 2.0 y excelencia en contenidos<\/i> (pp. 35\u201350). McGraw-Hill Interamericana de Espa\u00f1a. <a class=&#039;zp-ItemURL&#039; href=&#039;https:\/\/dialnet.unirioja.es\/servlet\/libro?codigo=730728&#039;>https:\/\/dialnet.unirioja.es\/servlet\/libro?codigo=730728<\/a><\/div>\n<\/div>\n\t\t\t\t<\/div><!-- .zp-Entry .zpSearchResultsItem -->\t\t\t\t<div id=\"zp-ID-90-2580715-P3Y43BLX\" data-zp-author-date='\u00c1lvarez-Garc\u00eda-2018' data-zp-date-author='2018-\u00c1lvarez-Garc\u00eda' data-zp-date='2018' data-zp-year='2018' data-zp-itemtype='journalArticle' class=\"zp-Entry zpSearchResultsItem\">\n<div class=\"csl-bib-body\" style=\"line-height: 2; padding-left: 1em; text-indent:-1em;\">\n  <div class=\"csl-entry\">\u00c1lvarez-Garc\u00eda, C. (2018). La Traducci\u00f3n Especializada Alem\u00e1n-espa\u00f1ol. Propuesta De Actividades Con Empleo De Nuevas Tecnolog\u00edas. <i>mAGAzin. Revista de German\u00edstica Intercultural<\/i>, (26), 38\u201352. <a class=&#039;zp-DOIURL&#039; href=&#039;https:\/\/doi.org\/http:\/\/dx.doi.org\/10.12795\/mAGAzin.2018.04&#039;>https:\/\/doi.org\/http:\/\/dx.doi.org\/10.12795\/mAGAzin.2018.04<\/a><\/div>\n<\/div>\n\t\t\t\t<\/div><!-- .zp-Entry .zpSearchResultsItem -->\t\t\t\t<div id=\"zp-ID-90-2580715-LAI85LA9\" data-zp-author-date='\u00c1lvarez-Garc\u00eda-2018-11-12' data-zp-date-author='2018-11-12-\u00c1lvarez-Garc\u00eda' data-zp-date='2018-11-12' data-zp-year='2018' data-zp-itemtype='bookSection' class=\"zp-Entry zpSearchResultsItem\">\n<div class=\"csl-bib-body\" style=\"line-height: 2; padding-left: 1em; text-indent:-1em;\">\n  <div class=\"csl-entry\">\u00c1lvarez-Garc\u00eda, C. (2018). \u00bfEs conveniente revisar los grados de Traducci\u00f3n e Intepretaci\u00f3n en Espa\u00f1a? In <i>Business and Institutional Translation: New Insights and Reflections<\/i> (\u00c9ric Poirier and Daniel Gallego-Hern\u00e1ndez, p. 179). Cambridge Scholars Publishing. <a class=&#039;zp-ItemURL&#039; href=&#039;https:\/\/books.google.es\/books?hl=en&lr=&id=9mF6DwAAQBAJ&oi=fnd&pg=PA179&dq=info:qbx04AJWWkIJ:scholar.google.com&ots=IpKEMppJpZ&sig=PGEFtiayRamNpl2vB7cnhsnZFgs&redir_esc=y#v=onepage&q&f=false&#039;>https:\/\/books.google.es\/books?hl=en&lr=&id=9mF6DwAAQBAJ&oi=fnd&pg=PA179&dq=info:qbx04AJWWkIJ:scholar.google.com&ots=IpKEMppJpZ&sig=PGEFtiayRamNpl2vB7cnhsnZFgs&redir_esc=y#v=onepage&q&f=false<\/a><\/div>\n<\/div>\n\t\t\t\t<\/div><!-- .zp-Entry .zpSearchResultsItem -->\t\t\t\t<div id=\"zp-ID-90-2580715-UMVKZPHV\" data-zp-author-date='\u00c1lvarez-Garc\u00eda-and-Rodr\u00edguez-Posada-2018' data-zp-date-author='2018-\u00c1lvarez-Garc\u00eda-and-Rodr\u00edguez-Posada' data-zp-date='2018' data-zp-year='2018' data-zp-itemtype='bookSection' class=\"zp-Entry zpSearchResultsItem\">\n<div class=\"csl-bib-body\" style=\"line-height: 2; padding-left: 1em; text-indent:-1em;\">\n  <div class=\"csl-entry\">\u00c1lvarez-Garc\u00eda, C., & Rodr\u00edguez-Posada, G. (2018). Adquisici\u00f3n de Destrezas Instrumentales-Profesionales en el aula de Traducci\u00f3n (ingl\u00e9s y alem\u00e1n). In <i>Tem\u00e1ticas emergentes en innovaci\u00f3n universitaria<\/i>. Tecnos. <a class=&#039;zp-ItemURL&#039; href=&#039;https:\/\/www.worldcat.org\/title\/temticas-emergentes-en-innovacin-universitaria\/oclc\/1055871346&#039;>https:\/\/www.worldcat.org\/title\/temticas-emergentes-en-innovacin-universitaria\/oclc\/1055871346<\/a><\/div>\n<\/div>\n\t\t\t\t<\/div><!-- .zp-Entry .zpSearchResultsItem -->\t\t\t\t<div id=\"zp-ID-90-2580715-NYIFAFRJ\" data-zp-author-date='\u00c1lvarez-Garc\u00eda-2017-07-07' data-zp-date-author='2017-07-07-\u00c1lvarez-Garc\u00eda' data-zp-date='2017-07-07' data-zp-year='2017' data-zp-itemtype='journalArticle' class=\"zp-Entry zpSearchResultsItem\">\n<div class=\"csl-bib-body\" style=\"line-height: 2; padding-left: 1em; text-indent:-1em;\">\n  <div class=\"csl-entry\">\u00c1lvarez-Garc\u00eda, C. (2017). Los textos en el \u00e1mbito del comercio exterior: una taxonom\u00eda para la formaci\u00f3n de traductores. <i>Sendebar<\/i>, (28), 113\u2013133. <a class=&#039;zp-ItemURL&#039; href=&#039;https:\/\/revistaseug.ugr.es\/index.php\/sendebar\/article\/view\/5418\/5643&#039;>https:\/\/revistaseug.ugr.es\/index.php\/sendebar\/article\/view\/5418\/5643<\/a><\/div>\n<\/div>\n\t\t\t\t<\/div><!-- .zp-Entry .zpSearchResultsItem -->\n\t\t\t<\/div><!-- .zp-zp-SEO-Content -->\n\t\t<\/div><!-- .zp-List -->\n\t<\/div><!--.zp-Zotpress-->\n\n\n<\/div><\/div><\/div>\n<\/div><\/div><\/div>\n\n\n\n<h4 class=\"wp-block-heading\"><\/h4>\n\n\n\n<div class=\"wp-block-coblocks-features coblocks-features-82163421310\"><div class=\"wp-block-coblocks-features__inner has-light-background-background-color has-background has-columns has-3-columns has-responsive-columns has-padding has-medium-padding has-center-content has-small-gutter\">\n\n<div class=\"wp-block-coblocks-feature has-center-content coblocks-feature-82163421386\"><div class=\"wp-block-coblocks-feature__inner has-no-padding\">\n\n<div class=\"wp-block-coblocks-icon\"><div class=\"wp-block-coblocks-icon__inner\" style=\"height:60px;width:60px\"><svg viewbox=\"0 0 20 20\" xmlns=\"http:\/\/www.w3.org\/2000\/svg\" role=\"img\" aria-hidden=\"true\"><path d=\"m14.7660485 2.56204547c-.0789273 0-.1578547-.01973185-.2269162-.05919554-1.894257-.97672626-3.532-1.39109498-5.49531846-1.39109498-1.95345253 0-3.80824585.46369833-5.49531849 1.39109498-.23678212.12825699-.53275978.03946369-.67088269-.19731843-.12825698-.23678213-.03946368-.54262571.19731844-.67088269 1.83506147-.99645811 3.84770954-1.50948605 5.96888274-1.50948605 2.10144136 0 3.93650286.46369833 5.94915086 1.49962013.2466481.12825698.3354414.42423464.2071844.66101676-.0887933.1775866-.256514.27624582-.4341006.27624582zm-14.11813418 5.17960898c-.09865922 0-.19731844-.02959776-.28611174-.08879329-.2269162-.15785475-.27624581-.46369833-.11839106-.69061454.97672627-1.38122906 2.21983242-2.46648047 3.69972071-3.22615645 3.09789947-1.59827935 7.06400007-1.60814527 10.17176547-.00986592 1.4798883.75967598 2.7229944 1.83506147 3.6997207 3.20642461.1578547.21705028.1085251.53275978-.1183911.69061453s-.5327598.10852514-.6906145-.11839106c-.887933-1.24310616-2.0126481-2.21983243-3.3445475-2.90058104-2.8315196-1.45029051-6.45231293-1.45029051-9.27396659.00986593-1.34176537.69061453-2.46648047 1.67720672-3.35441344 2.92031287-.07892737.13812291-.2269162.20718436-.38477095.20718436zm6.16620117 11.90816775c-.12825698 0-.25651396-.0493296-.34530726-.1479889-.85833521-.8583352-1.32203353-1.4108268-1.9830503-2.6046033-.68074861-1.2135084-1.0359218-2.6933967-1.0359218-4.2818101 0-2.93017884 2.50594416-5.31773193 5.58411179-5.31773193 3.07816758 0 5.58411178 2.38755309 5.58411178 5.31773193 0 .2762458-.2170503.4932961-.4932961.4932961s-.4932961-.2170503-.4932961-.4932961c0-2.3875531-2.0619777-4.33113974-4.59751958-4.33113974-2.53554193 0-4.5975196 1.94358664-4.5975196 4.33113974 0 1.4206927.3157095 2.7328603.91753074 3.7983799.631419 1.134581 1.06551956 1.6180112 1.82519554 2.3875531.18745252.1973184.18745252.503162 0 .7004804-.10852514.0986593-.23678212.1479889-.36503911.1479889zm7.07386601-1.8251956c-1.1740447 0-2.2099665-.2959776-3.0584358-.878067-1.47002236-.9964581-2.34808941-2.6144693-2.34808941-4.3311397 0-.2762459.21705028-.4932961.4932961-.4932961.27624581 0 .49329609.2170502.49329609.4932961 0 1.3910949.71034642 2.7032626 1.91398882 3.5122682.7004805.4735642 1.519352.7004804 2.5059442.7004804.2367821 0 .631419-.0295978 1.0260559-.0986592.2663798-.0493296.5228938.128257.5722234.4045028.0493296.2663799-.128257.5228938-.4045028.5722235-.5623575.1085251-1.0556536.118391-1.1937765.118391zm-1.9830503 2.0323799c-.0394637 0-.0887933-.0098659-.128257-.0197318-1.5686816-.4341006-2.59473745-1.01619-3.67012294-2.0718436-1.38122906-1.3713632-2.14090505-3.1965587-2.14090505-5.1500112 0-1.5982794 1.36149722-2.90058107 3.03870394-2.90058107 1.67720675 0 3.03870395 1.30230167 3.03870395 2.90058107 0 1.0556536.9175307 1.9139888 2.0521117 1.9139888 1.1345811 0 2.0521118-.8583352 2.0521118-1.9139888 0-3.71945259-3.2064246-6.73842468-7.15279337-6.73842468-2.80192181 0-5.3670615 1.55881565-6.52137436 3.97596652-.38477096.79913966-.58208939 1.73640226-.58208939 2.76245816 0 .7695419.06906145 1.9830503.66101676 3.5615978.09865922.2565139-.02959776.5426257-.28611173.631419-.25651397.0986592-.54262571-.0394637-.631419-.2861118-.48343018-1.2924357-.7202123-2.5750056-.7202123-3.906905 0-1.1839107.2269162-2.2592961.67088269-3.19655873 1.31216761-2.7525922 4.22261456-4.53832406 7.40930733-4.53832406 4.48899447 0 8.13938557 3.46293858 8.13938557 7.72501679 0 1.5982794-1.3614972 2.9005811-3.038704 2.9005811-1.6772067 0-3.0387039-1.3023017-3.0387039-2.9005811 0-1.0556536-.9175307-1.9139888-2.05211175-1.9139888-1.13458101 0-2.05211175.8583352-2.05211175 1.9139888 0 1.6870727.65115084 3.2656202 1.84492739 4.4495308.93726258.9273967 1.83506151 1.4404246 3.22615641 1.8251956.2663799.0690614.4143688.3453072.3453073.6018212-.0493296.2269162-.256514.374905-.4636983.374905z\" transform=\"translate(1)\"><\/path><\/svg><\/div><\/div>\n\n\n<h4 class=\"wp-block-heading\"><a href=\"https:\/\/orcid.org\/0000-0003-1015-6220\" target=\"_blank\" rel=\"noreferrer noopener\">ORCID<\/a><\/h4>\n\n<\/div><\/div>\n\n\n<div class=\"wp-block-coblocks-feature has-center-content coblocks-feature-82163421393\"><div class=\"wp-block-coblocks-feature__inner has-no-padding\">\n\n<div class=\"wp-block-coblocks-icon\"><div class=\"wp-block-coblocks-icon__inner\" style=\"height:60px;width:60px\"><svg viewbox=\"0 0 20 20\" xmlns=\"http:\/\/www.w3.org\/2000\/svg\" role=\"img\" aria-hidden=\"true\"><path d=\"m4.63589015 9.40022032v3.64467918l6.37818865 3.4806687 6.3781886-3.4806687v-3.64467918l-6.3781886 3.48066868zm6.37818865-9.2757086-10.02286786 5.46701882 10.02286786 5.46701886 8.2005282-4.47384377v6.29618337h1.8223396v-7.28935846z\" transform=\"translate(-1 1.713379)\"><\/path><\/svg><\/div><\/div>\n\n\n<h4 class=\"wp-block-heading\"><a href=\"https:\/\/us.academia.edu\/C%C3%81lvarez\" target=\"_blank\" rel=\"noreferrer noopener\">Academia edu<\/a><\/h4>\n\n<\/div><\/div>\n\n\n<div class=\"wp-block-coblocks-feature coblocks-feature-82163424278\"><div class=\"wp-block-coblocks-feature__inner has-no-padding\">\n\n<div class=\"wp-block-coblocks-icon\"><div class=\"wp-block-coblocks-icon__inner\" style=\"height:60px;width:60px\"><svg viewbox=\"0 0 20 20\" xmlns=\"http:\/\/www.w3.org\/2000\/svg\" role=\"img\" aria-hidden=\"true\"><path d=\"m4.63589015 9.40022032v3.64467918l6.37818865 3.4806687 6.3781886-3.4806687v-3.64467918l-6.3781886 3.48066868zm6.37818865-9.2757086-10.02286786 5.46701882 10.02286786 5.46701886 8.2005282-4.47384377v6.29618337h1.8223396v-7.28935846z\" transform=\"translate(-1 1.713379)\"><\/path><\/svg><\/div><\/div>\n\n\n<h4 class=\"has-text-align-center wp-block-heading\"><a href=\"https:\/\/www.researchgate.net\/profile\/Carmen_Alvarez_Garcia\">Research Gate.Net<\/a><\/h4>\n\n\n<p><\/p>\n\n<\/div><\/div>\n\n<\/div><\/div>\n\n\n\n<div class=\"wp-block-coblocks-features coblocks-features-82163421310\"><div class=\"wp-block-coblocks-features__inner has-light-background-background-color has-background has-columns has-3-columns has-responsive-columns has-padding has-medium-padding has-center-content has-small-gutter\">\n\n<div class=\"wp-block-coblocks-feature has-center-content coblocks-feature-82163421386\"><div class=\"wp-block-coblocks-feature__inner has-no-padding\">\n\n<div class=\"wp-block-coblocks-icon\"><div class=\"wp-block-coblocks-icon__inner\" style=\"height:60px;width:60px\"><svg viewbox=\"0 0 20 20\" xmlns=\"http:\/\/www.w3.org\/2000\/svg\" role=\"img\" aria-hidden=\"true\"><path d=\"m15.5555556 14.4444444-4.4444445-4.4444444v-3.53333333c1.2888889-.46666667 2.2222222-1.68888889 2.2222222-3.13333334 0-1.84444444-1.4888889-3.33333333-3.3333333-3.33333333-1.84444444 0-3.33333333 1.48888889-3.33333333 3.33333333 0 1.44444445.93333333 2.66666667 2.22222222 3.13333334v3.53333333l-4.44444445 4.4444444h-4.44444444v5.5555556h5.55555556v-3.3888889l4.44444444-4.6666667 4.4444444 4.6666667v3.3888889h5.5555556v-5.5555556z\" fillrule=\"evenodd\"><\/path><\/svg><\/div><\/div>\n\n\n<h4 class=\"wp-block-heading\"><a href=\"https:\/\/www.linkedin.com\/in\/carmenalvarez2\/\" target=\"_blank\" rel=\"noreferrer noopener\"><\/a><a rel=\"noreferrer noopener\" href=\"https:\/\/www.linkedin.com\/in\/carmenalvarez2\/\" target=\"_blank\">LinkedIn<\/a><\/h4>\n\n<\/div><\/div>\n\n\n<div class=\"wp-block-coblocks-feature has-center-content coblocks-feature-82163421393\"><div class=\"wp-block-coblocks-feature__inner has-no-padding\">\n\n<div class=\"wp-block-coblocks-icon\"><div class=\"wp-block-coblocks-icon__inner\" style=\"height:60px;width:60px\"><svg viewbox=\"0 0 20 20\" xmlns=\"http:\/\/www.w3.org\/2000\/svg\" role=\"img\" aria-hidden=\"true\"><path d=\"m18.1818182 0h-16.36363638c-1 0-1.81818182.81818182-1.81818182 1.81818182v12.90909088c0 1 .81818182 1.8181818 1.81818182 1.8181818h6.36363636l-1.81818182 2.7272728v.9090909h7.27272724v-.9090909l-1.8181818-2.7272728h6.3636364c1 0 1.8181818-.8181818 1.8181818-1.8181818v-12.90909088c0-1-.8181818-1.81818182-1.8181818-1.81818182zm0 12.9090909h-16.36363638v-11.09090908h16.36363638z\"><\/path><\/svg><\/div><\/div>\n\n\n<h4 class=\"wp-block-heading\"><a href=\"https:\/\/sites.google.com\/view\/carmen-alvarez-garcia\" target=\"_blank\" rel=\"noreferrer noopener\">Web<\/a><\/h4>\n\n<\/div><\/div>\n\n\n<div class=\"wp-block-coblocks-feature coblocks-feature-82163424278\"><div class=\"wp-block-coblocks-feature__inner has-no-padding\">\n\n<p><\/p>\n\n<\/div><\/div>\n\n<\/div><\/div>\n\n\n\n<p><\/p>\n","protected":false},"excerpt":{"rendered":"<p>Soy Doctora internacional por la Universidad Pablo de Olavide (Sevilla), Licenciada en Ciencias Econ\u00f3micas y Empresariales (especialidades comercial y auditor\u00eda) y Licenciada en Traducci\u00f3n e Interpretaci\u00f3n (ingl\u00e9s y&hellip;<\/p>\n","protected":false},"author":1,"featured_media":1368,"comment_status":"closed","ping_status":"closed","sticky":false,"template":"template-full-width.php","format":"standard","meta":{"footnotes":""},"categories":[11],"tags":[136,109,164,258],"class_list":["post-90","post","type-post","status-publish","format-standard","has-post-thumbnail","hentry","category-perfil","tag-carmen-alvarez-es","tag-miembro-comintrad-es","tag-traduccion-economica","tag-traduccion-economica-y-comercial"],"_links":{"self":[{"href":"https:\/\/www.upo.es\/investiga\/comintrad\/wp-json\/wp\/v2\/posts\/90"}],"collection":[{"href":"https:\/\/www.upo.es\/investiga\/comintrad\/wp-json\/wp\/v2\/posts"}],"about":[{"href":"https:\/\/www.upo.es\/investiga\/comintrad\/wp-json\/wp\/v2\/types\/post"}],"author":[{"embeddable":true,"href":"https:\/\/www.upo.es\/investiga\/comintrad\/wp-json\/wp\/v2\/users\/1"}],"replies":[{"embeddable":true,"href":"https:\/\/www.upo.es\/investiga\/comintrad\/wp-json\/wp\/v2\/comments?post=90"}],"version-history":[{"count":53,"href":"https:\/\/www.upo.es\/investiga\/comintrad\/wp-json\/wp\/v2\/posts\/90\/revisions"}],"predecessor-version":[{"id":6855,"href":"https:\/\/www.upo.es\/investiga\/comintrad\/wp-json\/wp\/v2\/posts\/90\/revisions\/6855"}],"wp:featuredmedia":[{"embeddable":true,"href":"https:\/\/www.upo.es\/investiga\/comintrad\/wp-json\/wp\/v2\/media\/1368"}],"wp:attachment":[{"href":"https:\/\/www.upo.es\/investiga\/comintrad\/wp-json\/wp\/v2\/media?parent=90"}],"wp:term":[{"taxonomy":"category","embeddable":true,"href":"https:\/\/www.upo.es\/investiga\/comintrad\/wp-json\/wp\/v2\/categories?post=90"},{"taxonomy":"post_tag","embeddable":true,"href":"https:\/\/www.upo.es\/investiga\/comintrad\/wp-json\/wp\/v2\/tags?post=90"}],"curies":[{"name":"wp","href":"https:\/\/api.w.org\/{rel}","templated":true}]}}