{"id":92,"date":"2021-03-19T17:27:11","date_gmt":"2021-03-19T16:27:11","guid":{"rendered":"https:\/\/www.upo.es\/investiga\/comintrad\/?p=92"},"modified":"2021-03-20T22:06:25","modified_gmt":"2021-03-20T21:06:25","slug":"christiane-limbach","status":"publish","type":"post","link":"https:\/\/www.upo.es\/investiga\/comintrad\/christiane-limbach\/","title":{"rendered":"Christiane Limbach"},"content":{"rendered":"\n<p>Cuento con una larga trayectoria de investigaci\u00f3n en el \u00e1mbito de la traducci\u00f3n accesible dentro de la cual tambi\u00e9n realic\u00e9 mi tesis doctoral en la Universidad de Granada (T\u00edtulo de Doctor obtenido en octubre de 2012 con la m\u00e1xima calificaci\u00f3n). He sido miembro del grupo de investigaci\u00f3n <em>HUM 770 Aula de investigaci\u00f3n del texto multimedia: la traducci\u00f3n audiovisual<\/em> (desde el 2008 hasta el 2015) coordinado por la investigadora principal Catalina Jim\u00e9nez. He participado a tiempo completo en dos proyectos de I+D (FFI-2010-16142 dotado por el Ministerio de Econom\u00eda y Competitividad con 42 350 EUR y SEJ-2006-01829\/PSIC dotado con 60 000 EUR por el Ministerio de Educaci\u00f3n y Ciencia) y de un proyecto de excelencia (P07-ESJ02660 dotado por la Junta de Andaluc\u00eda con 219 688 EUR). <\/p>\n\n\n\n<p>Fui contratada dos veces por convocatoria p\u00fablica como investigadora en el proyecto de investigaci\u00f3n PRA2 (<em>Plataforma de Recursos Audiovisuales Accesibles. Investigaci\u00f3n, formaci\u00f3n y profesionalizaci\u00f3n, <\/em>financiado por el Ministerio de Econom\u00eda y Competitividad con 42 350 EUR). <\/p>\n\n\n\n<p>Asimismo, he participado en cuatro proyectos de innovaci\u00f3n docente coordinando dos de ellos. Los resultados de estas investigaciones han sido publicados en numerosas publicaciones, entre las que destacan sobre todo los cap\u00edtulos de libro publicados en las editoriales <em>Comares<\/em>, <em>Peter Lang<\/em> y <em>Tragacanto<\/em>. Esta \u00faltima se dedica hace algunos a\u00f1os a la publicaci\u00f3n de resultados en esta novedosa l\u00ednea de investigaci\u00f3n con su colecci\u00f3n <em>Traducci\u00f3n accesible<\/em>.&nbsp;<\/p>\n\n\n\n<p>Desde el 2015 formo parte del grupo de investigaci\u00f3n <em>HUM-995 COMINTRAD <\/em>con la investigadora principal Ana Medina. A dicho grupo aporto mi experiencia investigadora en el \u00e1mbito de traducci\u00f3n accesible, as\u00ed como mis nuevos avances de investigaci\u00f3n en el campo de interpretaci\u00f3n, una segunda l\u00ednea de investigaci\u00f3n que inici\u00e9 hace unos a\u00f1os. He formado parte del Comit\u00e9 Organizador en todas las ediciones de las Jornadas <em>Inclutrad <\/em>dedicadas a la relaci\u00f3n entre traducci\u00f3n, inclusi\u00f3n y discapacidad. En el curso 2016-17 he coordinado el proyecto de innovaci\u00f3n docente en el que se ha implementado una metodolog\u00eda socio-constructivista basada en el desarrollo de un encargo de interpretaci\u00f3n de principio a fin por los alumnos. En el curso 2019-20 he vuelto a coordinar otro proyecto de innovaci\u00f3n docente aplicando los \u00faltimos hallazgos de las Ciencias Cognitivas a las clases de interpretaci\u00f3n y entrelazando ellas con las clases de idioma. El producto final del proyecto de innovaci\u00f3n docente han sido seis v\u00eddeos con interpretaci\u00f3n que sirven para el autoaprendizaje.&nbsp;<\/p>\n\n\n\n<p>En cuanto a la docencia, cabe destacar que he impartido numerosas asignaturas en materias diversas (lengua alemana, traducci\u00f3n inversa del espa\u00f1ol al alem\u00e1n, interpretaci\u00f3n, traducci\u00f3n audiovisual, etc.) en distintos grados tanto en la Universidad Pablo de Olavide como en la Universidad de Sevilla. Asimismo, he impartido clases en el M\u00e1ster Universitario en Traducci\u00f3n e Interculturalidad (MUENTI) en la US durante tres cursos acad\u00e9micos (2013-2016). Desde el a\u00f1o 2013 soy profesora de la Universidad Pablo de Olavide. En 2019 particip\u00e9 como docente en el M\u00e1ster Universitario en Comunicaci\u00f3n Internacional, Traducci\u00f3n e Interpretaci\u00f3n de esta misma universidad como profesora de la asignatura Accesibilidad a los Medios y desde ese mismo a\u00f1o imparto clases de la asignatura Interpretaci\u00f3n Consecutiva y Simult\u00e1nea de este mismo m\u00e1ster. Adem\u00e1s, llevo desde el a\u00f1o 2018 impartiendo docencia en el Experto en Accesibilidad a la Comunicaci\u00f3n y a los Contenidos Culturales ofrecido por el Instituto de Estudios Ling\u00fc\u00edsticos y Traducci\u00f3n (ISTRAD) en Sevilla.<\/p>\n\n\n\n<p>Desde el a\u00f1o 2015, he realizado varias estancias de investigaci\u00f3n y de docencia tanto en Alemania (D\u00fcsseldorf, Colonia y Heidelberg) como en Polonia (Poznan) investigando sobre la traducci\u00f3n accesible y ofreciendo docencia en el \u00e1mbito de la interpretaci\u00f3n (especialmente en la interpretaci\u00f3n bilateral en la combinaci\u00f3n ling\u00fc\u00edstica espa\u00f1ol-alem\u00e1n) y traducci\u00f3n audiovisual.&nbsp;<\/p>\n\n\n\n<p>Respecto a la gesti\u00f3n acad\u00e9mica, cuento con una larga trayectoria de participaci\u00f3n en diversas comisiones, de tutorizaci\u00f3n de alumnos T\u00e1ndem y alumnos Erasmus. Desde el a\u00f1o 2013 dirijo Trabajos fin de grado y de m\u00e1ster y en el a\u00f1o 2017 obtuve la Menci\u00f3n de excelencia docente en el programa <em>Docentia<\/em>.&nbsp;<\/p>\n\n\n\n<p>En el a\u00f1o 2010 fui nombrada Traductora\/Int\u00e9rprete Jurada de Alem\u00e1n por el Ministerio de Asuntos Exteriores, Uni\u00f3n Europea y Cooperaci\u00f3n y trabajo tambi\u00e9n como coeditora en la revista cient\u00edfica Magazin (ISSN 1136-677X) y como revisora de las revistas cient\u00edficas MonTI (ISSN 1889 &#8211; 4178) y Glottodidactica (ISSN 0072 &#8211; 4769).<\/p>\n\n\n\n<h4 class=\"wp-block-heading\"><strong>L\u00edneas de investigaci\u00f3n:<\/strong><\/h4>\n\n\n\n<p class=\"has-primary-color has-light-background-background-color has-text-color has-background\">Traducci\u00f3n Accesible<\/p>\n\n\n\n<p class=\"has-primary-color has-light-background-background-color has-text-color has-background\">Traducci\u00f3n audiovisual <\/p>\n\n\n\n<p class=\"has-primary-color has-light-background-background-color has-text-color has-background\">Interpretaci\u00f3n <\/p>\n\n\n\n<h4 class=\"wp-block-heading\"><strong>Publicaciones:<\/strong><\/h4>\n\n\n\n<div class=\"wp-block-coblocks-accordion\">\n<div class=\"wp-block-coblocks-accordion-item\"><details><summary class=\"wp-block-coblocks-accordion-item__title has-background has-light-background-background-color has-text-color has-accent-color\"><strong>Pincha aqu\u00ed para ver mi producci\u00f3n cient\u00edfica<\/strong><\/summary><div class=\"wp-block-coblocks-accordion-item__content\" style=\"border-color:#f1f1f3\"><div id=\"zotpress-d9209c53a1cb93eae863a477d55b5c65\" class=\"zp-Zotpress zp-Zotpress-Bib wp-block-group\">\n\n\t\t<span class=\"ZP_API_USER_ID ZP_ATTR\">2580715<\/span>\n\t\t<span class=\"ZP_ITEM_KEY ZP_ATTR\"><\/span>\n\t\t<span class=\"ZP_COLLECTION_ID ZP_ATTR\"><\/span>\n\t\t<span class=\"ZP_TAG_ID ZP_ATTR\"><\/span>\n\t\t<span class=\"ZP_AUTHOR ZP_ATTR\">Christiane Limbach<\/span>\n\t\t<span class=\"ZP_YEAR ZP_ATTR\"><\/span>\n        <span class=\"ZP_ITEMTYPE ZP_ATTR\"><\/span>\n\t\t<span class=\"ZP_INCLUSIVE ZP_ATTR\">1<\/span>\n\t\t<span class=\"ZP_STYLE ZP_ATTR\">apa<\/span>\n\t\t<span class=\"ZP_LIMIT ZP_ATTR\">50<\/span>\n\t\t<span class=\"ZP_SORTBY ZP_ATTR\">date<\/span>\n\t\t<span class=\"ZP_ORDER ZP_ATTR\">desc<\/span>\n\t\t<span class=\"ZP_TITLE ZP_ATTR\">year<\/span>\n\t\t<span class=\"ZP_SHOWIMAGE ZP_ATTR\"><\/span>\n\t\t<span class=\"ZP_SHOWTAGS ZP_ATTR\"><\/span>\n\t\t<span class=\"ZP_DOWNLOADABLE ZP_ATTR\"><\/span>\n\t\t<span class=\"ZP_NOTES ZP_ATTR\"><\/span>\n\t\t<span class=\"ZP_ABSTRACT ZP_ATTR\"><\/span>\n\t\t<span class=\"ZP_CITEABLE ZP_ATTR\"><\/span>\n\t\t<span class=\"ZP_TARGET ZP_ATTR\"><\/span>\n\t\t<span class=\"ZP_URLWRAP ZP_ATTR\"><\/span>\n\t\t<span class=\"ZP_FORCENUM ZP_ATTR\"><\/span>\n        <span class=\"ZP_HIGHLIGHT ZP_ATTR\"><\/span>\n        <span class=\"ZP_POSTID ZP_ATTR\">92<\/span>\n\t\t<span class=\"ZOTPRESS_PLUGIN_URL ZP_ATTR\">https:\/\/www.upo.es\/investiga\/comintrad\/wp-content\/plugins\/zotpress\/<\/span>\n\n\t\t<div class=\"zp-List loading\">\n\t\t\t<div class=\"zp-SEO-Content\">\n\t\t\t\t<span class=\"ZP_JSON ZP_ATTR\">%7B%22status%22%3A%22success%22%2C%22updateneeded%22%3Afalse%2C%22instance%22%3Afalse%2C%22meta%22%3A%7B%22request_last%22%3A0%2C%22request_next%22%3A0%2C%22used_cache%22%3Atrue%7D%2C%22data%22%3A%5B%7B%22key%22%3A%224TCWIUT3%22%2C%22library%22%3A%7B%22id%22%3A2580715%7D%2C%22meta%22%3A%7B%22creatorSummary%22%3A%22Otal%20and%20Limbach%22%2C%22parsedDate%22%3A%222026-02-16%22%2C%22numChildren%22%3A0%7D%2C%22bib%22%3A%22%26lt%3Bdiv%20class%3D%26quot%3Bcsl-bib-body%26quot%3B%20style%3D%26quot%3Bline-height%3A%202%3B%20padding-left%3A%201em%3B%20text-indent%3A-1em%3B%26quot%3B%26gt%3B%5Cn%20%20%26lt%3Bdiv%20class%3D%26quot%3Bcsl-entry%26quot%3B%26gt%3BOtal%2C%20J.%20C.%2C%20%26amp%3B%20Limbach%2C%20C.%20%282026%29.%20Neuronale%20maschinelle%20und%20KI-generierte%20%26%23xDC%3Bbersetzungen%3A%20Versuch%20einer%20Kategorisierung%20von%20St%26%23xE4%3Brken%20und%20Schw%26%23xE4%3Bchen%20in%20der%20Sprachkombination%20Spanisch-Deutsch.%20%26lt%3Bi%26gt%3BLebende%20Sprachen%26lt%3B%5C%2Fi%26gt%3B%2C%201%26%23x2013%3B27.%20%26lt%3Ba%20class%3D%26%23039%3Bzp-DOIURL%26%23039%3B%20href%3D%26%23039%3Bhttps%3A%5C%2F%5C%2Fdoi.org%5C%2F10.1515%5C%2Fles-2025-0055%26%23039%3B%26gt%3Bhttps%3A%5C%2F%5C%2Fdoi.org%5C%2F10.1515%5C%2Fles-2025-0055%26lt%3B%5C%2Fa%26gt%3B%26lt%3B%5C%2Fdiv%26gt%3B%5Cn%26lt%3B%5C%2Fdiv%26gt%3B%22%2C%22data%22%3A%7B%22itemType%22%3A%22journalArticle%22%2C%22title%22%3A%22Neuronale%20maschinelle%20und%20KI-generierte%20%5Cu00dcbersetzungen%3A%20Versuch%20einer%20Kategorisierung%20von%20St%5Cu00e4rken%20und%20Schw%5Cu00e4chen%20in%20der%20Sprachkombination%20Spanisch-Deutsch%22%2C%22creators%22%3A%5B%7B%22creatorType%22%3A%22author%22%2C%22firstName%22%3A%22Juan%20Cuartero%22%2C%22lastName%22%3A%22Otal%22%7D%2C%7B%22creatorType%22%3A%22author%22%2C%22firstName%22%3A%22Christiane%22%2C%22lastName%22%3A%22Limbach%22%7D%5D%2C%22abstractNote%22%3A%22Abstract%20%5Cn%20%20%20%20%20%20%20%20%20%20%20%20Neural%20machine%20translation%20has%20fundamentally%20changed%20the%20practice%20of%20translation%20for%20more%20than%20a%20decade.%20The%20translation%20industry%20is%20now%20undergoing%20another%20fundamental%20transformation%20due%20to%20advances%20in%20generative%20artificial%20intelligence%20%28GenAI%29%20in%20the%20form%20of%20large%20language%20models%20%28LLMs%29%2C%20such%20as%20ChatGPT.%20For%20professional%20translators%2C%20however%2C%20automatically%20generated%20translations%20are%20primarily%20a%20productivity%20tool.%20This%20process%20is%20known%20as%20MTPE%20%28machine%20translation%20post-editing%29%20and%20involves%20combining%20machine%20translations%20with%20human%20expertise.%20This%20article%20identifies%20and%20categorizes%20the%20strengths%20and%20weaknesses%20of%20automatically%20generated%20translations%20using%20a%20series%20of%20examples.%20To%20this%20end%2C%20the%20neural%20machine%20translation%20systems%20DeepL%20and%20Google%20Translate%20were%20compared%20with%20ChatGPT%5Cu2019s%20GPT-4o%20large%20language%20model%2C%20both%20with%20the%20source%20text%20and%20with%20each%20other.%20The%20results%20show%20that%20the%20examined%20automatic%20translations%20offer%20numerous%20advantages%20and%20are%20changing%20the%20translation%20profession%20extensively.%20However%2C%20they%20are%20not%20yet%20capable%20of%20ensuring%20an%20accurate%20translation%2C%20meaning%20that%20checking%20or%20post-editing%20by%20a%20human%20translator%20remains%20necessary.%22%2C%22date%22%3A%222026-02-16%22%2C%22section%22%3A%22%22%2C%22partNumber%22%3A%22%22%2C%22partTitle%22%3A%22%22%2C%22DOI%22%3A%2210.1515%5C%2Fles-2025-0055%22%2C%22citationKey%22%3A%22%22%2C%22url%22%3A%22https%3A%5C%2F%5C%2Fwww.degruyterbrill.com%5C%2Fdocument%5C%2Fdoi%5C%2F10.1515%5C%2Fles-2025-0055%5C%2Fhtml%22%2C%22PMID%22%3A%22%22%2C%22PMCID%22%3A%22%22%2C%22ISSN%22%3A%221868-0267%2C%200023-9909%22%2C%22language%22%3A%22en%22%2C%22collections%22%3A%5B%5D%2C%22dateModified%22%3A%222026-02-23T21%3A21%3A19Z%22%7D%7D%2C%7B%22key%22%3A%22NRF38DPP%22%2C%22library%22%3A%7B%22id%22%3A2580715%7D%2C%22meta%22%3A%7B%22creatorSummary%22%3A%22Limbach%22%2C%22parsedDate%22%3A%222025-12-16%22%2C%22numChildren%22%3A0%7D%2C%22bib%22%3A%22%26lt%3Bdiv%20class%3D%26quot%3Bcsl-bib-body%26quot%3B%20style%3D%26quot%3Bline-height%3A%202%3B%20padding-left%3A%201em%3B%20text-indent%3A-1em%3B%26quot%3B%26gt%3B%5Cn%20%20%26lt%3Bdiv%20class%3D%26quot%3Bcsl-entry%26quot%3B%26gt%3BLimbach%2C%20C.%20%282025%29.%20Barrierefreies%20%26%23xDC%3Bbersetzen%20in%20Museen%3A%20%26%23xDC%3Bbersetzungsphasen%20bei%20der%20Erstellung%20eines%20inklusiven%20Audioguides%20f%26%23xFC%3Br%20Sehgesch%26%23xE4%3Bdigte%20und%20Blinde%20anhand%20eines%20Fallbeispiels.%20%26lt%3Bi%26gt%3BGlottodidactica%26lt%3B%5C%2Fi%26gt%3B%2C%20%26lt%3Bi%26gt%3B52%26lt%3B%5C%2Fi%26gt%3B%282%29%2C%20185%26%23x2013%3B204.%20%26lt%3Ba%20class%3D%26%23039%3Bzp-DOIURL%26%23039%3B%20href%3D%26%23039%3Bhttps%3A%5C%2F%5C%2Fdoi.org%5C%2F10.14746%5C%2Fgl.2025.52.2.9%26%23039%3B%26gt%3Bhttps%3A%5C%2F%5C%2Fdoi.org%5C%2F10.14746%5C%2Fgl.2025.52.2.9%26lt%3B%5C%2Fa%26gt%3B%26lt%3B%5C%2Fdiv%26gt%3B%5Cn%26lt%3B%5C%2Fdiv%26gt%3B%22%2C%22data%22%3A%7B%22itemType%22%3A%22journalArticle%22%2C%22title%22%3A%22Barrierefreies%20%5Cu00dcbersetzen%20in%20Museen%3A%20%5Cu00dcbersetzungsphasen%20bei%20der%20Erstellung%20eines%20inklusiven%20Audioguides%20f%5Cu00fcr%20Sehgesch%5Cu00e4digte%20und%20Blinde%20anhand%20eines%20Fallbeispiels%22%2C%22creators%22%3A%5B%7B%22creatorType%22%3A%22author%22%2C%22firstName%22%3A%22Christiane%22%2C%22lastName%22%3A%22Limbach%22%7D%5D%2C%22abstractNote%22%3A%22In%20diesem%20Artikel%20soll%20der%20Prozess%20der%20Erstellung%20eines%20inklusiven%20Audioguides%20f%5Cu00fcr%20Blinde%20und%20Sehgesch%5Cu00e4digte%20%28IABS%29%20anhand%20eines%20praktischen%20Beispiels%20aus%20einer%20%5Cu00fcbersetzungswissenschaftlichen%20Perspektive%20beschrieben%20werden.%20Ziel%20ist%20es%2C%20die%20Phasen%20des%20%5Cu00dcbersetzungsprozesses%20%28Neunzig%20%26amp%3B%20Tanqueiro%202007%29%20auf%20die%20Erstellung%20von%20Inhalten%20f%5Cu00fcr%20den%20Audioguide%20anzuwenden%2C%20um%20diesen%20f%5Cu00fcr%20%5Cu00dcbersetzer%20sichtbarer%20zu%20machen.%20Als%20Beispiel%20soll%20die%20Erstellung%20eines%20Audioguides%20f%5Cu00fcr%20Blinde%20und%20Sehgesch%5Cu00e4digte%20f%5Cu00fcr%20die%20Ausstellung%20Alarifes%20Ruiz%20Florindo%20in%20Sevilla%20%28Spanien%29%20dienen.%20Aus%20diesem%20Grund%20wird%20ebenfalls%20die%20spanische%20und%20obligatorische%20Norm%20UNE%20153020%20%28Aenor%202005%29%20f%5Cu00fcr%20die%20Erstellung%20von%20Audioguides%20f%5Cu00fcr%20Sehgesch%5Cu00e4digte%20und%20Blinde%20in%20unsere%20%5Cu00dcberlegungen%20miteinbeziehen%20sowie%20auch%20die%20bisherigen%20Forschungsergebnisse.%20Die%20Ergebnisse%20dieses%20Artikels%20sollen%20sowohl%20f%5Cu00fcr%20%5Cu00dcbersetzer%20und%20Ersteller%20von%20Audioguides%20f%5Cu00fcr%20Blinde%20und%20Sehgesch%5Cu00e4digte%20in%20Museen%20als%20auch%20f%5Cu00fcr%20Lernende%20und%20Lehrende%20der%20barrierefreien%20%5Cu00dcbersetzung%20hilfreich%20sein.%5Cu00a0%20%20%5Cn%5Cu00a0%20%5Cn%20%20%20%20%20%20%20%20%20%20%2C%20%20%5Cn%20%20%20%20%20%20%20%20%20%20%20%20This%20article%20aims%20to%20describe%20the%20process%20of%20creating%20an%20audio%20guide%20for%20the%20blind%20and%20visually%20impaired%20%28AGBVI%29%20from%20the%20perspective%20of%20translation%20studies.%20The%20distinct%20phases%20of%20the%20translation%20process%20%28Neunzig%20%26amp%3B%20Tanqueiro%202007%29%20are%20applied%20to%20the%20process%20of%20content%20creation%20for%20the%20audio%20guide%20in%20order%20to%20make%20it%20more%20transparent%20for%20translators.%20The%20individual%20steps%20involved%20in%20producing%20the%20audio%20guide%20for%20the%20exhibition%20Alarifes%20Ruiz%20Florindo%20in%20Seville%20%28Spain%29%20serve%20as%20a%20practical%20example.%20For%20this%20reason%2C%20the%20Spanish%20and%20mandatory%20standard%20UNE%20153020%20%28Aenor%202005%29%20for%20the%20creation%20of%20audio%20guides%20for%20the%20visually%20impaired%20and%20blind%20will%20also%20be%20taken%20into%20account%2C%20as%20well%20as%20relevant%20research%20findings%20in%20the%20field.%20Based%20on%20the%20discussion%20and%20conclusions%20presented%20in%20this%20article%20and%20practical%20experience%2C%20a%20translation%20model%20for%20AGBVI%20will%20be%20presented.%20The%20findings%20are%20intended%20to%20support%20translators%20and%20professionals%20involved%20in%20creating%20audio%20guides%20for%20blind%20and%20visually%20impaired%20audiences%20in%20museums%2C%20as%20well%20as%20learners%20and%20teachers%20of%20inclusive%20translation.%20%5Cn%20%20%20%20%20%20%20%20%20%20%2C%20%20%5Cn%20%20%20%20%20%20%20%20%20%20%20%20Niniejszy%20artyku%5Cu0142%20przedstawia%20proces%20tworzenia%20audioprzewodnika%20dla%20os%5Cu00f3b%20niewidomych%20i%20niedowidz%5Cu0105cych%20%28AGBVI%29%20z%20perspektywy%20studi%5Cu00f3w%20t%5Cu0142umaczeniowych%20w%20kontek%5Cu015bcie%20praktycznym.%20Poszczeg%5Cu00f3lne%20fazy%20procesu%20t%5Cu0142umaczenia%20%28Neunzig%20%26amp%3B%20Tanqueiro%202007%29%20zosta%5Cu0142y%20wykorzystane%20w%20procesie%20tworzenia%20tre%5Cu015bci%20audioprzewodnika%2C%20aby%20uczyni%5Cu0107%20go%20bardziej%20przejrzystym%20dla%20t%5Cu0142umaczy.%20Jako%20przyk%5Cu0142ady%20s%5Cu0142u%5Cu017c%5Cu0105%20poszczeg%5Cu00f3lne%20etapy%20tworzenia%20audioprzewodnika%20dla%20os%5Cu00f3b%20niewidomych%20i%20niedowidz%5Cu0105cych%20opracowane%20dla%20wystawy%20Alarifes%20Ruiz%20Florindo%20w%20Sewilli%20%28Hiszpania%29.%20W%20zwi%5Cu0105zku%20z%20tym%20uwzgl%5Cu0119dniono%20r%5Cu00f3wnie%5Cu017c%20hiszpa%5Cu0144sk%5Cu0105%20obowi%5Cu0105zkow%5Cu0105%20norm%5Cu0119%20UNE%20153020%20%28Aenor%202005%29%20dla%20tworzenia%20audioprzewodnik%5Cu00f3w%20dla%20os%5Cu00f3b%20niedowidz%5Cu0105cych%20i%20niewidomych%2C%20a%20tak%5Cu017ce%20wyniki%20innych%20bada%5Cu0144.%20Na%20podstawie%20rozwa%5Cu017ca%5Cu0144%20zawartych%20w%20niniejszym%20artykule%20i%20praktycznego%20do%5Cu015bwiadczenia%20zaproponowano%20model%20t%5Cu0142umaczenia%20dla%20AGBVI.%20Wnioski%20zawarte%20w%20artykule%20mog%5Cu0105%20by%5Cu0107%20pomocne%20w%20pracy%20t%5Cu0142umaczy%20i%20os%5Cu00f3b%20tworz%5Cu0105cych%20audioprzewodniki%20w%20muzeach%20dla%20os%5Cu00f3b%20niewidomych%20i%20niedowidz%5Cu0105cych%2C%20jak%20r%5Cu00f3wnie%5Cu017c%20przydatne%20dla%20os%5Cu00f3b%20ucz%5Cu0105cych%20si%5Cu0119%20i%20nauczaj%5Cu0105cych%20t%5Cu0142umacze%5Cu0144%20inkluzywnych.%22%2C%22date%22%3A%222025-12-16%22%2C%22section%22%3A%22%22%2C%22partNumber%22%3A%22%22%2C%22partTitle%22%3A%22%22%2C%22DOI%22%3A%2210.14746%5C%2Fgl.2025.52.2.9%22%2C%22citationKey%22%3A%22%22%2C%22url%22%3A%22https%3A%5C%2F%5C%2Fpressto.amu.edu.pl%5C%2Findex.php%5C%2Fgl%5C%2Farticle%5C%2Fview%5C%2F43944%22%2C%22PMID%22%3A%22%22%2C%22PMCID%22%3A%22%22%2C%22ISSN%22%3A%222956-3658%2C%200072-4769%22%2C%22language%22%3A%22%22%2C%22collections%22%3A%5B%5D%2C%22dateModified%22%3A%222026-02-23T21%3A18%3A23Z%22%7D%7D%2C%7B%22key%22%3A%223XJHQFJN%22%2C%22library%22%3A%7B%22id%22%3A2580715%7D%2C%22meta%22%3A%7B%22creatorSummary%22%3A%22Limbach%22%2C%22parsedDate%22%3A%222025-12-06%22%2C%22numChildren%22%3A0%7D%2C%22bib%22%3A%22%26lt%3Bdiv%20class%3D%26quot%3Bcsl-bib-body%26quot%3B%20style%3D%26quot%3Bline-height%3A%202%3B%20padding-left%3A%201em%3B%20text-indent%3A-1em%3B%26quot%3B%26gt%3B%5Cn%20%20%26lt%3Bdiv%20class%3D%26quot%3Bcsl-entry%26quot%3B%26gt%3BLimbach%2C%20C.%20%282025%29.%20Spanish-to-German%20Translations%20of%20Olive%20Oil%20Export%20Company%20Websites%3A%20a%20Focus%20on%20Geographical%20Indication%20and%20Olive%20Oil%20Category%20terminology.%20%26lt%3Bi%26gt%3BHERMES%20-%20Journal%20of%20Language%20and%20Communication%20in%20Business%26lt%3B%5C%2Fi%26gt%3B%2C%20%2865%29%2C%2099%26%23x2013%3B114.%20%26lt%3Ba%20class%3D%26%23039%3Bzp-DOIURL%26%23039%3B%20href%3D%26%23039%3Bhttps%3A%5C%2F%5C%2Fdoi.org%5C%2F10.7146%5C%2Fhjlcb.vi65.158441%26%23039%3B%26gt%3Bhttps%3A%5C%2F%5C%2Fdoi.org%5C%2F10.7146%5C%2Fhjlcb.vi65.158441%26lt%3B%5C%2Fa%26gt%3B%26lt%3B%5C%2Fdiv%26gt%3B%5Cn%26lt%3B%5C%2Fdiv%26gt%3B%22%2C%22data%22%3A%7B%22itemType%22%3A%22journalArticle%22%2C%22title%22%3A%22Spanish-to-German%20Translations%20of%20Olive%20Oil%20Export%20Company%20Websites%3A%20a%20Focus%20on%20Geographical%20Indication%20and%20Olive%20Oil%20Category%20terminology%22%2C%22creators%22%3A%5B%7B%22creatorType%22%3A%22author%22%2C%22firstName%22%3A%22Christiane%22%2C%22lastName%22%3A%22Limbach%22%7D%5D%2C%22abstractNote%22%3A%22According%20to%20a%20report%20by%20the%20Spanish%20Ministry%20of%20Agriculture%2C%20Fishing%20and%20Nutrition%20%282022%29%2C%20olive%20oil%20accounted%20for%20a%20total%20turnover%20of%20148.39%20million%20euros%20in%202021%2C%20making%20olive%20oil%20Spain%5Cu2019s%20fifth%20agricultural%20product%20in%20terms%20of%20sales%20volume.%20Approximately%20one%20third%20of%20all%20production%20is%20exported%2C%20Germany%20leading%20European%20exports%20with%20258%20tons%20%28t%29%20of%20olive%20oil.%20Product%20descriptions%20must%20be%20translated%20for%20foreign%20markets%2C%20and%20in%20this%20case%2C%20particular%20attention%20must%20be%20paid%20to%20the%20terms%20used%20to%20describe%20olive%20oil%20quality%2C%20notably%20the%20geographical%20indications%20and%20olive%20oil%20categories.%20Terminological%20research%20%28Iba%5Cu00f1ez%20Rodr%5Cu00edguez%2C%202003%29%20is%20thus%20a%20key%20dimension%20of%20translation%20here%3A%20the%20selected%20words%20must%20be%20recognisable%20by%20potential%20foreign%20customers%2C%20and%20they%20must%20be%20in%20line%20with%20the%20terminology%20established%20by%20the%20European%20Commission.%20In%20this%20study%2C%20we%20worked%20on%20a%20corpus%20of%20websites%20of%20Andalusian%20small%20and%20medium-sized%20enterprises%20%28SMEs%29%20in%20both%20German%20and%20Spanish.%20These%20SMEs%20all%20actively%20produced%20and%20sold%20olive%20oil%20and%20had%20an%20EU%20geographical%20indication%20register.%20In%20order%20to%20analyse%20how%20geographical%20indications%20and%20olive%20oil%20categories%20were%20translated%20from%20Spanish%20into%20German%20and%20to%20determine%20whether%20EU%20terminology%20was%20applied%2C%20we%20used%20the%20Sketch%20Engine%20programme.%20We%20found%20a%20wide%20range%20of%20translations%20which%20were%20potentially%20creating%20misunderstandings%20and%20raising%20doubts%20in%20the%20minds%20of%20German%20consumers.%22%2C%22date%22%3A%222025-12-06%22%2C%22section%22%3A%22%22%2C%22partNumber%22%3A%22%22%2C%22partTitle%22%3A%22%22%2C%22DOI%22%3A%2210.7146%5C%2Fhjlcb.vi65.158441%22%2C%22citationKey%22%3A%22%22%2C%22url%22%3A%22https%3A%5C%2F%5C%2Ftidsskrift.dk%5C%2Fher%5C%2Farticle%5C%2Fview%5C%2F158441%22%2C%22PMID%22%3A%22%22%2C%22PMCID%22%3A%22%22%2C%22ISSN%22%3A%221903-1785%2C%200904-1699%22%2C%22language%22%3A%22%22%2C%22collections%22%3A%5B%5D%2C%22dateModified%22%3A%222026-02-23T21%3A16%3A37Z%22%7D%7D%2C%7B%22key%22%3A%22HJ9HQJVD%22%2C%22library%22%3A%7B%22id%22%3A2580715%7D%2C%22meta%22%3A%7B%22creatorSummary%22%3A%22Limbach%20and%20Stender%22%2C%22parsedDate%22%3A%222023-03-21%22%2C%22numChildren%22%3A0%7D%2C%22bib%22%3A%22%26lt%3Bdiv%20class%3D%26quot%3Bcsl-bib-body%26quot%3B%20style%3D%26quot%3Bline-height%3A%202%3B%20padding-left%3A%201em%3B%20text-indent%3A-1em%3B%26quot%3B%26gt%3B%5Cn%20%20%26lt%3Bdiv%20class%3D%26quot%3Bcsl-entry%26quot%3B%26gt%3BLimbach%2C%20C.%2C%20%26amp%3B%20Stender%2C%20A.%20%282023%29.%20The%20Portrayal%20of%20Interpreters%20in%20Audiovisual%20Texts%2C%20Illustrated%20by%20the%20Character%20of%20Missandei%20in%20the%20TV%20Series%20Game%20of%20Thrones.%20In%20%26lt%3Bi%26gt%3BGame%20of%20Thrones%20%26%23x2013%3B%20A%20View%20from%20the%20Humanities%3A%20Vol.%201%26lt%3B%5C%2Fi%26gt%3B%20%28pp.%20301%26%23x2013%3B320%29.%20Palgrave%20Macmillan.%26lt%3B%5C%2Fdiv%26gt%3B%5Cn%26lt%3B%5C%2Fdiv%26gt%3B%22%2C%22data%22%3A%7B%22itemType%22%3A%22bookSection%22%2C%22title%22%3A%22The%20Portrayal%20of%20Interpreters%20in%20Audiovisual%20Texts%2C%20Illustrated%20by%20the%20Character%20of%20Missandei%20in%20the%20TV%20Series%20Game%20of%20Thrones%22%2C%22creators%22%3A%5B%7B%22creatorType%22%3A%22author%22%2C%22firstName%22%3A%22Christiane%22%2C%22lastName%22%3A%22Limbach%22%7D%2C%7B%22creatorType%22%3A%22author%22%2C%22firstName%22%3A%22Alice%22%2C%22lastName%22%3A%22Stender%22%7D%5D%2C%22abstractNote%22%3A%22%22%2C%22bookTitle%22%3A%22Game%20of%20Thrones%20%5Cu2013%20A%20View%20from%20the%20Humanities%22%2C%22date%22%3A%2221%20March%202023%22%2C%22originalDate%22%3A%22%22%2C%22originalPublisher%22%3A%22%22%2C%22originalPlace%22%3A%22%22%2C%22format%22%3A%22%22%2C%22ISBN%22%3A%22978-3-031-15489-8%22%2C%22DOI%22%3A%22%22%2C%22citationKey%22%3A%22%22%2C%22url%22%3A%22%22%2C%22ISSN%22%3A%22%22%2C%22language%22%3A%22English%22%2C%22collections%22%3A%5B%5D%2C%22dateModified%22%3A%222023-03-24T16%3A49%3A07Z%22%7D%7D%2C%7B%22key%22%3A%22Z5NZ4PI6%22%2C%22library%22%3A%7B%22id%22%3A2580715%7D%2C%22meta%22%3A%7B%22lastModifiedByUser%22%3A%7B%22id%22%3A7022174%2C%22username%22%3A%22AliceStender28%22%2C%22name%22%3A%22%22%2C%22links%22%3A%7B%22alternate%22%3A%7B%22href%22%3A%22https%3A%5C%2F%5C%2Fwww.zotero.org%5C%2Falicestender28%22%2C%22type%22%3A%22text%5C%2Fhtml%22%7D%7D%7D%2C%22creatorSummary%22%3A%22Stender%20and%20Limbach%22%2C%22parsedDate%22%3A%222022-02-27%22%2C%22numChildren%22%3A1%7D%2C%22bib%22%3A%22%26lt%3Bdiv%20class%3D%26quot%3Bcsl-bib-body%26quot%3B%20style%3D%26quot%3Bline-height%3A%202%3B%20padding-left%3A%201em%3B%20text-indent%3A-1em%3B%26quot%3B%26gt%3B%5Cn%20%20%26lt%3Bdiv%20class%3D%26quot%3Bcsl-entry%26quot%3B%26gt%3BStender%2C%20A.%2C%20%26amp%3B%20Limbach%2C%20C.%20%282022%29.%20Career%20opportunities%20in%20the%20field%20of%20translation%20and%20interpreting%2C%20illustrated%20by%20the%20character%20of%20Missandei%20in%20the%20series%20Game%20of%20Thrones.%20%26lt%3Bi%26gt%3BEntreculturas%26lt%3B%5C%2Fi%26gt%3B%2C%20%26lt%3Bi%26gt%3B12%26lt%3B%5C%2Fi%26gt%3B%2C%2057%26%23x2013%3B68.%20%26lt%3Ba%20class%3D%26%23039%3Bzp-DOIURL%26%23039%3B%20href%3D%26%23039%3Bhttps%3A%5C%2F%5C%2Fdoi.org%5C%2Fhttps%3A%5C%2F%5C%2Fdoi.org%5C%2F10.24310%5C%2FEntreculturasertci.vi12.13579%26%23039%3B%26gt%3Bhttps%3A%5C%2F%5C%2Fdoi.org%5C%2Fhttps%3A%5C%2F%5C%2Fdoi.org%5C%2F10.24310%5C%2FEntreculturasertci.vi12.13579%26lt%3B%5C%2Fa%26gt%3B%26lt%3B%5C%2Fdiv%26gt%3B%5Cn%26lt%3B%5C%2Fdiv%26gt%3B%22%2C%22data%22%3A%7B%22itemType%22%3A%22journalArticle%22%2C%22title%22%3A%22Career%20opportunities%20in%20the%20field%20of%20translation%20and%20interpreting%2C%20illustrated%20by%20the%20character%20of%20Missandei%20in%20the%20series%20Game%20of%20Thrones%22%2C%22creators%22%3A%5B%7B%22creatorType%22%3A%22author%22%2C%22firstName%22%3A%22Alice%22%2C%22lastName%22%3A%22Stender%22%7D%2C%7B%22creatorType%22%3A%22author%22%2C%22firstName%22%3A%22Christiane%22%2C%22lastName%22%3A%22Limbach%22%7D%5D%2C%22abstractNote%22%3A%22Being%20an%20undergraduate%20%20of%20%20Translation%20%20and%20%20Interpreting%20%20Studies%20opens%20a%20wide%20field%20of%20career%20opportunities.%20Howe-ver%2C%20students%20often%20do%20not%20perceive%20this%20huge%20variety%20of%20job%20perspectives%20but%20tend%20to%20think%20they%20have%20only%20a%20little%20range%20to%20choose%20from.%20In%20this%20article%20we%20will%20examine%20the%20different%20career%20opportunities%20a%20Translation%20and%20Interpre-ting%20undergraduate%20has%2C%20taking%20into%20consideration%20the%20in-dications%20of%2014%20prestigious%20universities%20in%20Spain%20and%20Ger-many%20in%20this%20field.%20Moreover%2C%20we%20will%20take%20the%20professional%20development%20of%20the%20Game%20of%20Thrones%20character%20Missandei%20as%20an%20example%20as%20she%20is%20introduced%20in%20the%20series%20as%20an%20in-terpreter%20and%20has%20a%20meteoric%20career.%22%2C%22date%22%3A%2227-02-2022%22%2C%22section%22%3A%22%22%2C%22partNumber%22%3A%22%22%2C%22partTitle%22%3A%22%22%2C%22DOI%22%3A%22https%3A%5C%2F%5C%2Fdoi.org%5C%2F10.24310%5C%2FEntreculturasertci.vi12.13579%22%2C%22citationKey%22%3A%22%22%2C%22url%22%3A%22https%3A%5C%2F%5C%2Frevistas.uma.es%5C%2Findex.php%5C%2Frevtracom%5C%2Farticle%5C%2Fview%5C%2F13579%5C%2F14713%22%2C%22PMID%22%3A%22%22%2C%22PMCID%22%3A%22%22%2C%22ISSN%22%3A%221989-5097%22%2C%22language%22%3A%22Ingl%5Cu00e9s%22%2C%22collections%22%3A%5B%5D%2C%22dateModified%22%3A%222023-01-25T10%3A50%3A33Z%22%7D%7D%2C%7B%22key%22%3A%22PB8UR8JF%22%2C%22library%22%3A%7B%22id%22%3A2580715%7D%2C%22meta%22%3A%7B%22creatorSummary%22%3A%22Limbach%22%2C%22parsedDate%22%3A%222021%22%2C%22numChildren%22%3A0%7D%2C%22bib%22%3A%22%26lt%3Bdiv%20class%3D%26quot%3Bcsl-bib-body%26quot%3B%20style%3D%26quot%3Bline-height%3A%202%3B%20padding-left%3A%201em%3B%20text-indent%3A-1em%3B%26quot%3B%26gt%3B%5Cn%20%20%26lt%3Bdiv%20class%3D%26quot%3Bcsl-entry%26quot%3B%26gt%3BLimbach%2C%20C.%20%282021%29.%20Barrierefreiheit%3A%20ein%20wachsender%20Arbeitsmarkt%20f%26%23xFC%3Br%20%26%23xDC%3Bbersetzer%20am%20Beispiel%20von%20Deutschland.%20In%20%26lt%3Bi%26gt%3BArbeitswelten%20von%20gestern%20bis%20heute.%20Neue%20Studien%20in%20der%20Germanistik%2C%20%26%23xDC%3Bbersetzungswissenschaft%20und%20DaF%26lt%3B%5C%2Fi%26gt%3B%20%28pp.%20137%26%23x2013%3B161%29.%20Peter%20Lang.%26lt%3B%5C%2Fdiv%26gt%3B%5Cn%26lt%3B%5C%2Fdiv%26gt%3B%22%2C%22data%22%3A%7B%22itemType%22%3A%22bookSection%22%2C%22title%22%3A%22Barrierefreiheit%3A%20ein%20wachsender%20Arbeitsmarkt%20f%5Cu00fcr%20%5Cu00dcbersetzer%20am%20Beispiel%20von%20Deutschland%22%2C%22creators%22%3A%5B%7B%22creatorType%22%3A%22author%22%2C%22firstName%22%3A%22Christiane%22%2C%22lastName%22%3A%22Limbach%22%7D%5D%2C%22abstractNote%22%3A%22Bildbeschreibungen%20f%5Cu00fcr%20Blinde%20und%20Sehbehinderte%2C%20Untertitel%20f%5Cu00fcr%20H%5Cu00f6rgesch%5Cu00e4digte%2C%20die%20Geb%5Cu00e4rdensprache%20und%20die%20Leichte%20Sprache%20k%5Cu00f6nnen%20als%20barrierefreie%20%5Cu00dcbersetzung%20%28bzw.%20Trans-lation%29%20eingeordnet%20werden.%20Inzwischen%20kann%20man%20diese%20Formen%20der%20%5Cu00dcbersetzung%20im%20Alltag%20immer%20h%5Cu00e4ufiger%20finden%2C%20was%20darauf%20schlie%5Cu00dfen%20l%5Cu00e4sst%2C%20dass%20auch%20immer%20mehr%20%5Cu00dcbersetzer%20ge-braucht%20werden.%20Eine%20willkommene%20Entwicklung%2C%20bedenkt%20man%2C%20dass%20sich%20durch%20automati-sche%20%5Cu00dcbersetzungsprogramme%20das%20Auftragsvolumen%20f%5Cu00fcr%20%5Cu00dcbersetzer%20verkleinern%20k%5Cu00f6nnte.%20Ziel%20dieses%20Beitrags%20ist%20es%2C%20am%20Beispiel%20von%20Deutschland%20zu%20untersucht%2C%20welchen%20Arbeitsmarkt%20die%20Barrierefreiheit%20f%5Cu00fcr%20%5Cu00dcbersetzer%20bietet.%20Dabei%20sollen%20folgende%20Untersuchungen%20durchgef%5Cu00fchrt%20werden%3A%20%28i%29%20zun%5Cu00e4chst%20soll%20darauf%20eingegangen%20werden%2C%20inwiefern%20der%20Bedarf%20f%5Cu00fcr%20barrierefreie%20Inhalte%2C%20Produkte%20und%20Dienstleistungen%20durch%20Gesetzgebungen%20verschiedener%20Institutionen%2C%20wie%20nicht%20zuletzt%20die%20der%20Europ%5Cu00e4ischen%20Union%2C%20w%5Cu00e4chst.%20%28ii%29%20Danach%20soll%20auf%20das%20Konzept%20der%20barrierefreien%20%5Cu00dcbersetzung%20in%20die%20verschiedenen%20Unterarten%20aufgegliedert%20werden%2C%20um%20ge-nauere%20Untersuchungen%20hinsichtlich%20des%20Ausbildungs-%20sowie%20des%20Weiterbildungsangebot%20in%20Deutschland%20untersuchen%20zu%20k%5Cu00f6nnen.%20%28iii%29%20Im%20letzten%20Schritt%20soll%20aufgezeigt%20werden%2C%20welche%20Arbeitsm%5Cu00f6glichkeiten%20danach%20in%20Betracht%20gezogen%20werden%20k%5Cu00f6nnen%20bzw.%20wie%20die%20Nachfrage%20auf%20dem%20Arbeitsmarkt%20aussieht.%20Daf%5Cu00fcr%20wird%20die%20barrierefreie%20%5Cu00dcbersetzung%20in%20unterschiedliche%20Anwendungsbereiche%20aufgegliedert.%20Ergebnisse%20sollen%20Aufschluss%20%5Cu00fcber%20den%20aktuellen%20Stand%20der%20Lage%20in%20Deutschland%20geben%20und%20den%20noch%20bestehenden%20Handlungsbedarf%20aufzeigen.%22%2C%22bookTitle%22%3A%22Arbeitswelten%20von%20gestern%20bis%20heute.%20Neue%20Studien%20in%20der%20Germanistik%2C%20%5Cu00dcbersetzungswissenschaft%20und%20DaF%22%2C%22date%22%3A%222021%22%2C%22originalDate%22%3A%22%22%2C%22originalPublisher%22%3A%22%22%2C%22originalPlace%22%3A%22%22%2C%22format%22%3A%22%22%2C%22ISBN%22%3A%22978-3-0343-4096-0%22%2C%22DOI%22%3A%22%22%2C%22citationKey%22%3A%22%22%2C%22url%22%3A%22%22%2C%22ISSN%22%3A%22%22%2C%22language%22%3A%22Alem%5Cu00e1n%22%2C%22collections%22%3A%5B%5D%2C%22dateModified%22%3A%222022-04-14T20%3A00%3A51Z%22%7D%7D%2C%7B%22key%22%3A%22XMEP9MC8%22%2C%22library%22%3A%7B%22id%22%3A2580715%7D%2C%22meta%22%3A%7B%22creatorSummary%22%3A%22Stender%20and%20Limbach%22%2C%22parsedDate%22%3A%222021%22%2C%22numChildren%22%3A0%7D%2C%22bib%22%3A%22%26lt%3Bdiv%20class%3D%26quot%3Bcsl-bib-body%26quot%3B%20style%3D%26quot%3Bline-height%3A%202%3B%20padding-left%3A%201em%3B%20text-indent%3A-1em%3B%26quot%3B%26gt%3B%5Cn%20%20%26lt%3Bdiv%20class%3D%26quot%3Bcsl-entry%26quot%3B%26gt%3BStender%2C%20A.%2C%20%26amp%3B%20Limbach%2C%20C.%20%282021%29.%20The%20case%20of%20the%20interpreter%20Missandei%20in%20the%20series%20Game%20of%20Thrones%20approached%20from%20different%20ethical%20codes.%20In%20%26lt%3Bi%26gt%3BTendencias%20Actuales%20en%20Traducci%26%23xF3%3Bn%20Especializada%2C%20Traducci%26%23xF3%3Bn%20Audiovisual%20y%20Accesibilidad%26lt%3B%5C%2Fi%26gt%3B%20%28Barcel%26%23xF3%3B%20Mart%26%23xED%3Bnez%2C%20T.%2C%26%23xA0%3B%20Delgado%20Pug%26%23xE9%3Bs%2C%20I.%2C%20Garc%26%23xED%3Ba%20Luque%2C%20F.%2C%20pp.%20505%26%23x2013%3B519%29.%20Tirant%20Lo%20Blanch.%26lt%3B%5C%2Fdiv%26gt%3B%5Cn%26lt%3B%5C%2Fdiv%26gt%3B%22%2C%22data%22%3A%7B%22itemType%22%3A%22bookSection%22%2C%22title%22%3A%22The%20case%20of%20the%20interpreter%20Missandei%20in%20the%20series%20Game%20of%20Thrones%20approached%20from%20different%20ethical%20codes%22%2C%22creators%22%3A%5B%7B%22creatorType%22%3A%22author%22%2C%22firstName%22%3A%22Alice%22%2C%22lastName%22%3A%22Stender%22%7D%2C%7B%22creatorType%22%3A%22author%22%2C%22firstName%22%3A%22Christiane%22%2C%22lastName%22%3A%22Limbach%22%7D%5D%2C%22abstractNote%22%3A%22%22%2C%22bookTitle%22%3A%22Tendencias%20Actuales%20en%20Traducci%5Cu00f3n%20Especializada%2C%20Traducci%5Cu00f3n%20Audiovisual%20y%20Accesibilidad%22%2C%22date%22%3A%222021%22%2C%22originalDate%22%3A%22%22%2C%22originalPublisher%22%3A%22%22%2C%22originalPlace%22%3A%22%22%2C%22format%22%3A%22%22%2C%22ISBN%22%3A%229788418329470%22%2C%22DOI%22%3A%22%22%2C%22citationKey%22%3A%22%22%2C%22url%22%3A%22%22%2C%22ISSN%22%3A%22%22%2C%22language%22%3A%22English%22%2C%22collections%22%3A%5B%5D%2C%22dateModified%22%3A%222021-11-19T08%3A12%3A42Z%22%7D%7D%2C%7B%22key%22%3A%22RGZAA22W%22%2C%22library%22%3A%7B%22id%22%3A2580715%7D%2C%22meta%22%3A%7B%22lastModifiedByUser%22%3A%7B%22id%22%3A6987423%2C%22username%22%3A%22ChristianeLimbach%22%2C%22name%22%3A%22%22%2C%22links%22%3A%7B%22alternate%22%3A%7B%22href%22%3A%22https%3A%5C%2F%5C%2Fwww.zotero.org%5C%2Fchristianelimbach%22%2C%22type%22%3A%22text%5C%2Fhtml%22%7D%7D%7D%2C%22creatorSummary%22%3A%22Limbach%22%2C%22parsedDate%22%3A%222020%22%2C%22numChildren%22%3A1%7D%2C%22bib%22%3A%22%26lt%3Bdiv%20class%3D%26quot%3Bcsl-bib-body%26quot%3B%20style%3D%26quot%3Bline-height%3A%202%3B%20padding-left%3A%201em%3B%20text-indent%3A-1em%3B%26quot%3B%26gt%3B%5Cn%20%20%26lt%3Bdiv%20class%3D%26quot%3Bcsl-entry%26quot%3B%26gt%3BLimbach%2C%20C.%20%282020%29.%20Game%20of%20Thrones%26%23x2019%3B%20Missandei%20-%20Ihr%20Weg%20als%20Dolmetscherin%20und%20Beraterin.%20In%20%26lt%3Bi%26gt%3BFrom%20Page%20to%20Screen.%20Modification%20or%20misrepresentation%20of%20female%20characters%20in%20the%20media%20%5C%2F%20Vom%20Buch%20zum%20Film.%20Ver%26%23xE4%3Bnderung%20oder%20Verf%26%23xE4%3Blschung%20weiblicher%20Figuren%20in%20den%20Medien.%26lt%3B%5C%2Fi%26gt%3B%20%28Vol.%206%2C%20pp.%20129%26%23x2013%3B158%29.%20Narr%20Francke%20Attempto.%20%26lt%3Ba%20class%3D%26%23039%3Bzp-ItemURL%26%23039%3B%20href%3D%26%23039%3Bhttps%3A%5C%2F%5C%2Fwww.narr.de%5C%2Ffrom-page-to-screen-vom-buch-zum-film-18367-1%5C%2F%26%23039%3B%26gt%3Bhttps%3A%5C%2F%5C%2Fwww.narr.de%5C%2Ffrom-page-to-screen-vom-buch-zum-film-18367-1%5C%2F%26lt%3B%5C%2Fa%26gt%3B%26lt%3B%5C%2Fdiv%26gt%3B%5Cn%26lt%3B%5C%2Fdiv%26gt%3B%22%2C%22data%22%3A%7B%22itemType%22%3A%22bookSection%22%2C%22title%22%3A%22Game%20of%20Thrones%5Cu2019%20Missandei%20-%20Ihr%20Weg%20als%20Dolmetscherin%20und%20Beraterin%22%2C%22creators%22%3A%5B%7B%22creatorType%22%3A%22author%22%2C%22firstName%22%3A%22Christiane%22%2C%22lastName%22%3A%22Limbach%22%7D%5D%2C%22abstractNote%22%3A%22%22%2C%22bookTitle%22%3A%22From%20Page%20to%20Screen.%20Modification%20or%20misrepresentation%20of%20female%20characters%20in%20the%20media%20%5C%2F%20Vom%20Buch%20zum%20Film.%20Ver%5Cu00e4nderung%20oder%20Verf%5Cu00e4lschung%20weiblicher%20Figuren%20in%20den%20Medien.%22%2C%22date%22%3A%222020%22%2C%22originalDate%22%3A%22%22%2C%22originalPublisher%22%3A%22%22%2C%22originalPlace%22%3A%22%22%2C%22format%22%3A%22%22%2C%22ISBN%22%3A%22978-3-8233-8367-3%22%2C%22DOI%22%3A%22%22%2C%22citationKey%22%3A%22%22%2C%22url%22%3A%22https%3A%5C%2F%5C%2Fwww.narr.de%5C%2Ffrom-page-to-screen-vom-buch-zum-film-18367-1%5C%2F%22%2C%22ISSN%22%3A%22%22%2C%22language%22%3A%22DE%22%2C%22collections%22%3A%5B%5D%2C%22dateModified%22%3A%222020-11-07T08%3A31%3A18Z%22%7D%7D%2C%7B%22key%22%3A%229BXVGBJ8%22%2C%22library%22%3A%7B%22id%22%3A2580715%7D%2C%22meta%22%3A%7B%22creatorSummary%22%3A%22Limbach%22%2C%22parsedDate%22%3A%222019-01-16%22%2C%22numChildren%22%3A0%7D%2C%22bib%22%3A%22%26lt%3Bdiv%20class%3D%26quot%3Bcsl-bib-body%26quot%3B%20style%3D%26quot%3Bline-height%3A%202%3B%20padding-left%3A%201em%3B%20text-indent%3A-1em%3B%26quot%3B%26gt%3B%5Cn%20%20%26lt%3Bdiv%20class%3D%26quot%3Bcsl-entry%26quot%3B%26gt%3BLimbach%2C%20C.%20%282019%2C%20January%2016%29.%20%26lt%3Bi%26gt%3BInterview%20with%20Linguist%20Christiane%20Limbach%26lt%3B%5C%2Fi%26gt%3B%20%5BInternet%5D.%20%26lt%3Ba%20class%3D%26%23039%3Bzp-ItemURL%26%23039%3B%20href%3D%26%23039%3Bhttps%3A%5C%2F%5C%2Ftermcoord.eu%5C%2F2019%5C%2F01%5C%2Finterview-with-linguist-christiane-limbach%5C%2F%26%23039%3B%26gt%3Bhttps%3A%5C%2F%5C%2Ftermcoord.eu%5C%2F2019%5C%2F01%5C%2Finterview-with-linguist-christiane-limbach%5C%2F%26lt%3B%5C%2Fa%26gt%3B%26lt%3B%5C%2Fdiv%26gt%3B%5Cn%26lt%3B%5C%2Fdiv%26gt%3B%22%2C%22data%22%3A%7B%22itemType%22%3A%22interview%22%2C%22title%22%3A%22Interview%20with%20Linguist%20Christiane%20Limbach%22%2C%22creators%22%3A%5B%7B%22creatorType%22%3A%22interviewee%22%2C%22firstName%22%3A%22Christiane%22%2C%22lastName%22%3A%22Limbach%22%7D%5D%2C%22abstractNote%22%3A%22%22%2C%22interviewMedium%22%3A%22Internet%22%2C%22date%22%3A%2216-01-2019%22%2C%22DOI%22%3A%22%22%2C%22citationKey%22%3A%22%22%2C%22url%22%3A%22https%3A%5C%2F%5C%2Ftermcoord.eu%5C%2F2019%5C%2F01%5C%2Finterview-with-linguist-christiane-limbach%5C%2F%22%2C%22language%22%3A%22EN%22%2C%22collections%22%3A%5B%5D%2C%22dateModified%22%3A%222020-10-12T17%3A47%3A36Z%22%7D%7D%2C%7B%22key%22%3A%228QGRU6MA%22%2C%22library%22%3A%7B%22id%22%3A2580715%7D%2C%22meta%22%3A%7B%22creatorSummary%22%3A%22Limbach%22%2C%22parsedDate%22%3A%222019%22%2C%22numChildren%22%3A1%7D%2C%22bib%22%3A%22%26lt%3Bdiv%20class%3D%26quot%3Bcsl-bib-body%26quot%3B%20style%3D%26quot%3Bline-height%3A%202%3B%20padding-left%3A%201em%3B%20text-indent%3A-1em%3B%26quot%3B%26gt%3B%5Cn%20%20%26lt%3Bdiv%20class%3D%26quot%3Bcsl-entry%26quot%3B%26gt%3BLimbach%2C%20C.%20%282019%29.%20Teilkompetenzdiagnostik%3A%20H%26%23xF6%3Bren.%20In%20S.%20Adamczak-Krystofowicz%20%28Ed.%29%2C%20%26lt%3Bi%26gt%3BSprachdiagnostik.%20Deutsch%20als%20Zweitsprache%26lt%3B%5C%2Fi%26gt%3B%20%28Vol.%202%2C%20pp.%20387%26%23x2013%3B411%29.%20De%20Gruyter.%20%26lt%3Ba%20class%3D%26%23039%3Bzp-ItemURL%26%23039%3B%20href%3D%26%23039%3Bhttps%3A%5C%2F%5C%2Fwww.degruyter.com%5C%2Fview%5C%2Ftitle%5C%2F510313%26%23039%3B%26gt%3Bhttps%3A%5C%2F%5C%2Fwww.degruyter.com%5C%2Fview%5C%2Ftitle%5C%2F510313%26lt%3B%5C%2Fa%26gt%3B%26lt%3B%5C%2Fdiv%26gt%3B%5Cn%26lt%3B%5C%2Fdiv%26gt%3B%22%2C%22data%22%3A%7B%22itemType%22%3A%22bookSection%22%2C%22title%22%3A%22Teilkompetenzdiagnostik%3A%20H%5Cu00f6ren%22%2C%22creators%22%3A%5B%7B%22creatorType%22%3A%22editor%22%2C%22firstName%22%3A%22Sylwia%22%2C%22lastName%22%3A%22Adamczak-Krystofowicz%22%7D%2C%7B%22creatorType%22%3A%22author%22%2C%22firstName%22%3A%22Christiane%22%2C%22lastName%22%3A%22Limbach%22%7D%5D%2C%22abstractNote%22%3A%22Teilkompetenzdiagnostik%3A%20H%5Cu00f6ren%22%2C%22bookTitle%22%3A%22Sprachdiagnostik.%20Deutsch%20als%20Zweitsprache%22%2C%22date%22%3A%222019%22%2C%22originalDate%22%3A%22%22%2C%22originalPublisher%22%3A%22%22%2C%22originalPlace%22%3A%22%22%2C%22format%22%3A%22%22%2C%22ISBN%22%3A%22978-3-11-041978-8%22%2C%22DOI%22%3A%22%22%2C%22citationKey%22%3A%22%22%2C%22url%22%3A%22https%3A%5C%2F%5C%2Fwww.degruyter.com%5C%2Fview%5C%2Ftitle%5C%2F510313%22%2C%22ISSN%22%3A%22%22%2C%22language%22%3A%22DE%22%2C%22collections%22%3A%5B%5D%2C%22dateModified%22%3A%222020-11-26T19%3A06%3A06Z%22%7D%7D%2C%7B%22key%22%3A%22LJHTY34F%22%2C%22library%22%3A%7B%22id%22%3A2580715%7D%2C%22meta%22%3A%7B%22lastModifiedByUser%22%3A%7B%22id%22%3A6987423%2C%22username%22%3A%22ChristianeLimbach%22%2C%22name%22%3A%22%22%2C%22links%22%3A%7B%22alternate%22%3A%7B%22href%22%3A%22https%3A%5C%2F%5C%2Fwww.zotero.org%5C%2Fchristianelimbach%22%2C%22type%22%3A%22text%5C%2Fhtml%22%7D%7D%7D%2C%22creatorSummary%22%3A%22Limbach%20and%20%5Cu00c1lvarez-Garc%5Cu00eda%22%2C%22parsedDate%22%3A%222019%22%2C%22numChildren%22%3A2%7D%2C%22bib%22%3A%22%26lt%3Bdiv%20class%3D%26quot%3Bcsl-bib-body%26quot%3B%20style%3D%26quot%3Bline-height%3A%202%3B%20padding-left%3A%201em%3B%20text-indent%3A-1em%3B%26quot%3B%26gt%3B%5Cn%20%20%26lt%3Bdiv%20class%3D%26quot%3Bcsl-entry%26quot%3B%26gt%3BLimbach%2C%20C.%2C%20%26amp%3B%20%26%23xC1%3Blvarez-Garc%26%23xED%3Ba%2C%20C.%20%282019%29.%20Fehleranalyse%20und%20didaktische%20Vorschl%26%23xE4%3Bge%20f%26%23xFC%3Br%20die%20Qualit%26%23xE4%3Btssteigerung%20beim%20bilateralen%20konsekutiven%20Dolmetschen.%20In%20%26lt%3Bi%26gt%3BTraducci%26%23xF3%3Bn%20y%20Sostenibilidad%20cultural%3A%20sustrato%2C%20fundamentos%20y%20aplicaciones%26lt%3B%5C%2Fi%26gt%3B%20%28pp.%20241%26%23x2013%3B251%29.%20Ediciones%20Universidad%20de%20Salamanca.%20%26lt%3Ba%20class%3D%26%23039%3Bzp-ItemURL%26%23039%3B%20href%3D%26%23039%3Bhttps%3A%5C%2F%5C%2Frio.upo.es%5C%2Fxmlui%5C%2Fhandle%5C%2F10433%5C%2F8086%26%23039%3B%26gt%3Bhttps%3A%5C%2F%5C%2Frio.upo.es%5C%2Fxmlui%5C%2Fhandle%5C%2F10433%5C%2F8086%26lt%3B%5C%2Fa%26gt%3B%26lt%3B%5C%2Fdiv%26gt%3B%5Cn%26lt%3B%5C%2Fdiv%26gt%3B%22%2C%22data%22%3A%7B%22itemType%22%3A%22bookSection%22%2C%22title%22%3A%22Fehleranalyse%20und%20didaktische%20Vorschl%5Cu00e4ge%20f%5Cu00fcr%20die%20Qualit%5Cu00e4tssteigerung%20beim%20bilateralen%20konsekutiven%20Dolmetschen%22%2C%22creators%22%3A%5B%7B%22creatorType%22%3A%22author%22%2C%22firstName%22%3A%22Christiane%22%2C%22lastName%22%3A%22Limbach%22%7D%2C%7B%22creatorType%22%3A%22author%22%2C%22firstName%22%3A%22Carmen%22%2C%22lastName%22%3A%22%5Cu00c1lvarez-Garc%5Cu00eda%22%7D%5D%2C%22abstractNote%22%3A%22In%20diesem%20Beitrag%20soll%20eine%20Korpusanalyse%20von%20bilateralen%20konsekutiven%20Verdolmetschungen%20aus%20Pr%5Cu00fcfungssituationen%20des%20Kurses%20%5Cu00bfBilaterales%20Dolmetschen%20B%5C%2FA%5C%2FB.%20Deutsch%5Cu00bf%20mit%20A-Sprache%20Spanisch%20verschiedener%20Semester%20des%20Studiengangs%20%5Cu00bf%5Cu00dcbersetzen%20und%20Dolmetschen%5Cu00bf%20an%20der%20Universit%5Cu00e4t%20Pablo%20de%20Olavide%20in%20Sevilla%20%28Spanien%29%20vorgestellt%20werden.%20Anhand%20der%20von%20Dom%5Cu00ednguez%20Ara%5Cu00fajo%20%282013%29%20ausgearbeiteten%20Bewertungsmatrix%20f%5Cu00fcr%20das%20konsekutive%20Dolmetschen%20wurde%20eine%20Bewertungsmatrix%20f%5Cu00fcr%20das%20bilaterale%20Dolmetschen%20aufgestellt%2C%20mit%20deren%20Hilfe%20die%20Pr%5Cu00fcfungen%20ausgewertet%20wurden.%20Das%20Augenmerk%20lag%20hier%20im%20Besonderen%20auf%20der%20Verdolmetschung%20in%20die%20Fremdsprache.%20Die%20Fehler%2C%20die%20bei%20den%20Verdolmetschungen%20gemacht%20wurden%2C%20zeigen%2C%20dass%20hier%20weiterhin%20%5Cu00dcbungspotential%20besteht.%20Didaktische%20Vorschl%5Cu00e4ge%20sollen%20helfen%2C%20dieses%20abzudecken%20mit%20dem%20Ziel%20die%20Qualit%5Cu00e4t%20der%20Verdolmetschungen%20insgesamt%20zu%20verbessern.%22%2C%22bookTitle%22%3A%22Traducci%5Cu00f3n%20y%20Sostenibilidad%20cultural%3A%20sustrato%2C%20fundamentos%20y%20aplicaciones%22%2C%22date%22%3A%222019%22%2C%22originalDate%22%3A%22%22%2C%22originalPublisher%22%3A%22%22%2C%22originalPlace%22%3A%22%22%2C%22format%22%3A%22%22%2C%22ISBN%22%3A%22978-84-13-11056-1%22%2C%22DOI%22%3A%22%22%2C%22citationKey%22%3A%22%22%2C%22url%22%3A%22https%3A%5C%2F%5C%2Frio.upo.es%5C%2Fxmlui%5C%2Fhandle%5C%2F10433%5C%2F8086%22%2C%22ISSN%22%3A%22%22%2C%22language%22%3A%22DE%22%2C%22collections%22%3A%5B%5D%2C%22dateModified%22%3A%222020-11-21T19%3A33%3A46Z%22%7D%7D%2C%7B%22key%22%3A%223K43EDXG%22%2C%22library%22%3A%7B%22id%22%3A2580715%7D%2C%22meta%22%3A%7B%22lastModifiedByUser%22%3A%7B%22id%22%3A6987423%2C%22username%22%3A%22ChristianeLimbach%22%2C%22name%22%3A%22%22%2C%22links%22%3A%7B%22alternate%22%3A%7B%22href%22%3A%22https%3A%5C%2F%5C%2Fwww.zotero.org%5C%2Fchristianelimbach%22%2C%22type%22%3A%22text%5C%2Fhtml%22%7D%7D%7D%2C%22creatorSummary%22%3A%22%5Cu00c1lvarez-Garc%5Cu00eda%20and%20Limbach%22%2C%22parsedDate%22%3A%222019%22%2C%22numChildren%22%3A0%7D%2C%22bib%22%3A%22%26lt%3Bdiv%20class%3D%26quot%3Bcsl-bib-body%26quot%3B%20style%3D%26quot%3Bline-height%3A%202%3B%20padding-left%3A%201em%3B%20text-indent%3A-1em%3B%26quot%3B%26gt%3B%5Cn%20%20%26lt%3Bdiv%20class%3D%26quot%3Bcsl-entry%26quot%3B%26gt%3B%26%23xC1%3Blvarez-Garc%26%23xED%3Ba%2C%20C.%2C%20%26amp%3B%20Limbach%2C%20C.%20%282019%29.%20La%20interpretaci%26%23xF3%3Bn%20bilateral%20en%20el%20%26%23xE1%3Bmbito%20tur%26%23xED%3Bstico%3A%20evaluaci%26%23xF3%3Bn.%20%26lt%3Bi%26gt%3BFuthark.%20Revista%20de%20investigaci%26%23xF3%3Bn%20y%20cultura%26lt%3B%5C%2Fi%26gt%3B%2C%20%2814%29.%26lt%3B%5C%2Fdiv%26gt%3B%5Cn%26lt%3B%5C%2Fdiv%26gt%3B%22%2C%22data%22%3A%7B%22itemType%22%3A%22journalArticle%22%2C%22title%22%3A%22La%20interpretaci%5Cu00f3n%20bilateral%20en%20el%20%5Cu00e1mbito%20tur%5Cu00edstico%3A%20evaluaci%5Cu00f3n%22%2C%22creators%22%3A%5B%7B%22creatorType%22%3A%22author%22%2C%22firstName%22%3A%22Carmen%22%2C%22lastName%22%3A%22%5Cu00c1lvarez-Garc%5Cu00eda%22%7D%2C%7B%22creatorType%22%3A%22author%22%2C%22firstName%22%3A%22Christiane%22%2C%22lastName%22%3A%22Limbach%22%7D%5D%2C%22abstractNote%22%3A%22A%20partir%20de%20la%20matriz%20formativa%20para%20evaluar%20la%20interpretaci%5Cu00f3n%20consecutiva%20de%20Dom%5Cu00ednguez%20Ara%5Cu00fajo%20%282013%29%20hemos%20elaborado%20una%20r%5Cu00fabrica%20espec%5Cu00edfica%20para%20evaluar%20la%20interpretaci%5Cu00f3n%20bilateral%20y%20la%20hemos%20aplicado%20a%20un%20corpus%20de%20interpretaciones%20bilaterales%20con%20la%20intenci%5Cu00f3n%20de%20dise%5Cu00f1ar%20estrategias%20did%5Cu00e1cticas%20%5Cu00fatiles%20en%20la%20formaci%5Cu00f3n%20en%20este%20tipo%20de%20interpretaci%5Cu00f3n.%20La%20evaluaci%5Cu00f3n%20del%20corpus%2C%20compuesto%20por%2014%20ex%5Cu00e1menes%20finales%20de%20interpretaci%5Cu00f3n%20bilateral%20en%20el%20turismo%20con%20la%20combinaci%5Cu00f3n%20ling%5Cu00fc%5Cu00edstica%20alem%5Cu00e1n-espa%5Cu00f1ol%2C%20ha%20permitido%20categorizar%20los%20elementos%20en%20los%20que%20se%20cometen%20con%20mayor%20frecuencia%20los%20errores%20que%20impiden%20la%20producci%5Cu00f3n%20de%20una%20interpretaci%5Cu00f3n%20adecuada.%20Los%20resultados%20son%20positivos%20en%20cuanto%20a%20la%20expresi%5Cu00f3n%20en%20lengua%20materna%20y%20en%20la%20resoluci%5Cu00f3n%20de%20problemas.%20No%20obstante%2C%20constatan%20la%20necesidad%20de%20establecer%20nuevas%20estrategias%20did%5Cu00e1cticas%20que%20busquen%20mejorar%20la%20expresi%5Cu00f3n%20en%20la%20lengua%20extranjera.%20Adem%5Cu00e1s%2C%20hemos%20podido%20comprobar%20que%20los%20errores%20m%5Cu00e1s%20frecuentes%20de%20los%20estudiantes%20son%20las%20omisiones%20de%20informaci%5Cu00f3n%20relevante%20y%20los%20cambios%20de%20sentido%20respecto%20al%20mensaje%20original.%20El%20an%5Cu00e1lisis%20muestra%20que%20la%20r%5Cu00fabrica%20elaborada%20para%20la%20evaluaci%5Cu00f3n%20de%20interpretaciones%20bilaterales%20puede%20ser%20%5Cu00fatil%20tanto%20para%20la%20gesti%5Cu00f3n%20y%20dise%5Cu00f1o%20de%20estrategias%20did%5Cu00e1cticas%20como%20para%20potenciar%20el%20autoaprendizaje%20por%20parte%20de%20los%20estudiantes.%5CnBased%20on%20the%20assessment%20rubric%20for%20consecutive%20interpretation%2C%20by%20Dom%5Cu00ednguez%20Ara%5Cu00fajo%20%282013%29%2C%20we%20have%20elaborated%20a%20specific%20rubric%20for%20the%20assessment%20of%20bilateral%20interpretation%20that%20has%20been%20applied%20to%20a%20corpus%20formed%20by%20bilateral%20interpretations%2C%20in%20order%20to%20design%20didactic%20strategies%20useful%20for%20training%20in%20this%20kind%20of%20interpretation.%20The%20evaluation%20of%20the%2014%20final%20exams%20on%20bilateral%20interpretation%20in%20the%20touristic%20field%20%28German-Spanish%29%2C%20included%20in%20the%20corpus%2C%20allows%20the%20categorisation%20of%20those%20elements%20where%20errors%20more%20frequently%20occur%20preventing%20adequate%20interpretations.%20Results%20show%20that%20students%20perform%20well%20in%20expression%20in%20their%20mother%20tongue%20and%20in%20problem%20solving.%20They%20highlight%2C%20however%2C%20the%20needs%20for%20implementing%20new%20didactic%20strategies%20to%20improve%20the%20expression%20in%20the%20foreign%20language.%20Often%2C%20too%2C%20students%20omit%20relevant%20information%20from%20the%20original%20text%20or%20introduce%20changes%20in%20meaning.%20The%20analysis%20shows%20that%20the%20rubric%20elaborated%20to%20assess%20bilateral%20interpretations%20can%20be%20a%20useful%20tool%20for%20managing%20and%20designing%20didactic%20strategies%20as%20well%20as%20a%20self-learning%20tool%20for%20students.%22%2C%22date%22%3A%222019%22%2C%22section%22%3A%22%22%2C%22partNumber%22%3A%22%22%2C%22partTitle%22%3A%22%22%2C%22DOI%22%3A%22%22%2C%22citationKey%22%3A%22%22%2C%22url%22%3A%22%22%2C%22PMID%22%3A%22%22%2C%22PMCID%22%3A%22%22%2C%22ISSN%22%3A%221886-9300%22%2C%22language%22%3A%22es%22%2C%22collections%22%3A%5B%5D%2C%22dateModified%22%3A%222020-10-30T10%3A23%3A11Z%22%7D%7D%2C%7B%22key%22%3A%22I9MR723K%22%2C%22library%22%3A%7B%22id%22%3A2580715%7D%2C%22meta%22%3A%7B%22lastModifiedByUser%22%3A%7B%22id%22%3A6987423%2C%22username%22%3A%22ChristianeLimbach%22%2C%22name%22%3A%22%22%2C%22links%22%3A%7B%22alternate%22%3A%7B%22href%22%3A%22https%3A%5C%2F%5C%2Fwww.zotero.org%5C%2Fchristianelimbach%22%2C%22type%22%3A%22text%5C%2Fhtml%22%7D%7D%7D%2C%22creatorSummary%22%3A%22Limbach%22%2C%22parsedDate%22%3A%222019%22%2C%22numChildren%22%3A2%7D%2C%22bib%22%3A%22%26lt%3Bdiv%20class%3D%26quot%3Bcsl-bib-body%26quot%3B%20style%3D%26quot%3Bline-height%3A%202%3B%20padding-left%3A%201em%3B%20text-indent%3A-1em%3B%26quot%3B%26gt%3B%5Cn%20%20%26lt%3Bdiv%20class%3D%26quot%3Bcsl-entry%26quot%3B%26gt%3BLimbach%2C%20C.%20%282019%29.%20Algunas%20reflexiones%20acerca%20de%20las%20traducciones%20al%20alem%26%23xE1%3Bn%20de%20la%20obra%20lorquiana%20Bodas%20de%20sangre%3A%20Beck%20y%20Wittkopf.%20In%20%26lt%3Bi%26gt%3BLorca%2C%20dramaturgo%20universal.%20Estudios%20en%20torno%20a%20la%20traducci%26%23xF3%3Bn%20de%20su%20teatro%20con%20motivo%20del%20CXX%20aniversario%20de%20su%20nacimiento%26lt%3B%5C%2Fi%26gt%3B%20%28pp.%2065%26%23x2013%3B90%29.%20Comares.%20%26lt%3Ba%20class%3D%26%23039%3Bzp-ItemURL%26%23039%3B%20href%3D%26%23039%3Bhttps%3A%5C%2F%5C%2Frio.upo.es%5C%2Fxmlui%5C%2Fhandle%5C%2F10433%5C%2F8132%26%23039%3B%26gt%3Bhttps%3A%5C%2F%5C%2Frio.upo.es%5C%2Fxmlui%5C%2Fhandle%5C%2F10433%5C%2F8132%26lt%3B%5C%2Fa%26gt%3B%26lt%3B%5C%2Fdiv%26gt%3B%5Cn%26lt%3B%5C%2Fdiv%26gt%3B%22%2C%22data%22%3A%7B%22itemType%22%3A%22bookSection%22%2C%22title%22%3A%22Algunas%20reflexiones%20acerca%20de%20las%20traducciones%20al%20alem%5Cu00e1n%20de%20la%20obra%20lorquiana%20Bodas%20de%20sangre%3A%20Beck%20y%20Wittkopf%22%2C%22creators%22%3A%5B%7B%22creatorType%22%3A%22author%22%2C%22firstName%22%3A%22Christiane%22%2C%22lastName%22%3A%22Limbach%22%7D%5D%2C%22abstractNote%22%3A%22El%20objetivo%20de%20este%20cap%5Cu00edtulo%20es%20proponer%20una%20reflexi%5Cu00f3n%20sobre%20la%20traducci%5Cu00f3n%20al%20alem%5Cu00e1n%20de%20la%20obra%20lorquiana%20Bodas%20de%20sangre.%20Abrodamos%20el%20caso%20particular%20de%20Heinrich%20Enrique%20Beck%2C%20que%2C%20durante%20d%5Cu00e9cadas%2C%20ha%20disfrutado%20de%20los%20derechos%20exclusivos%20de%20traducci%5Cu00f3n%20de%20las%20obras%20de%20Lorca%20al%20alem%5Cu00e1n%2C%20las%20cr%5Cu00edticas%20que%20han%20recibido%20sus%20traducciones%20y%20los%20acontecimientos%20que%20dieron%20lugar%20a%20que%20otras%20traducciones%20pudieran%20entrar%20en%20el%20mercado%2C%20como%20es%20el%20caso%20de%20Bodas%20de%20sangres%20de%20Rudolf%20Wittkopf.%20Tras%20examinar%20las%20dificultades%20traductol%5Cu00f3gicas%20de%20la%20obra%20de%20traducci%5Cu00f3n%20en%20cuesti%5Cu00f3n%2C%20comparamos%20las%20dos%20traducciones%20al%20alem%5Cu00e1n%20con%20el%20original.%22%2C%22bookTitle%22%3A%22Lorca%2C%20dramaturgo%20universal.%20Estudios%20en%20torno%20a%20la%20traducci%5Cu00f3n%20de%20su%20teatro%20con%20motivo%20del%20CXX%20aniversario%20de%20su%20nacimiento%22%2C%22date%22%3A%222019%22%2C%22originalDate%22%3A%22%22%2C%22originalPublisher%22%3A%22%22%2C%22originalPlace%22%3A%22%22%2C%22format%22%3A%22%22%2C%22ISBN%22%3A%22978-84-948116-6-1%22%2C%22DOI%22%3A%22%22%2C%22citationKey%22%3A%22%22%2C%22url%22%3A%22https%3A%5C%2F%5C%2Frio.upo.es%5C%2Fxmlui%5C%2Fhandle%5C%2F10433%5C%2F8132%22%2C%22ISSN%22%3A%22%22%2C%22language%22%3A%22ES%22%2C%22collections%22%3A%5B%5D%2C%22dateModified%22%3A%222020-10-15T18%3A10%3A29Z%22%7D%7D%2C%7B%22key%22%3A%22B2E9ITBI%22%2C%22library%22%3A%7B%22id%22%3A2580715%7D%2C%22meta%22%3A%7B%22lastModifiedByUser%22%3A%7B%22id%22%3A16636834%2C%22username%22%3A%22carmenmorenoarroyo%22%2C%22name%22%3A%22%22%2C%22links%22%3A%7B%22alternate%22%3A%7B%22href%22%3A%22https%3A%5C%2F%5C%2Fwww.zotero.org%5C%2Fcarmenmorenoarroyo%22%2C%22type%22%3A%22text%5C%2Fhtml%22%7D%7D%7D%2C%22creatorSummary%22%3A%22Limbach%20and%20Heisel%22%2C%22parsedDate%22%3A%222018%22%2C%22numChildren%22%3A1%7D%2C%22bib%22%3A%22%26lt%3Bdiv%20class%3D%26quot%3Bcsl-bib-body%26quot%3B%20style%3D%26quot%3Bline-height%3A%202%3B%20padding-left%3A%201em%3B%20text-indent%3A-1em%3B%26quot%3B%26gt%3B%5Cn%20%20%26lt%3Bdiv%20class%3D%26quot%3Bcsl-entry%26quot%3B%26gt%3BLimbach%2C%20C.%2C%20%26amp%3B%20Heisel%2C%20K.%20%282018%29.%20Literatur%20als%20Reflexion%20in%20Extremsituationen%3A%20das%20Trizonesien-Lied.%20In%20%26lt%3Bi%26gt%3BLiterarische%20Inszenierungen%20von%20Geschichte.%20Formen%20der%20Erinnerung%20in%20der%20deutschsprachigen%20Literatur%20nach%201945%20und%201989%26lt%3B%5C%2Fi%26gt%3B%20%28pp.%20273%26%23x2013%3B288%29.%20J.B.%20Metzler.%20%26lt%3Ba%20class%3D%26%23039%3Bzp-DOIURL%26%23039%3B%20href%3D%26%23039%3Bhttps%3A%5C%2F%5C%2Fdoi.org%5C%2F10.1007%5C%2F978-3-658-21671-9_25%26%23039%3B%26gt%3Bhttps%3A%5C%2F%5C%2Fdoi.org%5C%2F10.1007%5C%2F978-3-658-21671-9_25%26lt%3B%5C%2Fa%26gt%3B%26lt%3B%5C%2Fdiv%26gt%3B%5Cn%26lt%3B%5C%2Fdiv%26gt%3B%22%2C%22data%22%3A%7B%22itemType%22%3A%22bookSection%22%2C%22title%22%3A%22Literatur%20als%20Reflexion%20in%20Extremsituationen%3A%20das%20Trizonesien-Lied%22%2C%22creators%22%3A%5B%7B%22creatorType%22%3A%22author%22%2C%22firstName%22%3A%22Christiane%22%2C%22lastName%22%3A%22Limbach%22%7D%2C%7B%22creatorType%22%3A%22author%22%2C%22firstName%22%3A%22Karl%22%2C%22lastName%22%3A%22Heisel%22%7D%5D%2C%22abstractNote%22%3A%22Am%2011.%20November%201948%20stellte%20Karl%20Berbuer%20seinen%20Karnevalshit%20Wir%20sind%20die%20Eingeborenen%20von%20Trizonesien%20der%20%5Cu00d6ffentlichkeit%20vor.%20Die%20Schallplatte%20wurde%20am%2017.%20Dezember%201948%20ver%5Cu00f6ffentlicht.%20Von%20Beginn%20an%20hat%20dieses%20Lied%20aufgrund%20seines%20Textes%20viel%20Aufmerksamkeit%20erfahren%3A%20F%5Cu00fcr%20einige%20war%20es%20eine%20Verharmlosung%20der%20Schuld%20der%20Deutschen%20an%20den%20Opfern%20des%20Nationalsozialismus%20und%20erntete%20dadurch%20harsche%20Kritik%3B%20f%5Cu00fcr%20andere%20war%20es%20ein%20Versuch%20der%20Identit%5Cu00e4tsfindung%20und%20der%20Standortbestimmung.%22%2C%22bookTitle%22%3A%22Literarische%20Inszenierungen%20von%20Geschichte.%20Formen%20der%20Erinnerung%20in%20der%20deutschsprachigen%20Literatur%20nach%201945%20und%201989%22%2C%22date%22%3A%222018%22%2C%22originalDate%22%3A%22%22%2C%22originalPublisher%22%3A%22%22%2C%22originalPlace%22%3A%22%22%2C%22format%22%3A%22%22%2C%22ISBN%22%3A%22978-3-658-21670-2%22%2C%22DOI%22%3A%2210.1007%5C%2F978-3-658-21671-9_25%22%2C%22citationKey%22%3A%22%22%2C%22url%22%3A%22https%3A%5C%2F%5C%2Fwww.springer.com%5C%2Fde%5C%2Fbook%5C%2F9783658216702%22%2C%22ISSN%22%3A%22%22%2C%22language%22%3A%22DE%22%2C%22collections%22%3A%5B%5D%2C%22dateModified%22%3A%222020-11-07T09%3A00%3A06Z%22%7D%7D%2C%7B%22key%22%3A%22IU8WZ59T%22%2C%22library%22%3A%7B%22id%22%3A2580715%7D%2C%22meta%22%3A%7B%22lastModifiedByUser%22%3A%7B%22id%22%3A256956%2C%22username%22%3A%22Elena%20Romera%22%2C%22name%22%3A%22%22%2C%22links%22%3A%7B%22alternate%22%3A%7B%22href%22%3A%22https%3A%5C%2F%5C%2Fwww.zotero.org%5C%2Felena_romera%22%2C%22type%22%3A%22text%5C%2Fhtml%22%7D%7D%7D%2C%22creatorSummary%22%3A%22Dom%5Cu00ednguez%20et%20al.%22%2C%22parsedDate%22%3A%222018%22%2C%22numChildren%22%3A0%7D%2C%22bib%22%3A%22%26lt%3Bdiv%20class%3D%26quot%3Bcsl-bib-body%26quot%3B%20style%3D%26quot%3Bline-height%3A%202%3B%20padding-left%3A%201em%3B%20text-indent%3A-1em%3B%26quot%3B%26gt%3B%5Cn%20%20%26lt%3Bdiv%20class%3D%26quot%3Bcsl-entry%26quot%3B%26gt%3BDom%26%23xED%3Bnguez%2C%20L.%2C%20Hinojosa%2C%20O.%2C%20Limbach%2C%20C.%2C%20%26amp%3B%20Maldonado-Alem%26%23xE1%3Bn%2C%20M.%20%282018%29.%20Historia%2C%20memoria%20y%20recuerdo.%20Introducci%26%23xF3%3Bn.%20In%20%26lt%3Bi%26gt%3BHistoria%2C%20Memoria%20y%20recuerdo.%20Escrituras%20y%20reescrituras%20del%20pasado%20en%20la%20narrativa%20en%20lengua%20alemana%20desde%201945%26lt%3B%5C%2Fi%26gt%3B%20%28pp.%2011%26%23x2013%3B24%29.%20S%26%23xED%3Bntesis.%20%26lt%3Ba%20class%3D%26%23039%3Bzp-ItemURL%26%23039%3B%20href%3D%26%23039%3Bhttps%3A%5C%2F%5C%2Fdialnet.unirioja.es%5C%2Fservlet%5C%2Farticulo%3Fcodigo%3D6529768%26%23039%3B%26gt%3Bhttps%3A%5C%2F%5C%2Fdialnet.unirioja.es%5C%2Fservlet%5C%2Farticulo%3Fcodigo%3D6529768%26lt%3B%5C%2Fa%26gt%3B%26lt%3B%5C%2Fdiv%26gt%3B%5Cn%26lt%3B%5C%2Fdiv%26gt%3B%22%2C%22data%22%3A%7B%22itemType%22%3A%22bookSection%22%2C%22title%22%3A%22Historia%2C%20memoria%20y%20recuerdo.%20Introducci%5Cu00f3n%22%2C%22creators%22%3A%5B%7B%22creatorType%22%3A%22author%22%2C%22firstName%22%3A%22Leopoldo%22%2C%22lastName%22%3A%22Dom%5Cu00ednguez%22%7D%2C%7B%22creatorType%22%3A%22author%22%2C%22firstName%22%3A%22Olga%22%2C%22lastName%22%3A%22Hinojosa%22%7D%2C%7B%22creatorType%22%3A%22author%22%2C%22firstName%22%3A%22Christiane%22%2C%22lastName%22%3A%22Limbach%22%7D%2C%7B%22creatorType%22%3A%22author%22%2C%22firstName%22%3A%22Manolo%22%2C%22lastName%22%3A%22Maldonado-Alem%5Cu00e1n%22%7D%5D%2C%22abstractNote%22%3A%22%22%2C%22bookTitle%22%3A%22Historia%2C%20Memoria%20y%20recuerdo.%20Escrituras%20y%20reescrituras%20del%20pasado%20en%20la%20narrativa%20en%20lengua%20alemana%20desde%201945%22%2C%22date%22%3A%222018%22%2C%22originalDate%22%3A%22%22%2C%22originalPublisher%22%3A%22%22%2C%22originalPlace%22%3A%22%22%2C%22format%22%3A%22%22%2C%22ISBN%22%3A%22978-84-9171-180-3%22%2C%22DOI%22%3A%22%22%2C%22citationKey%22%3A%22%22%2C%22url%22%3A%22https%3A%5C%2F%5C%2Fdialnet.unirioja.es%5C%2Fservlet%5C%2Farticulo%3Fcodigo%3D6529768%22%2C%22ISSN%22%3A%22%22%2C%22language%22%3A%22ES%22%2C%22collections%22%3A%5B%5D%2C%22dateModified%22%3A%222020-11-07T08%3A28%3A32Z%22%7D%7D%2C%7B%22key%22%3A%22Q9QBSKPY%22%2C%22library%22%3A%7B%22id%22%3A2580715%7D%2C%22meta%22%3A%7B%22creatorSummary%22%3A%22Limbach%22%2C%22parsedDate%22%3A%222018%22%2C%22numChildren%22%3A1%7D%2C%22bib%22%3A%22%26lt%3Bdiv%20class%3D%26quot%3Bcsl-bib-body%26quot%3B%20style%3D%26quot%3Bline-height%3A%202%3B%20padding-left%3A%201em%3B%20text-indent%3A-1em%3B%26quot%3B%26gt%3B%5Cn%20%20%26lt%3Bdiv%20class%3D%26quot%3Bcsl-entry%26quot%3B%26gt%3BLimbach%2C%20C.%20%282018%29.%20El%20reto%20intercultural%20de%20las%20actividades%20t%26%23xE1%3Bndem%20en%20la%20combinaci%26%23xF3%3Bn%20ling%26%23xFC%3B%26%23xED%3Bstica%20alem%26%23xE1%3Bn-espa%26%23xF1%3Bol.%20In%20%26lt%3Bi%26gt%3BAplicaciones%20de%20la%20metodolog%26%23xED%3Ba%20T%26%23xE1%3Bndem%20en%20la%20formaci%26%23xF3%3Bn%20universitaria%26lt%3B%5C%2Fi%26gt%3B%20%28Vol.%2017%2C%20pp.%20211%26%23x2013%3B222%29.%20Peter%20Lang.%20%26lt%3Ba%20class%3D%26%23039%3Bzp-ItemURL%26%23039%3B%20href%3D%26%23039%3Bhttps%3A%5C%2F%5C%2Fwww.peterlang.com%5C%2Fview%5C%2Ftitle%5C%2F63272%3Ftab%3Daboutauthor%26%23039%3B%26gt%3Bhttps%3A%5C%2F%5C%2Fwww.peterlang.com%5C%2Fview%5C%2Ftitle%5C%2F63272%3Ftab%3Daboutauthor%26lt%3B%5C%2Fa%26gt%3B%26lt%3B%5C%2Fdiv%26gt%3B%5Cn%26lt%3B%5C%2Fdiv%26gt%3B%22%2C%22data%22%3A%7B%22itemType%22%3A%22bookSection%22%2C%22title%22%3A%22El%20reto%20intercultural%20de%20las%20actividades%20t%5Cu00e1ndem%20en%20la%20combinaci%5Cu00f3n%20ling%5Cu00fc%5Cu00edstica%20alem%5Cu00e1n-espa%5Cu00f1ol%22%2C%22creators%22%3A%5B%7B%22creatorType%22%3A%22author%22%2C%22firstName%22%3A%22Christiane%22%2C%22lastName%22%3A%22Limbach%22%7D%5D%2C%22abstractNote%22%3A%22Intercultural%20competence%20is%20one%20of%20the%20two%20pillars%20of%20knowledge%20%28cultural%20and%20linguistic%29%20which%20learners%20achieve%20autonomously%20within%20the%20programme%20%26quot%3BIntercambio%20Cultural%20y%20Ling%5Cu00fc%5Cu00edstico%3A%20T%5Cu00e1ndem%26quot%3B%20offered%20by%20the%20University%20of%20Seville%2C%20Spain.%20This%20chapter%20examines%20how%20learners%20can%20achieve%20this%20competence%20analysing%20the%20tase%20and%20activities%20which%20form%20the%20programme.%20Moreover%2C%20supplementary%20activities%20will%20be%20suggested%20in%20order%20to%20promote%20intercultural%20competence.%22%2C%22bookTitle%22%3A%22Aplicaciones%20de%20la%20metodolog%5Cu00eda%20T%5Cu00e1ndem%20en%20la%20formaci%5Cu00f3n%20universitaria%22%2C%22date%22%3A%222018%22%2C%22originalDate%22%3A%22%22%2C%22originalPublisher%22%3A%22%22%2C%22originalPlace%22%3A%22%22%2C%22format%22%3A%22%22%2C%22ISBN%22%3A%22978-3-631-76546-3%22%2C%22DOI%22%3A%22%22%2C%22citationKey%22%3A%22%22%2C%22url%22%3A%22https%3A%5C%2F%5C%2Fwww.peterlang.com%5C%2Fview%5C%2Ftitle%5C%2F63272%3Ftab%3Daboutauthor%22%2C%22ISSN%22%3A%22%22%2C%22language%22%3A%22ES%22%2C%22collections%22%3A%5B%5D%2C%22dateModified%22%3A%222020-11-07T08%3A33%3A00Z%22%7D%7D%2C%7B%22key%22%3A%2276TG66EF%22%2C%22library%22%3A%7B%22id%22%3A2580715%7D%2C%22meta%22%3A%7B%22creatorSummary%22%3A%22Limbach%22%2C%22parsedDate%22%3A%222018%22%2C%22numChildren%22%3A1%7D%2C%22bib%22%3A%22%26lt%3Bdiv%20class%3D%26quot%3Bcsl-bib-body%26quot%3B%20style%3D%26quot%3Bline-height%3A%202%3B%20padding-left%3A%201em%3B%20text-indent%3A-1em%3B%26quot%3B%26gt%3B%5Cn%20%20%26lt%3Bdiv%20class%3D%26quot%3Bcsl-entry%26quot%3B%26gt%3BLimbach%2C%20C.%20%282018%29.%20Die%20Bedeutung%20der%20interkulturellen%20Kompetenz%20f%26%23xFC%3Br%20das%20Gespr%26%23xE4%3Bchsdolmetschen.%20In%20%26lt%3Bi%26gt%3BInterkulturalitat%20in%20Sprache%2C%20Literatur%20und%20Bildung%20%3D%20Interculturality%20in%20Language%2C%20Literature%20and%20Education%20%3D%20Interkulturalita%20v%20jazyce%2C%20literature%20a%20vzdel%26%23xE1%3Bn%26%23xED%3B%26lt%3B%5C%2Fi%26gt%3B%20%28Vol.%203%2C%20pp.%2051%26%23x2013%3B63%29.%20Univerzita%20Pardubice.%20%26lt%3Ba%20class%3D%26%23039%3Bzp-ItemURL%26%23039%3B%20href%3D%26%23039%3Bhttps%3A%5C%2F%5C%2Ftinyurl.com%5C%2FLimbach2018%26%23039%3B%26gt%3Bhttps%3A%5C%2F%5C%2Ftinyurl.com%5C%2FLimbach2018%26lt%3B%5C%2Fa%26gt%3B%26lt%3B%5C%2Fdiv%26gt%3B%5Cn%26lt%3B%5C%2Fdiv%26gt%3B%22%2C%22data%22%3A%7B%22itemType%22%3A%22bookSection%22%2C%22title%22%3A%22Die%20Bedeutung%20der%20interkulturellen%20Kompetenz%20f%5Cu00fcr%20das%20Gespr%5Cu00e4chsdolmetschen%22%2C%22creators%22%3A%5B%7B%22creatorType%22%3A%22author%22%2C%22firstName%22%3A%22Christiane%22%2C%22lastName%22%3A%22Limbach%22%7D%5D%2C%22abstractNote%22%3A%22Beim%20Erwerb%20einer%20Fremdsprache%20steht%20ausser%20Frage%2C%20dass%20der%20Lernende%20nicht%20nur%20sprachliche%20Kompetenzen%20erlernt%2C%20sondern%20gleichzeitig%20auch%20immer%20eine%20interkulturelle%20Kompetenz%2C%20um%20erfolgreich%20in%20einer%20kommunikativen%20Situation%20in%20der%20Fremdsprache%20handeln%20zu%20k%5Cu00f6nnen.%20Im%20Bereich%20des%20bilateralen%20Dolmetschens%2C%20wo%20Personen%2C%20die%20verschiedenen%20Kulturen%20angeh%5Cu00f6ren%20und%20unterschiedliche%20Sprachen%20sprechen%2C%20nur%20mit%20Hilfe%20eines%20Dolmetschers%20miteinander%20kommunizieren%2C%20ist%20diese%20interkulturelle%20Kompetenz%20f%5Cu00fcr%20den%20Dolmetscher%20besonders%20wichtig%20und%20soll%20in%20diesem%20Beitrag%20untersucht%20werden.%20%5Cu00dcberlegungen%20von%20verschiedenen%20Forschern%20sollen%20kurz%20vorgestellt%20werden%20und%20die%20verschiedenen%20Methoden%20des%20Dolmetschens%20%28neutral%20oder%20vermittelnd%29%20sollen%20mit%20dem%20Aspekt%20der%20interkulturellen%20Kompetenz%20des%20Dolmetschers%20in%20Beziehung%20gesetzt%20werden.%20Ziel%20des%20Beitrages%20ist%20es%20dazu%20beizutragen%2C%20wie%20der%20Gespr%5Cu00e4chsdolmetscher%20mit%20interkulturellen%20Unterschieden%20umgehen%20kann%2C%20um%20erfolgreich%20zwischen%20den%20Angeh%5Cu00f6rigen%20verschiedener%20Kulturen%20zu%20dolmetschen.%22%2C%22bookTitle%22%3A%22Interkulturalitat%20in%20Sprache%2C%20Literatur%20und%20Bildung%20%3D%20Interculturality%20in%20Language%2C%20Literature%20and%20Education%20%3D%20Interkulturalita%20v%20jazyce%2C%20literature%20a%20vzdel%5Cu00e1n%5Cu00ed%22%2C%22date%22%3A%222018%22%2C%22originalDate%22%3A%22%22%2C%22originalPublisher%22%3A%22%22%2C%22originalPlace%22%3A%22%22%2C%22format%22%3A%22%22%2C%22ISBN%22%3A%22978-80-7560-130-8%22%2C%22DOI%22%3A%22%22%2C%22citationKey%22%3A%22%22%2C%22url%22%3A%22https%3A%5C%2F%5C%2Ftinyurl.com%5C%2FLimbach2018%22%2C%22ISSN%22%3A%22%22%2C%22language%22%3A%22DE%22%2C%22collections%22%3A%5B%5D%2C%22dateModified%22%3A%222021-01-26T13%3A35%3A53Z%22%7D%7D%2C%7B%22key%22%3A%2285E7FLFN%22%2C%22library%22%3A%7B%22id%22%3A2580715%7D%2C%22meta%22%3A%7B%22lastModifiedByUser%22%3A%7B%22id%22%3A6987423%2C%22username%22%3A%22ChristianeLimbach%22%2C%22name%22%3A%22%22%2C%22links%22%3A%7B%22alternate%22%3A%7B%22href%22%3A%22https%3A%5C%2F%5C%2Fwww.zotero.org%5C%2Fchristianelimbach%22%2C%22type%22%3A%22text%5C%2Fhtml%22%7D%7D%7D%2C%22creatorSummary%22%3A%22Limbach%20and%20Stender%22%2C%22parsedDate%22%3A%222018%22%2C%22numChildren%22%3A2%7D%2C%22bib%22%3A%22%26lt%3Bdiv%20class%3D%26quot%3Bcsl-bib-body%26quot%3B%20style%3D%26quot%3Bline-height%3A%202%3B%20padding-left%3A%201em%3B%20text-indent%3A-1em%3B%26quot%3B%26gt%3B%5Cn%20%20%26lt%3Bdiv%20class%3D%26quot%3Bcsl-entry%26quot%3B%26gt%3BLimbach%2C%20C.%2C%20%26amp%3B%20Stender%2C%20A.%20%282018%29.%20Zur%20Bewertung%20des%20Gespr%26%23xE4%3Bchsdolmetschens%20im%20Hochschulunterricht%3A%20Game%20of%20Thrones-Wie%20professionell%20handelt%20Missandei%3F%20%26lt%3Bi%26gt%3BGlottodidactica.%20An%20International%20Journal%20of%20Applied%20Linguistics%26lt%3B%5C%2Fi%26gt%3B%2C%20%26lt%3Bi%26gt%3BXLV%26lt%3B%5C%2Fi%26gt%3B%282%29%2C%20215%26%23x2013%3B228.%20%26lt%3Ba%20class%3D%26%23039%3Bzp-DOIURL%26%23039%3B%20href%3D%26%23039%3Bhttps%3A%5C%2F%5C%2Fdoi.org%5C%2F10.14746%5C%2Fgl.2018.45.2.12%26%23039%3B%26gt%3Bhttps%3A%5C%2F%5C%2Fdoi.org%5C%2F10.14746%5C%2Fgl.2018.45.2.12%26lt%3B%5C%2Fa%26gt%3B%26lt%3B%5C%2Fdiv%26gt%3B%5Cn%26lt%3B%5C%2Fdiv%26gt%3B%22%2C%22data%22%3A%7B%22itemType%22%3A%22journalArticle%22%2C%22title%22%3A%22Zur%20Bewertung%20des%20Gespr%5Cu00e4chsdolmetschens%20im%20Hochschulunterricht%3A%20Game%20of%20Thrones-Wie%20professionell%20handelt%20Missandei%3F%22%2C%22creators%22%3A%5B%7B%22creatorType%22%3A%22author%22%2C%22firstName%22%3A%22Christiane%22%2C%22lastName%22%3A%22Limbach%22%7D%2C%7B%22creatorType%22%3A%22author%22%2C%22firstName%22%3A%22Alice%22%2C%22lastName%22%3A%22Stender%22%7D%5D%2C%22abstractNote%22%3A%22This%20article%20aims%20to%20present%20a%20didactic%20teaching%20proposal%2C%20which%20broaches%20the%20issue%20of%20evaluation%20of%20liaison%20interpreting.%20An%20interpreting%20scene%20in%20the%20popular%20series%20Game%20of%20Thrones%2C%20in%20whose%20third%20season%20the%20slave%20Missandei%20serves%20as%20a%20negotiating%20interpreter%2C%20will%20serve%20as%20a%20live%20demonstration.%20On%20the%20basis%20of%20the%20evaluation%20criteria%20elaborated%20by%20Kautz%20%282002%29%2C%20this%20scene%20will%20be%20examined%20and%20analysed%20in%20a%20plenary%20session%2C%20to%20enable%20students%20to%20form%20a%20clear%20idea%20about%20how%20negotiation%20interpreting%20can%20look%20in%20practice%2C%20what%20difficulties%20can%20arise%2C%20what%20solutions%20can%20be%20found%20and%20what%20strategies%20can%20be%20adopted.%20The%20subsequent%20discussion%20serves%20as%20a%20starting%20point%20for%20further%20reflections%20about%20professional%20ethics%2C%20codes%20of%20ethics%2C%20the%20neutrality%20of%20the%20interpreter%2C%20etc.%20This%20teaching%20proposal%20has%20attracted%20wide%20interest%20and%20its%20didactic%20could%20all%20be%20more%20than%20achieved.%22%2C%22date%22%3A%222018%22%2C%22section%22%3A%22%22%2C%22partNumber%22%3A%22%22%2C%22partTitle%22%3A%22%22%2C%22DOI%22%3A%2210.14746%5C%2Fgl.2018.45.2.12%22%2C%22citationKey%22%3A%22%22%2C%22url%22%3A%22https%3A%5C%2F%5C%2Fpressto.amu.edu.pl%5C%2Findex.php%5C%2Fgl%5C%2Farticle%5C%2Fview%5C%2F16762%5C%2F16599%22%2C%22PMID%22%3A%22%22%2C%22PMCID%22%3A%22%22%2C%22ISSN%22%3A%220072-4769%22%2C%22language%22%3A%22%22%2C%22collections%22%3A%5B%5D%2C%22dateModified%22%3A%222020-10-18T14%3A19%3A35Z%22%7D%7D%2C%7B%22key%22%3A%22F7IP9YSV%22%2C%22library%22%3A%7B%22id%22%3A2580715%7D%2C%22meta%22%3A%7B%22lastModifiedByUser%22%3A%7B%22id%22%3A16636834%2C%22username%22%3A%22carmenmorenoarroyo%22%2C%22name%22%3A%22%22%2C%22links%22%3A%7B%22alternate%22%3A%7B%22href%22%3A%22https%3A%5C%2F%5C%2Fwww.zotero.org%5C%2Fcarmenmorenoarroyo%22%2C%22type%22%3A%22text%5C%2Fhtml%22%7D%7D%7D%2C%22creatorSummary%22%3A%22Limbach%22%2C%22parsedDate%22%3A%222017%22%2C%22numChildren%22%3A1%7D%2C%22bib%22%3A%22%26lt%3Bdiv%20class%3D%26quot%3Bcsl-bib-body%26quot%3B%20style%3D%26quot%3Bline-height%3A%202%3B%20padding-left%3A%201em%3B%20text-indent%3A-1em%3B%26quot%3B%26gt%3B%5Cn%20%20%26lt%3Bdiv%20class%3D%26quot%3Bcsl-entry%26quot%3B%26gt%3BLimbach%2C%20C.%20%282017%29.%20Ein%20didaktischer%20Vorschlag%20f%26%23xFC%3Br%20das%20Unterrichten%20von%20bilateralem%20Dolmetschen%20in%20der%20Sprachkombination%20Spanisch-Deutsch.%20%26lt%3Bi%26gt%3BGlottodidactica.%20An%20International%20Journal%20of%20Applied%20Linguistics%26lt%3B%5C%2Fi%26gt%3B%2C%20%26lt%3Bi%26gt%3BXLIV%26lt%3B%5C%2Fi%26gt%3B%282%29%2C%2097%26%23x2013%3B113.%20%26lt%3Ba%20class%3D%26%23039%3Bzp-DOIURL%26%23039%3B%20href%3D%26%23039%3Bhttps%3A%5C%2F%5C%2Fdoi.org%5C%2F10.14746%5C%2Fgl.2017.44.2.06%26%23039%3B%26gt%3Bhttps%3A%5C%2F%5C%2Fdoi.org%5C%2F10.14746%5C%2Fgl.2017.44.2.06%26lt%3B%5C%2Fa%26gt%3B%26lt%3B%5C%2Fdiv%26gt%3B%5Cn%26lt%3B%5C%2Fdiv%26gt%3B%22%2C%22data%22%3A%7B%22itemType%22%3A%22journalArticle%22%2C%22title%22%3A%22Ein%20didaktischer%20Vorschlag%20f%5Cu00fcr%20das%20Unterrichten%20von%20bilateralem%20Dolmetschen%20in%20der%20Sprachkombination%20Spanisch-Deutsch%22%2C%22creators%22%3A%5B%7B%22creatorType%22%3A%22author%22%2C%22firstName%22%3A%22Christiane%22%2C%22lastName%22%3A%22Limbach%22%7D%5D%2C%22abstractNote%22%3A%22%22%2C%22date%22%3A%222017%22%2C%22section%22%3A%22%22%2C%22partNumber%22%3A%22%22%2C%22partTitle%22%3A%22%22%2C%22DOI%22%3A%2210.14746%5C%2Fgl.2017.44.2.06%22%2C%22citationKey%22%3A%22%22%2C%22url%22%3A%22https%3A%5C%2F%5C%2Fpressto.amu.edu.pl%5C%2Findex.php%5C%2Fgl%5C%2Farticle%5C%2Fview%5C%2F12079%22%2C%22PMID%22%3A%22%22%2C%22PMCID%22%3A%22%22%2C%22ISSN%22%3A%220072-4769%22%2C%22language%22%3A%22DE%22%2C%22collections%22%3A%5B%5D%2C%22dateModified%22%3A%222020-11-06T18%3A29%3A00Z%22%7D%7D%2C%7B%22key%22%3A%223T35QPAV%22%2C%22library%22%3A%7B%22id%22%3A2580715%7D%2C%22meta%22%3A%7B%22creatorSummary%22%3A%22Heisel%20and%20Limbach%22%2C%22parsedDate%22%3A%222017%22%2C%22numChildren%22%3A1%7D%2C%22bib%22%3A%22%26lt%3Bdiv%20class%3D%26quot%3Bcsl-bib-body%26quot%3B%20style%3D%26quot%3Bline-height%3A%202%3B%20padding-left%3A%201em%3B%20text-indent%3A-1em%3B%26quot%3B%26gt%3B%5Cn%20%20%26lt%3Bdiv%20class%3D%26quot%3Bcsl-entry%26quot%3B%26gt%3BHeisel%2C%20K.%2C%20%26amp%3B%20Limbach%2C%20C.%20%282017%29.%20Landeskunde%2C%20interkulturelle%20Kompetenz%20und%20integrierter%20Bilingualismus%3A%20%26%23xDC%3Bberlegungen%20und%20didaktische%20Vorschl%26%23xE4%3Bge.%20In%20%26lt%3Bi%26gt%3BActas%20VI%20Congreso%20Sociedad%20Espa%26%23xF1%3Bola%20de%20Lenguas%20Modernas%26lt%3B%5C%2Fi%26gt%3B%20%28pp.%20143%26%23x2013%3B163%29.%20Editorial%20Bienza.%20%26lt%3Ba%20class%3D%26%23039%3Bzp-ItemURL%26%23039%3B%20href%3D%26%23039%3Bhttps%3A%5C%2F%5C%2Fes.calameo.com%5C%2Fread%5C%2F004404377a977ef848522%26%23039%3B%26gt%3Bhttps%3A%5C%2F%5C%2Fes.calameo.com%5C%2Fread%5C%2F004404377a977ef848522%26lt%3B%5C%2Fa%26gt%3B%26lt%3B%5C%2Fdiv%26gt%3B%5Cn%26lt%3B%5C%2Fdiv%26gt%3B%22%2C%22data%22%3A%7B%22itemType%22%3A%22bookSection%22%2C%22title%22%3A%22Landeskunde%2C%20interkulturelle%20Kompetenz%20und%20integrierter%20Bilingualismus%3A%20%5Cu00dcberlegungen%20und%20didaktische%20Vorschl%5Cu00e4ge%22%2C%22creators%22%3A%5B%7B%22creatorType%22%3A%22author%22%2C%22firstName%22%3A%22Karl%22%2C%22lastName%22%3A%22Heisel%22%7D%2C%7B%22creatorType%22%3A%22author%22%2C%22firstName%22%3A%22Christiane%22%2C%22lastName%22%3A%22Limbach%22%7D%5D%2C%22abstractNote%22%3A%22%22%2C%22bookTitle%22%3A%22Actas%20VI%20Congreso%20Sociedad%20Espa%5Cu00f1ola%20de%20Lenguas%20Modernas%22%2C%22date%22%3A%222017%22%2C%22originalDate%22%3A%22%22%2C%22originalPublisher%22%3A%22%22%2C%22originalPlace%22%3A%22%22%2C%22format%22%3A%22%22%2C%22ISBN%22%3A%22978-84-946096-3-3%22%2C%22DOI%22%3A%22%22%2C%22citationKey%22%3A%22%22%2C%22url%22%3A%22https%3A%5C%2F%5C%2Fes.calameo.com%5C%2Fread%5C%2F004404377a977ef848522%22%2C%22ISSN%22%3A%22%22%2C%22language%22%3A%22DE%22%2C%22collections%22%3A%5B%5D%2C%22dateModified%22%3A%222020-11-06T18%3A35%3A08Z%22%7D%7D%2C%7B%22key%22%3A%22AN7ND4W9%22%2C%22library%22%3A%7B%22id%22%3A2580715%7D%2C%22meta%22%3A%7B%22lastModifiedByUser%22%3A%7B%22id%22%3A6987423%2C%22username%22%3A%22ChristianeLimbach%22%2C%22name%22%3A%22%22%2C%22links%22%3A%7B%22alternate%22%3A%7B%22href%22%3A%22https%3A%5C%2F%5C%2Fwww.zotero.org%5C%2Fchristianelimbach%22%2C%22type%22%3A%22text%5C%2Fhtml%22%7D%7D%7D%2C%22creatorSummary%22%3A%22Limbach%22%2C%22parsedDate%22%3A%222017%22%2C%22numChildren%22%3A1%7D%2C%22bib%22%3A%22%26lt%3Bdiv%20class%3D%26quot%3Bcsl-bib-body%26quot%3B%20style%3D%26quot%3Bline-height%3A%202%3B%20padding-left%3A%201em%3B%20text-indent%3A-1em%3B%26quot%3B%26gt%3B%5Cn%20%20%26lt%3Bdiv%20class%3D%26quot%3Bcsl-entry%26quot%3B%26gt%3BLimbach%2C%20C.%20%282017%29.%20La%20audiodescripci%26%23xF3%3Bn%20f%26%23xED%3Blmica%3A%20Transmisi%26%23xF3%3Bn%20del%20valor%20f%26%23xED%3Blmico%20y%20neutralidad.%20In%20%26lt%3Bi%26gt%3BFotograf%26%23xED%3Ba%20de%20la%20investigaci%26%23xF3%3Bn%20doctoral%20en%20traducci%26%23xF3%3Bn%20audiovisual%26lt%3B%5C%2Fi%26gt%3B%20%28Vol.%202%2C%20pp.%20119%26%23x2013%3B130%29.%20Bohod%26%23xF3%3Bn%20Ediciones.%20%26lt%3Ba%20class%3D%26%23039%3Bzp-ItemURL%26%23039%3B%20href%3D%26%23039%3Bhttps%3A%5C%2F%5C%2Fwww.bohodon.es%5C%2Flibro%5C%2F844%5C%2Ffotografia-de-la-investigacion-doctoral-en-traduccion-audiovisual-volumen-2.html%26%23039%3B%26gt%3Bhttps%3A%5C%2F%5C%2Fwww.bohodon.es%5C%2Flibro%5C%2F844%5C%2Ffotografia-de-la-investigacion-doctoral-en-traduccion-audiovisual-volumen-2.html%26lt%3B%5C%2Fa%26gt%3B%26lt%3B%5C%2Fdiv%26gt%3B%5Cn%26lt%3B%5C%2Fdiv%26gt%3B%22%2C%22data%22%3A%7B%22itemType%22%3A%22bookSection%22%2C%22title%22%3A%22La%20audiodescripci%5Cu00f3n%20f%5Cu00edlmica%3A%20Transmisi%5Cu00f3n%20del%20valor%20f%5Cu00edlmico%20y%20neutralidad%22%2C%22creators%22%3A%5B%7B%22creatorType%22%3A%22author%22%2C%22firstName%22%3A%22Christiane%22%2C%22lastName%22%3A%22Limbach%22%7D%5D%2C%22abstractNote%22%3A%22Aproximadamente%20desde%20finales%20de%20los%20a%5Cu00f1os%2090%20hasta%20nuestros%20d%5Cu00edas%20la%20audiodescripci%5Cu00f3n%20%28AD%29%20para%20personas%20ciegas%20ha%20ido%20adquiriendo%20relevancia.%20Quiz%5Cu00e1%20sea%20este%20hecho%20el%20que%20explique%20el%20aumento%20del%20n%5Cu00famero%20de%20pel%5Cu00edculas%20audiodescritas.%20Este%20desarrollo%20viene%20motivado%20por%20una%20creciente%20conciencia%20social%2C%20por%20los%20esfuerzos%20de%20la%20Comisi%5Cu00f3n%20Europea%5Cnpara%20introducir%20legislaciones%20de%20inclusi%5Cu00f3n%20social%20en%20el%20marco%20europeo%20y%20por%20las%20diferentes%20legislaciones%20ya%20existentes%20en%20el%20%5Cu00e1mbito%20nacional.%20No%20obstante%2C%20a%20pesar%20de%20este%20desarrollo%20tan%20favorable%20y%20de%20las%20crecientes%20oferta%20y%20demanda%20de%20audiodescripciones%2C%20sigue%20sin%20haber%20verdaderos%20est%5Cu00e1ndares%20y%20criterios%20de%20calidad%20en%20el%20campo%20de%20la%20audiodescripci%5Cu00f3n%5Cnf%5Cu00edlmica%20que%20marquen%20las%20pautas%20de%20c%5Cu00f3mo%20describir%20las%20im%5Cu00e1genes%20de%20una%20manera%20neutra.%5Cn%5CnEn%20este%20trabajo%20se%20investiga%20el%20aspecto%20de%20la%20neutralidad%2C%20teniendo%20en%20cuenta%20las%20normas%2C%20directrices%20y%20propuestas%20existentes%20en%20Espa%5Cu00f1a%20%28Norma%20UNE%20153020%29%2C%20en%20el%20Reino%20Unido%20%28ITC%20Guidance%20on%20Standards%20for%20Audio%20Description%29%20y%20en%20Alemania%20%28Wenn%20aus%20Bildern%20Worte%20werden%29.%20Tras%20una%20discusi%5Cu00f3n%20terminol%5Cu00f3gica%20que%20surge%20por%20el%20uso%20de%20distintos%20t%5Cu00e9rminos%20%28neutralidad%20%5C%2F%20objetividad%29%2C%20se%20aplicar%5Cu00e1%20la%20teor%5Cu00eda%20traductol%5Cu00f3gica%20de%20la%20Escuela%20de%20Leipzig%20a%20la%20cuesti%5Cu00f3n%20de%20neutralidad%20en%20la%20audiodescripci%5Cu00f3n%20f%5Cu00edlmica.%20Se%20parte%20de%20la%20idea%20de%20que%20conceptos%20traductol%5Cu00f3gicos%20como%20la%20funci%5Cu00f3n%2C%20el%20valor%20y%20la%20equivalencia%20comunicativa%20ofrecen%20unos%20criterios%20altamente%20valiosos%2C%20a%20partir%20de%20los%20cuales%20es%20posible%20determinar%20qu%5Cu00e9%20informaciones%20han%20de%20ser%20descritas%20y%20c%5Cu00f3mo%20para%20elaborar%20un%20texto%20meta%5Cnque%20sea%20comunicativamente%20equivalente%20al%20texto%20origen.%22%2C%22bookTitle%22%3A%22Fotograf%5Cu00eda%20de%20la%20investigaci%5Cu00f3n%20doctoral%20en%20traducci%5Cu00f3n%20audiovisual%22%2C%22date%22%3A%222017%22%2C%22originalDate%22%3A%22%22%2C%22originalPublisher%22%3A%22%22%2C%22originalPlace%22%3A%22%22%2C%22format%22%3A%22%22%2C%22ISBN%22%3A%22978-84-17197-03-2%22%2C%22DOI%22%3A%22%22%2C%22citationKey%22%3A%22%22%2C%22url%22%3A%22https%3A%5C%2F%5C%2Fwww.bohodon.es%5C%2Flibro%5C%2F844%5C%2Ffotografia-de-la-investigacion-doctoral-en-traduccion-audiovisual-volumen-2.html%22%2C%22ISSN%22%3A%22%22%2C%22language%22%3A%22ES%22%2C%22collections%22%3A%5B%5D%2C%22dateModified%22%3A%222020-10-18T14%3A19%3A00Z%22%7D%7D%2C%7B%22key%22%3A%22LE92F2US%22%2C%22library%22%3A%7B%22id%22%3A2580715%7D%2C%22meta%22%3A%7B%22creatorSummary%22%3A%22Limbach%20and%20Heisel%22%2C%22parsedDate%22%3A%222016%22%2C%22numChildren%22%3A1%7D%2C%22bib%22%3A%22%26lt%3Bdiv%20class%3D%26quot%3Bcsl-bib-body%26quot%3B%20style%3D%26quot%3Bline-height%3A%202%3B%20padding-left%3A%201em%3B%20text-indent%3A-1em%3B%26quot%3B%26gt%3B%5Cn%20%20%26lt%3Bdiv%20class%3D%26quot%3Bcsl-entry%26quot%3B%26gt%3BLimbach%2C%20C.%2C%20%26amp%3B%20Heisel%2C%20K.%20%282016%29.%20Unterrichtsvorschlaege%20fuer%20landeskundlich%20interkulturellen%20DaF.%20In%20%26lt%3Bi%26gt%3BActas%20V%20Congreso%20Sociedad%20Espa%26%23xF1%3Bola%20de%20Lenguas%20Modernas%26lt%3B%5C%2Fi%26gt%3B%20%28pp.%20195%26%23x2013%3B212%29.%20Editorial%20Bienza.%20%26lt%3Ba%20class%3D%26%23039%3Bzp-ItemURL%26%23039%3B%20href%3D%26%23039%3Bhttps%3A%5C%2F%5C%2Fes.calameo.com%5C%2Fread%5C%2F004404377dd019bccf913%26%23039%3B%26gt%3Bhttps%3A%5C%2F%5C%2Fes.calameo.com%5C%2Fread%5C%2F004404377dd019bccf913%26lt%3B%5C%2Fa%26gt%3B%26lt%3B%5C%2Fdiv%26gt%3B%5Cn%26lt%3B%5C%2Fdiv%26gt%3B%22%2C%22data%22%3A%7B%22itemType%22%3A%22bookSection%22%2C%22title%22%3A%22Unterrichtsvorschlaege%20fuer%20landeskundlich%20interkulturellen%20DaF%22%2C%22creators%22%3A%5B%7B%22creatorType%22%3A%22author%22%2C%22firstName%22%3A%22Christiane%22%2C%22lastName%22%3A%22Limbach%22%7D%2C%7B%22creatorType%22%3A%22author%22%2C%22firstName%22%3A%22Karl%22%2C%22lastName%22%3A%22Heisel%22%7D%5D%2C%22abstractNote%22%3A%22Moderner%20Fremdsprachenunterricht%20lebt%20vom%20Einbezug%20der%20sozialen%20und%20kulturellen%20Wirklichkeit%20in%20den%20Unterrichtsraum.%20Je%20mehr%20diese%20Wirklichkeit%20f%5Cu00fcr%20den%20Lerner%20erfassbar%20ist%2C%20umso%20leichter%20f%5Cu00e4llt%20ihm%20der%20Spracherwerb%20und%20erm%5Cu00f6glicht%20ihm%2C%20kulturelle%20Realit%5Cu00e4ten%20der%20Fremdsprache%20wahrzunehmen.%20Der%20Karneval%20soll%20hier%20als%20Beispiel%20dienen%2C%20diese%20Hypothese%20in%20die%20Praxis%20umzusetzen.%20Mit%20den%20uns%20heute%20zur%20Verf%5Cu00fcgung%20stehenden%20Unterrichtsmitteln%20kann%20der%20rheinische%20Karneval%20ausserhalb%20des%20Karnevalsgebiets%2C%20also%20in%20Andalusien%2C%20medial%20pr%5Cu00e4sent%20sein.%20Auf%20der%20anderen%20Seite%20haben%20andalusische%20Lerner%20den%20andalusischen%20Karneval%20im%20Bewusstsein.%20Zudem%20erm%5Cu00f6glicht%20ihr%20allgemeines%20Wissen%20%5Cu00fcber%20den%20Karneval%20weltweit%20einen%20leichten%20Zugang%20zum%20Thema%20sowie%20ein%20differenziertes%20Arbeiten%20mit%20diesem%20kulturellen%20Ph%5Cu00e4nomen%20der%20Zielkultur.%22%2C%22bookTitle%22%3A%22Actas%20V%20Congreso%20Sociedad%20Espa%5Cu00f1ola%20de%20Lenguas%20Modernas%22%2C%22date%22%3A%222016%22%2C%22originalDate%22%3A%22%22%2C%22originalPublisher%22%3A%22%22%2C%22originalPlace%22%3A%22%22%2C%22format%22%3A%22%22%2C%22ISBN%22%3A%22978-84-942335-8-6%22%2C%22DOI%22%3A%22%22%2C%22citationKey%22%3A%22%22%2C%22url%22%3A%22https%3A%5C%2F%5C%2Fes.calameo.com%5C%2Fread%5C%2F004404377dd019bccf913%22%2C%22ISSN%22%3A%22%22%2C%22language%22%3A%22DE%22%2C%22collections%22%3A%5B%5D%2C%22dateModified%22%3A%222020-10-18T13%3A58%3A44Z%22%7D%7D%2C%7B%22key%22%3A%22HBENT9XX%22%2C%22library%22%3A%7B%22id%22%3A2580715%7D%2C%22meta%22%3A%7B%22creatorSummary%22%3A%22Limbach%20and%20Heisel%22%2C%22parsedDate%22%3A%222016%22%2C%22numChildren%22%3A1%7D%2C%22bib%22%3A%22%26lt%3Bdiv%20class%3D%26quot%3Bcsl-bib-body%26quot%3B%20style%3D%26quot%3Bline-height%3A%202%3B%20padding-left%3A%201em%3B%20text-indent%3A-1em%3B%26quot%3B%26gt%3B%5Cn%20%20%26lt%3Bdiv%20class%3D%26quot%3Bcsl-entry%26quot%3B%26gt%3BLimbach%2C%20C.%2C%20%26amp%3B%20Heisel%2C%20K.%20%282016%29.%20Der%20Rheinische%20Karneval%20als%20interkulturelle%20Quelle%20im%20DaF-Unterricht.%20In%20%26lt%3Bi%26gt%3BInterkulturalitat%20in%20Sprache%2C%20Literatur%20und%20Bildung%20%3D%20Interculturality%20in%20Language%2C%20Literature%20and%20Education%20%3D%20Interkulturalita%20v%20jazyce%2C%20literature%20a%20vzdel%26%23xE1%3Bn%26%23xED%3B%26lt%3B%5C%2Fi%26gt%3B%20%28Vol.%202%2C%20pp.%20319%26%23x2013%3B328%29.%20Univerzita%20Pardubice.%20%26lt%3Ba%20class%3D%26%23039%3Bzp-ItemURL%26%23039%3B%20href%3D%26%23039%3Bhttps%3A%5C%2F%5C%2Fwww.researchgate.net%5C%2Fpublication%5C%2F304570233_Der_rheinische_Karneval_als_interkulturelle_Quelle_im_DaF-Unterricht%26%23039%3B%26gt%3Bhttps%3A%5C%2F%5C%2Fwww.researchgate.net%5C%2Fpublication%5C%2F304570233_Der_rheinische_Karneval_als_interkulturelle_Quelle_im_DaF-Unterricht%26lt%3B%5C%2Fa%26gt%3B%26lt%3B%5C%2Fdiv%26gt%3B%5Cn%26lt%3B%5C%2Fdiv%26gt%3B%22%2C%22data%22%3A%7B%22itemType%22%3A%22bookSection%22%2C%22title%22%3A%22Der%20Rheinische%20Karneval%20als%20interkulturelle%20Quelle%20im%20DaF-Unterricht%22%2C%22creators%22%3A%5B%7B%22creatorType%22%3A%22author%22%2C%22firstName%22%3A%22Christiane%22%2C%22lastName%22%3A%22Limbach%22%7D%2C%7B%22creatorType%22%3A%22author%22%2C%22firstName%22%3A%22Karl%22%2C%22lastName%22%3A%22Heisel%22%7D%5D%2C%22abstractNote%22%3A%22Autor%5Cu00edas%3A%20Christiane%20Limbach%2C%20Karl%20Heisel.%5CnLocalizaci%5Cu00f3n%3A%20Interkulturalitat%20in%20Sprache%2C%20Literatur%20und%20Bildung%20%3D%20Interculturality%20in%20language%2C%20literature%20and%20education%20%3D%20Interkulturalita%20v%20jazyce%2C%20literature%20a%20vzdel%5Cu00e1ni%2C%202016.%5CnArt%5Cu00edculo%20de%20Libro%20en%20Dialnet.%22%2C%22bookTitle%22%3A%22Interkulturalitat%20in%20Sprache%2C%20Literatur%20und%20Bildung%20%3D%20Interculturality%20in%20Language%2C%20Literature%20and%20Education%20%3D%20Interkulturalita%20v%20jazyce%2C%20literature%20a%20vzdel%5Cu00e1n%5Cu00ed%22%2C%22date%22%3A%222016%22%2C%22originalDate%22%3A%22%22%2C%22originalPublisher%22%3A%22%22%2C%22originalPlace%22%3A%22%22%2C%22format%22%3A%22%22%2C%22ISBN%22%3A%22978-80-7560-019-6%22%2C%22DOI%22%3A%22%22%2C%22citationKey%22%3A%22%22%2C%22url%22%3A%22https%3A%5C%2F%5C%2Fwww.researchgate.net%5C%2Fpublication%5C%2F304570233_Der_rheinische_Karneval_als_interkulturelle_Quelle_im_DaF-Unterricht%22%2C%22ISSN%22%3A%22%22%2C%22language%22%3A%22DE%22%2C%22collections%22%3A%5B%5D%2C%22dateModified%22%3A%222020-11-06T17%3A57%3A39Z%22%7D%7D%2C%7B%22key%22%3A%22GLRU6HK3%22%2C%22library%22%3A%7B%22id%22%3A2580715%7D%2C%22meta%22%3A%7B%22lastModifiedByUser%22%3A%7B%22id%22%3A6987423%2C%22username%22%3A%22ChristianeLimbach%22%2C%22name%22%3A%22%22%2C%22links%22%3A%7B%22alternate%22%3A%7B%22href%22%3A%22https%3A%5C%2F%5C%2Fwww.zotero.org%5C%2Fchristianelimbach%22%2C%22type%22%3A%22text%5C%2Fhtml%22%7D%7D%7D%2C%22creatorSummary%22%3A%22Mart%5Cu00ednez%20Mart%5Cu00ednez%20et%20al.%22%2C%22parsedDate%22%3A%222016%22%2C%22numChildren%22%3A1%7D%2C%22bib%22%3A%22%26lt%3Bdiv%20class%3D%26quot%3Bcsl-bib-body%26quot%3B%20style%3D%26quot%3Bline-height%3A%202%3B%20padding-left%3A%201em%3B%20text-indent%3A-1em%3B%26quot%3B%26gt%3B%5Cn%20%20%26lt%3Bdiv%20class%3D%26quot%3Bcsl-entry%26quot%3B%26gt%3BMart%26%23xED%3Bnez%20Mart%26%23xED%3Bnez%2C%20S.%2C%20Limbach%2C%20C.%2C%20Carlucci%2C%20L.%2C%20%26amp%3B%20%26%23xC1%3Blvarez%20del%20Mercado%2C%20C.%20%282016%29.%20Did%26%23xE1%3Bctica%20patrimonial%20y%20difusi%26%23xF3%3Bn%20de%20la%20cultura.%20In%20%26lt%3Bi%26gt%3BPatrimonio%20y%20Educaci%26%23xF3%3Bn.%20Una%20propuesta%20investigadora%26lt%3B%5C%2Fi%26gt%3B%20%28pp.%20329%26%23x2013%3B336%29.%20Universidad%20de%20Granada.%20%26lt%3Ba%20class%3D%26%23039%3Bzp-ItemURL%26%23039%3B%20href%3D%26%23039%3Bhttps%3A%5C%2F%5C%2Fdialnet.unirioja.es%5C%2Fservlet%5C%2Farticulo%3Fcodigo%3D7305195%26%23039%3B%26gt%3Bhttps%3A%5C%2F%5C%2Fdialnet.unirioja.es%5C%2Fservlet%5C%2Farticulo%3Fcodigo%3D7305195%26lt%3B%5C%2Fa%26gt%3B%26lt%3B%5C%2Fdiv%26gt%3B%5Cn%26lt%3B%5C%2Fdiv%26gt%3B%22%2C%22data%22%3A%7B%22itemType%22%3A%22bookSection%22%2C%22title%22%3A%22Did%5Cu00e1ctica%20patrimonial%20y%20difusi%5Cu00f3n%20de%20la%20cultura%22%2C%22creators%22%3A%5B%7B%22creatorType%22%3A%22author%22%2C%22firstName%22%3A%22Silvia%22%2C%22lastName%22%3A%22Mart%5Cu00ednez%20Mart%5Cu00ednez%22%7D%2C%7B%22creatorType%22%3A%22author%22%2C%22firstName%22%3A%22Christiane%22%2C%22lastName%22%3A%22Limbach%22%7D%2C%7B%22creatorType%22%3A%22author%22%2C%22firstName%22%3A%22Laura%22%2C%22lastName%22%3A%22Carlucci%22%7D%2C%7B%22creatorType%22%3A%22author%22%2C%22firstName%22%3A%22Cristina%22%2C%22lastName%22%3A%22%5Cu00c1lvarez%20del%20Mercado%22%7D%5D%2C%22abstractNote%22%3A%22%22%2C%22bookTitle%22%3A%22Patrimonio%20y%20Educaci%5Cu00f3n.%20Una%20propuesta%20investigadora%22%2C%22date%22%3A%222016%22%2C%22originalDate%22%3A%22%22%2C%22originalPublisher%22%3A%22%22%2C%22originalPlace%22%3A%22%22%2C%22format%22%3A%22%22%2C%22ISBN%22%3A%22978-84-608-3894-4%22%2C%22DOI%22%3A%22%22%2C%22citationKey%22%3A%22%22%2C%22url%22%3A%22https%3A%5C%2F%5C%2Fdialnet.unirioja.es%5C%2Fservlet%5C%2Farticulo%3Fcodigo%3D7305195%22%2C%22ISSN%22%3A%22%22%2C%22language%22%3A%22ES%22%2C%22collections%22%3A%5B%5D%2C%22dateModified%22%3A%222020-11-07T08%3A12%3A59Z%22%7D%7D%2C%7B%22key%22%3A%22KV52BRJK%22%2C%22library%22%3A%7B%22id%22%3A2580715%7D%2C%22meta%22%3A%7B%22lastModifiedByUser%22%3A%7B%22id%22%3A6987423%2C%22username%22%3A%22ChristianeLimbach%22%2C%22name%22%3A%22%22%2C%22links%22%3A%7B%22alternate%22%3A%7B%22href%22%3A%22https%3A%5C%2F%5C%2Fwww.zotero.org%5C%2Fchristianelimbach%22%2C%22type%22%3A%22text%5C%2Fhtml%22%7D%7D%7D%2C%22creatorSummary%22%3A%22Soler%20Gallego%20and%20Limbach%22%2C%22parsedDate%22%3A%222016%22%2C%22numChildren%22%3A2%7D%2C%22bib%22%3A%22%26lt%3Bdiv%20class%3D%26quot%3Bcsl-bib-body%26quot%3B%20style%3D%26quot%3Bline-height%3A%202%3B%20padding-left%3A%201em%3B%20text-indent%3A-1em%3B%26quot%3B%26gt%3B%5Cn%20%20%26lt%3Bdiv%20class%3D%26quot%3Bcsl-entry%26quot%3B%26gt%3BSoler%20Gallego%2C%20S.%2C%20%26amp%3B%20Limbach%2C%20C.%20%282016%29.%20Audioguidado%20en%20interiores%20para%20personas%20con%20diversidad%20funcional%20visual.%20In%20%26lt%3Bi%26gt%3BPatrimonio%20cultural%20para%20todos.%20Investigaci%26%23xF3%3Bn%20aplicada%20en%20traducci%26%23xF3%3Bn%20accesible%26lt%3B%5C%2Fi%26gt%3B%20%28Vol.%207%2C%20pp.%2033%26%23x2013%3B54%29.%20Ediciones%20Tragacanto.%20%26lt%3Ba%20class%3D%26%23039%3Bzp-ItemURL%26%23039%3B%20href%3D%26%23039%3Bhttps%3A%5C%2F%5C%2Frio.upo.es%5C%2Fxmlui%5C%2Fhandle%5C%2F10433%5C%2F6658%26%23039%3B%26gt%3Bhttps%3A%5C%2F%5C%2Frio.upo.es%5C%2Fxmlui%5C%2Fhandle%5C%2F10433%5C%2F6658%26lt%3B%5C%2Fa%26gt%3B%26lt%3B%5C%2Fdiv%26gt%3B%5Cn%26lt%3B%5C%2Fdiv%26gt%3B%22%2C%22data%22%3A%7B%22itemType%22%3A%22bookSection%22%2C%22title%22%3A%22Audioguidado%20en%20interiores%20para%20personas%20con%20diversidad%20funcional%20visual%22%2C%22creators%22%3A%5B%7B%22creatorType%22%3A%22author%22%2C%22firstName%22%3A%22Silvia%22%2C%22lastName%22%3A%22Soler%20Gallego%22%7D%2C%7B%22creatorType%22%3A%22author%22%2C%22firstName%22%3A%22Christiane%22%2C%22lastName%22%3A%22Limbach%22%7D%5D%2C%22abstractNote%22%3A%22Universidad%20Pablo%20de%20Olavide%20-%20Departamento%20de%20Filolog%5Cu00eda%20y%20Traducci%5Cu00f3n%22%2C%22bookTitle%22%3A%22Patrimonio%20cultural%20para%20todos.%20Investigaci%5Cu00f3n%20aplicada%20en%20traducci%5Cu00f3n%20accesible%22%2C%22date%22%3A%222016%22%2C%22originalDate%22%3A%22%22%2C%22originalPublisher%22%3A%22%22%2C%22originalPlace%22%3A%22%22%2C%22format%22%3A%22%22%2C%22ISBN%22%3A%22978-84-943722-3-0%22%2C%22DOI%22%3A%22%22%2C%22citationKey%22%3A%22%22%2C%22url%22%3A%22https%3A%5C%2F%5C%2Frio.upo.es%5C%2Fxmlui%5C%2Fhandle%5C%2F10433%5C%2F6658%22%2C%22ISSN%22%3A%22%22%2C%22language%22%3A%22ES%22%2C%22collections%22%3A%5B%5D%2C%22dateModified%22%3A%222020-11-06T18%3A36%3A46Z%22%7D%7D%2C%7B%22key%22%3A%22AFRVDLU2%22%2C%22library%22%3A%7B%22id%22%3A2580715%7D%2C%22meta%22%3A%7B%22lastModifiedByUser%22%3A%7B%22id%22%3A6987423%2C%22username%22%3A%22ChristianeLimbach%22%2C%22name%22%3A%22%22%2C%22links%22%3A%7B%22alternate%22%3A%7B%22href%22%3A%22https%3A%5C%2F%5C%2Fwww.zotero.org%5C%2Fchristianelimbach%22%2C%22type%22%3A%22text%5C%2Fhtml%22%7D%7D%7D%2C%22creatorSummary%22%3A%22%5Cu00c1lvarez%20de%20Morales%20and%20Limbach%22%2C%22parsedDate%22%3A%222016%22%2C%22numChildren%22%3A2%7D%2C%22bib%22%3A%22%26lt%3Bdiv%20class%3D%26quot%3Bcsl-bib-body%26quot%3B%20style%3D%26quot%3Bline-height%3A%202%3B%20padding-left%3A%201em%3B%20text-indent%3A-1em%3B%26quot%3B%26gt%3B%5Cn%20%20%26lt%3Bdiv%20class%3D%26quot%3Bcsl-entry%26quot%3B%26gt%3B%26%23xC1%3Blvarez%20de%20Morales%2C%20C.%2C%20%26amp%3B%20Limbach%2C%20C.%20%282016%29.%20Evaluaci%26%23xF3%3Bn%20formativa%20y%20perfil%20de%20los%20usuarios%20con%20diversidad%20funcional%20visual%20en%20el%20proyecto%20DESAM.%20In%20%26lt%3Bi%26gt%3BPatrimonio%20cultural%20para%20todos.%20Investigaci%26%23xF3%3Bn%20aplicada%20en%20traducci%26%23xF3%3Bn%20accesible%26lt%3B%5C%2Fi%26gt%3B%20%28Vol.%207%2C%20pp.%2077%26%23x2013%3B98%29.%20Editorial%20Tragacanto.%20%26lt%3Ba%20class%3D%26%23039%3Bzp-ItemURL%26%23039%3B%20href%3D%26%23039%3Bhttps%3A%5C%2F%5C%2Frio.upo.es%5C%2Fxmlui%5C%2Fhandle%5C%2F10433%5C%2F6659%26%23039%3B%26gt%3Bhttps%3A%5C%2F%5C%2Frio.upo.es%5C%2Fxmlui%5C%2Fhandle%5C%2F10433%5C%2F6659%26lt%3B%5C%2Fa%26gt%3B%26lt%3B%5C%2Fdiv%26gt%3B%5Cn%26lt%3B%5C%2Fdiv%26gt%3B%22%2C%22data%22%3A%7B%22itemType%22%3A%22bookSection%22%2C%22title%22%3A%22Evaluaci%5Cu00f3n%20formativa%20y%20perfil%20de%20los%20usuarios%20con%20diversidad%20funcional%20visual%20en%20el%20proyecto%20DESAM%22%2C%22creators%22%3A%5B%7B%22creatorType%22%3A%22author%22%2C%22firstName%22%3A%22Cristina%22%2C%22lastName%22%3A%22%5Cu00c1lvarez%20de%20Morales%22%7D%2C%7B%22creatorType%22%3A%22author%22%2C%22firstName%22%3A%22Christiane%22%2C%22lastName%22%3A%22Limbach%22%7D%5D%2C%22abstractNote%22%3A%22%22%2C%22bookTitle%22%3A%22Patrimonio%20cultural%20para%20todos.%20Investigaci%5Cu00f3n%20aplicada%20en%20traducci%5Cu00f3n%20accesible%22%2C%22date%22%3A%222016%22%2C%22originalDate%22%3A%22%22%2C%22originalPublisher%22%3A%22%22%2C%22originalPlace%22%3A%22%22%2C%22format%22%3A%22%22%2C%22ISBN%22%3A%22978-84-943722-3-0%22%2C%22DOI%22%3A%22%22%2C%22citationKey%22%3A%22%22%2C%22url%22%3A%22https%3A%5C%2F%5C%2Frio.upo.es%5C%2Fxmlui%5C%2Fhandle%5C%2F10433%5C%2F6659%22%2C%22ISSN%22%3A%22%22%2C%22language%22%3A%22ES%22%2C%22collections%22%3A%5B%5D%2C%22dateModified%22%3A%222020-11-06T18%3A30%3A09Z%22%7D%7D%2C%7B%22key%22%3A%2244CDVWHY%22%2C%22library%22%3A%7B%22id%22%3A2580715%7D%2C%22meta%22%3A%7B%22lastModifiedByUser%22%3A%7B%22id%22%3A6987423%2C%22username%22%3A%22ChristianeLimbach%22%2C%22name%22%3A%22%22%2C%22links%22%3A%7B%22alternate%22%3A%7B%22href%22%3A%22https%3A%5C%2F%5C%2Fwww.zotero.org%5C%2Fchristianelimbach%22%2C%22type%22%3A%22text%5C%2Fhtml%22%7D%7D%7D%2C%22creatorSummary%22%3A%22Limbach%22%2C%22parsedDate%22%3A%222015%22%2C%22numChildren%22%3A1%7D%2C%22bib%22%3A%22%26lt%3Bdiv%20class%3D%26quot%3Bcsl-bib-body%26quot%3B%20style%3D%26quot%3Bline-height%3A%202%3B%20padding-left%3A%201em%3B%20text-indent%3A-1em%3B%26quot%3B%26gt%3B%5Cn%20%20%26lt%3Bdiv%20class%3D%26quot%3Bcsl-entry%26quot%3B%26gt%3BLimbach%2C%20C.%20%282015%29.%20Die%20Beschreibung%20von%20kulturellen%20Elementen%20in%20der%20Audiodeskription.%20In%20%26lt%3Bi%26gt%3BMigration%20und%20kulturelle%20Diversit%26%23xE4%3Bt%26lt%3B%5C%2Fi%26gt%3B%20%28pp.%20289%26%23x2013%3B299%29.%20Peter%20Lang.%20%26lt%3Ba%20class%3D%26%23039%3Bzp-ItemURL%26%23039%3B%20href%3D%26%23039%3Bhttps%3A%5C%2F%5C%2Fwww.peterlang.com%5C%2Fview%5C%2F9783653985764%5C%2Fchapter26.html%26%23039%3B%26gt%3Bhttps%3A%5C%2F%5C%2Fwww.peterlang.com%5C%2Fview%5C%2F9783653985764%5C%2Fchapter26.html%26lt%3B%5C%2Fa%26gt%3B%26lt%3B%5C%2Fdiv%26gt%3B%5Cn%26lt%3B%5C%2Fdiv%26gt%3B%22%2C%22data%22%3A%7B%22itemType%22%3A%22bookSection%22%2C%22title%22%3A%22Die%20Beschreibung%20von%20kulturellen%20Elementen%20in%20der%20Audiodeskription%22%2C%22creators%22%3A%5B%7B%22creatorType%22%3A%22author%22%2C%22firstName%22%3A%22Christiane%22%2C%22lastName%22%3A%22Limbach%22%7D%5D%2C%22abstractNote%22%3A%22%22%2C%22bookTitle%22%3A%22Migration%20und%20kulturelle%20Diversit%5Cu00e4t%22%2C%22date%22%3A%222015%22%2C%22originalDate%22%3A%22%22%2C%22originalPublisher%22%3A%22%22%2C%22originalPlace%22%3A%22%22%2C%22format%22%3A%22%22%2C%22ISBN%22%3A%22978-3-631-65189-6%22%2C%22DOI%22%3A%22%22%2C%22citationKey%22%3A%22%22%2C%22url%22%3A%22https%3A%5C%2F%5C%2Fwww.peterlang.com%5C%2Fview%5C%2F9783653985764%5C%2Fchapter26.html%22%2C%22ISSN%22%3A%22%22%2C%22language%22%3A%22DE%22%2C%22collections%22%3A%5B%5D%2C%22dateModified%22%3A%222020-10-18T14%3A08%3A07Z%22%7D%7D%2C%7B%22key%22%3A%22B3UU6P5E%22%2C%22library%22%3A%7B%22id%22%3A2580715%7D%2C%22meta%22%3A%7B%22lastModifiedByUser%22%3A%7B%22id%22%3A6987423%2C%22username%22%3A%22ChristianeLimbach%22%2C%22name%22%3A%22%22%2C%22links%22%3A%7B%22alternate%22%3A%7B%22href%22%3A%22https%3A%5C%2F%5C%2Fwww.zotero.org%5C%2Fchristianelimbach%22%2C%22type%22%3A%22text%5C%2Fhtml%22%7D%7D%7D%2C%22creatorSummary%22%3A%22Limbach%22%2C%22parsedDate%22%3A%222015%22%2C%22numChildren%22%3A2%7D%2C%22bib%22%3A%22%26lt%3Bdiv%20class%3D%26quot%3Bcsl-bib-body%26quot%3B%20style%3D%26quot%3Bline-height%3A%202%3B%20padding-left%3A%201em%3B%20text-indent%3A-1em%3B%26quot%3B%26gt%3B%5Cn%20%20%26lt%3Bdiv%20class%3D%26quot%3Bcsl-entry%26quot%3B%26gt%3BLimbach%2C%20C.%20%282015%29.%20The%20question%20of%20how%20to%20audio%20describe%20films%3A%20Objectivity%20vs.%20Neutrality.%20In%20%26lt%3Bi%26gt%3BInsight%20into%20Multimodal%20Translation%20and%20Accessibility%3A%20Present%20and%20Future%26lt%3B%5C%2Fi%26gt%3B%20%28Vol.%206%2C%20pp.%20137%26%23x2013%3B156%29.%20Ediciones%20Tragacanto.%20%26lt%3Ba%20class%3D%26%23039%3Bzp-ItemURL%26%23039%3B%20href%3D%26%23039%3Bhttps%3A%5C%2F%5C%2Frio.upo.es%5C%2Fxmlui%5C%2Fhandle%5C%2F10433%5C%2F6657%26%23039%3B%26gt%3Bhttps%3A%5C%2F%5C%2Frio.upo.es%5C%2Fxmlui%5C%2Fhandle%5C%2F10433%5C%2F6657%26lt%3B%5C%2Fa%26gt%3B%26lt%3B%5C%2Fdiv%26gt%3B%5Cn%26lt%3B%5C%2Fdiv%26gt%3B%22%2C%22data%22%3A%7B%22itemType%22%3A%22bookSection%22%2C%22title%22%3A%22The%20question%20of%20how%20to%20audio%20describe%20films%3A%20Objectivity%20vs.%20Neutrality%22%2C%22creators%22%3A%5B%7B%22creatorType%22%3A%22author%22%2C%22firstName%22%3A%22Christiane%22%2C%22lastName%22%3A%22Limbach%22%7D%5D%2C%22abstractNote%22%3A%22%22%2C%22bookTitle%22%3A%22Insight%20into%20Multimodal%20Translation%20and%20Accessibility%3A%20Present%20and%20Future%22%2C%22date%22%3A%222015%22%2C%22originalDate%22%3A%22%22%2C%22originalPublisher%22%3A%22%22%2C%22originalPlace%22%3A%22%22%2C%22format%22%3A%22%22%2C%22ISBN%22%3A%22978-84-943722-0-9%22%2C%22DOI%22%3A%22%22%2C%22citationKey%22%3A%22%22%2C%22url%22%3A%22https%3A%5C%2F%5C%2Frio.upo.es%5C%2Fxmlui%5C%2Fhandle%5C%2F10433%5C%2F6657%22%2C%22ISSN%22%3A%22%22%2C%22language%22%3A%22EN%22%2C%22collections%22%3A%5B%5D%2C%22dateModified%22%3A%222020-11-06T18%3A18%3A37Z%22%7D%7D%2C%7B%22key%22%3A%22VJ484INW%22%2C%22library%22%3A%7B%22id%22%3A2580715%7D%2C%22meta%22%3A%7B%22lastModifiedByUser%22%3A%7B%22id%22%3A6987423%2C%22username%22%3A%22ChristianeLimbach%22%2C%22name%22%3A%22%22%2C%22links%22%3A%7B%22alternate%22%3A%7B%22href%22%3A%22https%3A%5C%2F%5C%2Fwww.zotero.org%5C%2Fchristianelimbach%22%2C%22type%22%3A%22text%5C%2Fhtml%22%7D%7D%7D%2C%22creatorSummary%22%3A%22Limbach%22%2C%22parsedDate%22%3A%222014%22%2C%22numChildren%22%3A2%7D%2C%22bib%22%3A%22%26lt%3Bdiv%20class%3D%26quot%3Bcsl-bib-body%26quot%3B%20style%3D%26quot%3Bline-height%3A%202%3B%20padding-left%3A%201em%3B%20text-indent%3A-1em%3B%26quot%3B%26gt%3B%5Cn%20%20%26lt%3Bdiv%20class%3D%26quot%3Bcsl-entry%26quot%3B%26gt%3BLimbach%2C%20C.%20%282014%29.%20H%26%23xF6%3Brfilme%20und%20Interkulturalit%26%23xE4%3Bt.%20%26lt%3Bi%26gt%3BmAGAzin.%20Revista%20de%20German%26%23xED%3Bstica%20Intercultural%26lt%3B%5C%2Fi%26gt%3B%2C%20%2822%29%2C%2022%26%23x2013%3B27.%20%26lt%3Ba%20class%3D%26%23039%3Bzp-DOIURL%26%23039%3B%20href%3D%26%23039%3Bhttps%3A%5C%2F%5C%2Fdoi.org%5C%2F10.12795%5C%2FmAGAzin.2014.i22.03%26%23039%3B%26gt%3Bhttps%3A%5C%2F%5C%2Fdoi.org%5C%2F10.12795%5C%2FmAGAzin.2014.i22.03%26lt%3B%5C%2Fa%26gt%3B%26lt%3B%5C%2Fdiv%26gt%3B%5Cn%26lt%3B%5C%2Fdiv%26gt%3B%22%2C%22data%22%3A%7B%22itemType%22%3A%22journalArticle%22%2C%22title%22%3A%22H%5Cu00f6rfilme%20und%20Interkulturalit%5Cu00e4t%22%2C%22creators%22%3A%5B%7B%22creatorType%22%3A%22author%22%2C%22firstName%22%3A%22Christiane%22%2C%22lastName%22%3A%22Limbach%22%7D%5D%2C%22abstractNote%22%3A%22H%5Cu00f6rfilme%20werden%20als%20audiovisuelle%20Produkte%20in%20vielen%20Kulturgemeinschaften%20produziert.%20Wie%20allerdings%20ver%5Cu00e4ndern%20sich%20die%20Beschreibungen%20von%20kulturellen%20Elementen%20eines%20Films%20in%20den%20unterschiedlichen%20H%5Cu00f6rfilmversionen%2C%20also%20in%20den%20unterschiedlichen%20Spra-%20chen%3F%20Diese%20Fragestellung%20soll%20in%20diesem%20Artikel%20anhand%20von%20Praxisbeispielen%20unter-%20sucht%20werden.%20Mit%20einbezogen%20werden%20hierbei%20%5Cu00fcbersetzungswissenschaftliche%20Theo-%20rien%2C%20die%20bei%20der%20Beschreibung%20der%20Bilder%20eines%20Films%20als%20theoretische%20Grundlage%20herangezogen%20werden%20k%5Cu00f6nnen.%22%2C%22date%22%3A%222014%22%2C%22section%22%3A%22%22%2C%22partNumber%22%3A%22%22%2C%22partTitle%22%3A%22%22%2C%22DOI%22%3A%2210.12795%5C%2FmAGAzin.2014.i22.03%22%2C%22citationKey%22%3A%22%22%2C%22url%22%3A%22https%3A%5C%2F%5C%2Frevistascientificas.us.es%5C%2Findex.php%5C%2FmAGAzin%5C%2Farticle%5C%2Fview%5C%2F7597%5C%2F0%22%2C%22PMID%22%3A%22%22%2C%22PMCID%22%3A%22%22%2C%22ISSN%22%3A%221136-677X%22%2C%22language%22%3A%22DE%22%2C%22collections%22%3A%5B%5D%2C%22dateModified%22%3A%222020-11-06T18%3A18%3A16Z%22%7D%7D%2C%7B%22key%22%3A%22T7MQSWYR%22%2C%22library%22%3A%7B%22id%22%3A2580715%7D%2C%22meta%22%3A%7B%22creatorSummary%22%3A%22Limbach%22%2C%22parsedDate%22%3A%222013%22%2C%22numChildren%22%3A1%7D%2C%22bib%22%3A%22%26lt%3Bdiv%20class%3D%26quot%3Bcsl-bib-body%26quot%3B%20style%3D%26quot%3Bline-height%3A%202%3B%20padding-left%3A%201em%3B%20text-indent%3A-1em%3B%26quot%3B%26gt%3B%5Cn%20%20%26lt%3Bdiv%20class%3D%26quot%3Bcsl-entry%26quot%3B%26gt%3BLimbach%2C%20C.%20%282013%29.%20%26lt%3Bi%26gt%3BLa%20neutralidad%20en%20la%20audiodescripci%26%23xF3%3Bn%20f%26%23xED%3Blmica%20desde%20un%20punto%20de%20vista%20traductol%26%23xF3%3Bgico%26lt%3B%5C%2Fi%26gt%3B.%20Editorial%20Universidad%20de%20Granada.%20%26lt%3Ba%20class%3D%26%23039%3Bzp-ItemURL%26%23039%3B%20href%3D%26%23039%3Bhttps%3A%5C%2F%5C%2Fdialnet.unirioja.es%5C%2Fservlet%5C%2Flibro%3Fcodigo%3D733418%26%23039%3B%26gt%3Bhttps%3A%5C%2F%5C%2Fdialnet.unirioja.es%5C%2Fservlet%5C%2Flibro%3Fcodigo%3D733418%26lt%3B%5C%2Fa%26gt%3B%26lt%3B%5C%2Fdiv%26gt%3B%5Cn%26lt%3B%5C%2Fdiv%26gt%3B%22%2C%22data%22%3A%7B%22itemType%22%3A%22book%22%2C%22title%22%3A%22La%20neutralidad%20en%20la%20audiodescripci%5Cu00f3n%20f%5Cu00edlmica%20desde%20un%20punto%20de%20vista%20traductol%5Cu00f3gico%22%2C%22creators%22%3A%5B%7B%22creatorType%22%3A%22author%22%2C%22firstName%22%3A%22Christiane%22%2C%22lastName%22%3A%22Limbach%22%7D%5D%2C%22abstractNote%22%3A%22%22%2C%22date%22%3A%222013%22%2C%22originalDate%22%3A%22%22%2C%22originalPublisher%22%3A%22%22%2C%22originalPlace%22%3A%22%22%2C%22format%22%3A%22%22%2C%22ISBN%22%3A%22978-84-9028-403-2%22%2C%22DOI%22%3A%22%22%2C%22citationKey%22%3A%22%22%2C%22url%22%3A%22https%3A%5C%2F%5C%2Fdialnet.unirioja.es%5C%2Fservlet%5C%2Flibro%3Fcodigo%3D733418%22%2C%22ISSN%22%3A%22%22%2C%22language%22%3A%22ES%22%2C%22collections%22%3A%5B%5D%2C%22dateModified%22%3A%222020-11-06T18%3A20%3A55Z%22%7D%7D%2C%7B%22key%22%3A%22C39YDJNG%22%2C%22library%22%3A%7B%22id%22%3A2580715%7D%2C%22meta%22%3A%7B%22lastModifiedByUser%22%3A%7B%22id%22%3A6987423%2C%22username%22%3A%22ChristianeLimbach%22%2C%22name%22%3A%22%22%2C%22links%22%3A%7B%22alternate%22%3A%7B%22href%22%3A%22https%3A%5C%2F%5C%2Fwww.zotero.org%5C%2Fchristianelimbach%22%2C%22type%22%3A%22text%5C%2Fhtml%22%7D%7D%7D%2C%22creatorSummary%22%3A%22Limbach%22%2C%22parsedDate%22%3A%222013%22%2C%22numChildren%22%3A1%7D%2C%22bib%22%3A%22%26lt%3Bdiv%20class%3D%26quot%3Bcsl-bib-body%26quot%3B%20style%3D%26quot%3Bline-height%3A%202%3B%20padding-left%3A%201em%3B%20text-indent%3A-1em%3B%26quot%3B%26gt%3B%5Cn%20%20%26lt%3Bdiv%20class%3D%26quot%3Bcsl-entry%26quot%3B%26gt%3BLimbach%2C%20C.%20%282013%29.%20El%20aspecto%20de%20la%20neutralidad%20en%20la%20audiodescripci%26%23xF3%3Bn%20f%26%23xED%3Blmica.%20In%20%26lt%3Bi%26gt%3BArjonilla%2C%20Emilio%20%28ed.%29.%20La%20traducci%26%23xF3%3Bn%20de%20la%28s%29%20Cultura%28s%29%3A%20Retos%20te%26%23xF3%3Bricos%20y%20aplicaciones%20pr%26%23xE1%3Bcticas.%20Eugene%20A.%20Nida%20in%20memoriam.%26lt%3B%5C%2Fi%26gt%3B%20%28Vol.%205%2C%20pp.%20793%26%23x2013%3B806%29.%20Comares.%20%26lt%3Ba%20class%3D%26%23039%3Bzp-ItemURL%26%23039%3B%20href%3D%26%23039%3Bhttps%3A%5C%2F%5C%2Frio.upo.es%5C%2Fxmlui%5C%2Fbitstream%5C%2Fhandle%5C%2F10433%5C%2F6656%5C%2F056%2520Limbach.pdf%3Fsequence%3D1%26amp%3BisAllowed%3Dy%26%23039%3B%26gt%3Bhttps%3A%5C%2F%5C%2Frio.upo.es%5C%2Fxmlui%5C%2Fbitstream%5C%2Fhandle%5C%2F10433%5C%2F6656%5C%2F056%2520Limbach.pdf%3Fsequence%3D1%26amp%3BisAllowed%3Dy%26lt%3B%5C%2Fa%26gt%3B%26lt%3B%5C%2Fdiv%26gt%3B%5Cn%26lt%3B%5C%2Fdiv%26gt%3B%22%2C%22data%22%3A%7B%22itemType%22%3A%22bookSection%22%2C%22title%22%3A%22El%20aspecto%20de%20la%20neutralidad%20en%20la%20audiodescripci%5Cu00f3n%20f%5Cu00edlmica.%22%2C%22creators%22%3A%5B%7B%22creatorType%22%3A%22author%22%2C%22firstName%22%3A%22Christiane%22%2C%22lastName%22%3A%22Limbach%22%7D%5D%2C%22abstractNote%22%3A%22El%20aspecto%20de%20la%20neutralidad%20en%20la%20audiodescripci%5Cu00f3n%20f%5Cu00edlmica.%22%2C%22bookTitle%22%3A%22Arjonilla%2C%20Emilio%20%28ed.%29.%20La%20traducci%5Cu00f3n%20de%20la%28s%29%20Cultura%28s%29%3A%20Retos%20te%5Cu00f3ricos%20y%20aplicaciones%20pr%5Cu00e1cticas.%20Eugene%20A.%20Nida%20in%20memoriam.%22%2C%22date%22%3A%222013%22%2C%22originalDate%22%3A%22%22%2C%22originalPublisher%22%3A%22%22%2C%22originalPlace%22%3A%22%22%2C%22format%22%3A%22%22%2C%22ISBN%22%3A%22978-84-9045-050-5%22%2C%22DOI%22%3A%22%22%2C%22citationKey%22%3A%22%22%2C%22url%22%3A%22https%3A%5C%2F%5C%2Frio.upo.es%5C%2Fxmlui%5C%2Fbitstream%5C%2Fhandle%5C%2F10433%5C%2F6656%5C%2F056%2520Limbach.pdf%3Fsequence%3D1%26isAllowed%3Dy%22%2C%22ISSN%22%3A%22%22%2C%22language%22%3A%22ES%22%2C%22collections%22%3A%5B%5D%2C%22dateModified%22%3A%222020-11-06T18%3A27%3A33Z%22%7D%7D%2C%7B%22key%22%3A%223GH4X7MI%22%2C%22library%22%3A%7B%22id%22%3A2580715%7D%2C%22meta%22%3A%7B%22creatorSummary%22%3A%22%5Cu00c1lvarez%20de%20Morales%20et%20al.%22%2C%22parsedDate%22%3A%222012%22%2C%22numChildren%22%3A1%7D%2C%22bib%22%3A%22%26lt%3Bdiv%20class%3D%26quot%3Bcsl-bib-body%26quot%3B%20style%3D%26quot%3Bline-height%3A%202%3B%20padding-left%3A%201em%3B%20text-indent%3A-1em%3B%26quot%3B%26gt%3B%5Cn%20%20%26lt%3Bdiv%20class%3D%26quot%3Bcsl-entry%26quot%3B%26gt%3B%26%23xC1%3Blvarez%20de%20Morales%2C%20C.%2C%20Limbach%2C%20C.%2C%20%26amp%3B%20Luque%2C%20M.%20O.%20%282012%29.%20%26lt%3Bi%26gt%3BAccesibilidad%20en%20la%20nueva%20era%20de%20las%20comunicaciones.%20Profesionales%20y%20universidad%3A%20un%20di%26%23xE1%3Blogo%20imprescindible%26lt%3B%5C%2Fi%26gt%3B%20%28Vol.%205%29.%20Tragacanto.%20%26lt%3Ba%20class%3D%26%23039%3Bzp-ItemURL%26%23039%3B%20href%3D%26%23039%3Bhttps%3A%5C%2F%5C%2Ftragacanto.es%5C%2Fnode%5C%2F104%26%23039%3B%26gt%3Bhttps%3A%5C%2F%5C%2Ftragacanto.es%5C%2Fnode%5C%2F104%26lt%3B%5C%2Fa%26gt%3B%26lt%3B%5C%2Fdiv%26gt%3B%5Cn%26lt%3B%5C%2Fdiv%26gt%3B%22%2C%22data%22%3A%7B%22itemType%22%3A%22book%22%2C%22title%22%3A%22Accesibilidad%20en%20la%20nueva%20era%20de%20las%20comunicaciones.%20Profesionales%20y%20universidad%3A%20un%20di%5Cu00e1logo%20imprescindible%22%2C%22creators%22%3A%5B%7B%22creatorType%22%3A%22author%22%2C%22firstName%22%3A%22Cristina%22%2C%22lastName%22%3A%22%5Cu00c1lvarez%20de%20Morales%22%7D%2C%7B%22creatorType%22%3A%22author%22%2C%22firstName%22%3A%22Christiane%22%2C%22lastName%22%3A%22Limbach%22%7D%2C%7B%22creatorType%22%3A%22author%22%2C%22firstName%22%3A%22Maria%20Olalla%22%2C%22lastName%22%3A%22Luque%22%7D%5D%2C%22abstractNote%22%3A%22Este%20libro%20recoge%20la%20relaci%5Cu00f3n%20entre%20acad%5Cu00e9micos%20y%20profesionales%20de%20la%20traducci%5Cu00f3n%20y%20la%20accesibilidad.%20Ambas%20comienzan%20a%20entenderse%20en%20la%20sociedad%20actual%20como%20un%20factor%20indispensable%20para%20la%20convivencia%20y%20adaptaci%5Cu00f3n%20de%20todo%20texto%20multimodal%20a%20las%20necesidades%20espec%5Cu00edficas%20de%20cada%20grupo%20social%2C%20independientemente%20de%20sus%20habilidades%2C%20discapacidades%20y%20lenguas.%20La%20decisi%5Cu00f3n%20de%20instaurar%20un%20di%5Cu00e1logo%20entre%20el%20usuario%20y%20el%20museo%2C%20entre%20los%20medios%20y%20su%20audiencia%2C%20como%20el%20que%20plantea%20este%20libro%2C%20ha%20permitido%20el%20desarrollo%20de%20estrategias%20interactivas%20que%20potencian%20la%20motivaci%5Cu00f3n%20del%20p%5Cu00fablico%2C%20independiente%20de%20sus%20habilidades%2C%20y%20le%20permite%20acercarse%20a%20los%20objetos%20de%20conocimiento.%22%2C%22date%22%3A%222012%22%2C%22originalDate%22%3A%22%22%2C%22originalPublisher%22%3A%22%22%2C%22originalPlace%22%3A%22%22%2C%22format%22%3A%22%22%2C%22ISBN%22%3A%22978-84-936780-9-8%22%2C%22DOI%22%3A%22%22%2C%22citationKey%22%3A%22%22%2C%22url%22%3A%22https%3A%5C%2F%5C%2Ftragacanto.es%5C%2Fnode%5C%2F104%22%2C%22ISSN%22%3A%22%22%2C%22language%22%3A%22ES%22%2C%22collections%22%3A%5B%5D%2C%22dateModified%22%3A%222021-02-01T16%3A04%3A21Z%22%7D%7D%2C%7B%22key%22%3A%22TMDXJWW3%22%2C%22library%22%3A%7B%22id%22%3A2580715%7D%2C%22meta%22%3A%7B%22lastModifiedByUser%22%3A%7B%22id%22%3A7067795%2C%22username%22%3A%22anamedinareguera%22%2C%22name%22%3A%22Ana%20Medina%20Reguera%22%2C%22links%22%3A%7B%22alternate%22%3A%7B%22href%22%3A%22https%3A%5C%2F%5C%2Fwww.zotero.org%5C%2Fanamedinareguera%22%2C%22type%22%3A%22text%5C%2Fhtml%22%7D%7D%7D%2C%22creatorSummary%22%3A%22Limbach%22%2C%22parsedDate%22%3A%222012%22%2C%22numChildren%22%3A1%7D%2C%22bib%22%3A%22%26lt%3Bdiv%20class%3D%26quot%3Bcsl-bib-body%26quot%3B%20style%3D%26quot%3Bline-height%3A%202%3B%20padding-left%3A%201em%3B%20text-indent%3A-1em%3B%26quot%3B%26gt%3B%5Cn%20%20%26lt%3Bdiv%20class%3D%26quot%3Bcsl-entry%26quot%3B%26gt%3BLimbach%2C%20C.%20%282012%29.%20Die%20Neutralit%26%23xE4%3Bt%20in%20der%20Audiodeskription%3A%20Eine%20Ann%26%23xE4%3Bherung%20aus%20%26%23xFC%3Bbersetzungswissenschaftlicher%20Sicht.%20In%20%26lt%3Bi%26gt%3BAccesibilidad%20en%20la%20nueva%20era%20de%20las%20comunicaciones.%20Profesionales%20y%20universidad%3A%20un%20di%26%23xE1%3Blogo%20imprescindible%26lt%3B%5C%2Fi%26gt%3B%20%28Vol.%205%2C%20pp.%2027%26%23x2013%3B46%29.%20Comares.%20%26lt%3Ba%20class%3D%26%23039%3Bzp-ItemURL%26%23039%3B%20href%3D%26%23039%3Bhttps%3A%5C%2F%5C%2Frio.upo.es%5C%2Fxmlui%5C%2Fhandle%5C%2F10433%5C%2F8862%26%23039%3B%26gt%3Bhttps%3A%5C%2F%5C%2Frio.upo.es%5C%2Fxmlui%5C%2Fhandle%5C%2F10433%5C%2F8862%26lt%3B%5C%2Fa%26gt%3B%26lt%3B%5C%2Fdiv%26gt%3B%5Cn%26lt%3B%5C%2Fdiv%26gt%3B%22%2C%22data%22%3A%7B%22itemType%22%3A%22bookSection%22%2C%22title%22%3A%22Die%20Neutralit%5Cu00e4t%20in%20der%20Audiodeskription%3A%20Eine%20Ann%5Cu00e4herung%20aus%20%5Cu00fcbersetzungswissenschaftlicher%20Sicht.%22%2C%22creators%22%3A%5B%7B%22creatorType%22%3A%22author%22%2C%22firstName%22%3A%22Christiane%22%2C%22lastName%22%3A%22Limbach%22%7D%5D%2C%22abstractNote%22%3A%22La%20Accesibilidad%20en%20los%20medios%20de%20comunicaci%5Cu00f3n%20y%20en%20el%20museo%20comienza%20a%20entenderse%20en%20la%20sociedad%20actual%20como%20un%20factor%20indispensable%20para%20la%20convivencia%20y%20adaptaci%5Cu00f3n%20de%20todo%20texto%20multimoda%20a%20las%20necesidades%20espec%5Cu00edficas%20de%20cada%20grupo%20social%2C%20independientemente%20de%20sus%20habilidades%2C%20discapacidades%20y%20lenguas.%20La%20decisi%5Cu00f3n%20de%20instaurar%20un%20di%5Cu00e1logo%20entre%20el%20usuario%20y%20el%20museo%2C%20entre%20los%20medios%20y%20su%20audiencia%2C%20ha%20permitido%20el%20desarrollo%20de%20estrategias%20interactivas%20que%20potencian%20la%20motivaci%5Cu00f3n%20del%20p%5Cu00fablico%2C%20independientemente%20de%20sus%20habilidades%2C%20y%20le%20permite%20acercarse%20a%20los%20objetos%20de%20conocimiento.%20Este%20libro%20da%20a%20conocer%20la%20situaci%5Cu00f3n%20actual%20de%20la%20accesibilidad%20en%20los%20medios%20de%20comunicaci%5Cu00f3n%20tanto%20en%20el%20%5Cu00e1mbito%20nacional%20como%20internacional%20convirti%5Cu00e9ndose%20en%20referencia%20obligada%20para%20quienes%20est%5Cu00e1n%20interesados%20en%20estas%20cuestiones.%20Va%20dirigido%20a%20expertos%2C%20tanto%20del%20mundo%20acad%5Cu00e9mico%20como%20profesional%20y%20tambi%5Cu00e9n%20a%20mediadores%20y%20usuarios.%20Con%20%5Cu00e9l%20se%20pretende%20dar%20difusi%5Cu00f3n%20a%20la%20situaci%5Cu00f3n%20actual%20de%20la%20accesibilidad%20y%20su%20desarrollo%20en%20un%20futuro%20muy%20cercano.%22%2C%22bookTitle%22%3A%22Accesibilidad%20en%20la%20nueva%20era%20de%20las%20comunicaciones.%20Profesionales%20y%20universidad%3A%20un%20di%5Cu00e1logo%20imprescindible%22%2C%22date%22%3A%222012%22%2C%22originalDate%22%3A%22%22%2C%22originalPublisher%22%3A%22%22%2C%22originalPlace%22%3A%22%22%2C%22format%22%3A%22%22%2C%22ISBN%22%3A%2284-936-780-9-8%22%2C%22DOI%22%3A%22%22%2C%22citationKey%22%3A%22%22%2C%22url%22%3A%22https%3A%5C%2F%5C%2Frio.upo.es%5C%2Fxmlui%5C%2Fhandle%5C%2F10433%5C%2F8862%22%2C%22ISSN%22%3A%22%22%2C%22language%22%3A%22DE%22%2C%22collections%22%3A%5B%5D%2C%22dateModified%22%3A%222020-10-20T10%3A44%3A06Z%22%7D%7D%5D%7D<\/span>\n\n\t\t\t\t<div id=\"zp-ID-92-2580715-4TCWIUT3\" data-zp-author-date='Otal-and-Limbach-2026-02-16' data-zp-date-author='2026-02-16-Otal-and-Limbach' data-zp-date='2026-02-16' data-zp-year='2026' data-zp-itemtype='journalArticle' class=\"zp-Entry zpSearchResultsItem\">\n<div class=\"csl-bib-body\" style=\"line-height: 2; padding-left: 1em; text-indent:-1em;\">\n  <div class=\"csl-entry\">Otal, J. C., & Limbach, C. (2026). Neuronale maschinelle und KI-generierte \u00dcbersetzungen: Versuch einer Kategorisierung von St\u00e4rken und Schw\u00e4chen in der Sprachkombination Spanisch-Deutsch. <i>Lebende Sprachen<\/i>, 1\u201327. <a class=&#039;zp-DOIURL&#039; href=&#039;https:\/\/doi.org\/10.1515\/les-2025-0055&#039;>https:\/\/doi.org\/10.1515\/les-2025-0055<\/a><\/div>\n<\/div>\n\t\t\t\t<\/div><!-- .zp-Entry .zpSearchResultsItem -->\t\t\t\t<div id=\"zp-ID-92-2580715-NRF38DPP\" data-zp-author-date='Limbach-2025-12-16' data-zp-date-author='2025-12-16-Limbach' data-zp-date='2025-12-16' data-zp-year='2025' data-zp-itemtype='journalArticle' class=\"zp-Entry zpSearchResultsItem\">\n<div class=\"csl-bib-body\" style=\"line-height: 2; padding-left: 1em; text-indent:-1em;\">\n  <div class=\"csl-entry\">Limbach, C. (2025). Barrierefreies \u00dcbersetzen in Museen: \u00dcbersetzungsphasen bei der Erstellung eines inklusiven Audioguides f\u00fcr Sehgesch\u00e4digte und Blinde anhand eines Fallbeispiels. <i>Glottodidactica<\/i>, <i>52<\/i>(2), 185\u2013204. <a class=&#039;zp-DOIURL&#039; href=&#039;https:\/\/doi.org\/10.14746\/gl.2025.52.2.9&#039;>https:\/\/doi.org\/10.14746\/gl.2025.52.2.9<\/a><\/div>\n<\/div>\n\t\t\t\t<\/div><!-- .zp-Entry .zpSearchResultsItem -->\t\t\t\t<div id=\"zp-ID-92-2580715-3XJHQFJN\" data-zp-author-date='Limbach-2025-12-06' data-zp-date-author='2025-12-06-Limbach' data-zp-date='2025-12-06' data-zp-year='2025' data-zp-itemtype='journalArticle' class=\"zp-Entry zpSearchResultsItem\">\n<div class=\"csl-bib-body\" style=\"line-height: 2; padding-left: 1em; text-indent:-1em;\">\n  <div class=\"csl-entry\">Limbach, C. (2025). Spanish-to-German Translations of Olive Oil Export Company Websites: a Focus on Geographical Indication and Olive Oil Category terminology. <i>HERMES - Journal of Language and Communication in Business<\/i>, (65), 99\u2013114. <a class=&#039;zp-DOIURL&#039; href=&#039;https:\/\/doi.org\/10.7146\/hjlcb.vi65.158441&#039;>https:\/\/doi.org\/10.7146\/hjlcb.vi65.158441<\/a><\/div>\n<\/div>\n\t\t\t\t<\/div><!-- .zp-Entry .zpSearchResultsItem -->\t\t\t\t<div id=\"zp-ID-92-2580715-HJ9HQJVD\" data-zp-author-date='Limbach-and-Stender-2023-03-21' data-zp-date-author='2023-03-21-Limbach-and-Stender' data-zp-date='2023-03-21' data-zp-year='2023' data-zp-itemtype='bookSection' class=\"zp-Entry zpSearchResultsItem\">\n<div class=\"csl-bib-body\" style=\"line-height: 2; padding-left: 1em; text-indent:-1em;\">\n  <div class=\"csl-entry\">Limbach, C., & Stender, A. (2023). The Portrayal of Interpreters in Audiovisual Texts, Illustrated by the Character of Missandei in the TV Series Game of Thrones. In <i>Game of Thrones \u2013 A View from the Humanities: Vol. 1<\/i> (pp. 301\u2013320). Palgrave Macmillan.<\/div>\n<\/div>\n\t\t\t\t<\/div><!-- .zp-Entry .zpSearchResultsItem -->\t\t\t\t<div id=\"zp-ID-92-2580715-Z5NZ4PI6\" data-zp-author-date='Stender-and-Limbach-2022-02-27' data-zp-date-author='2022-02-27-Stender-and-Limbach' data-zp-date='2022-02-27' data-zp-year='2022' data-zp-itemtype='journalArticle' class=\"zp-Entry zpSearchResultsItem\">\n<div class=\"csl-bib-body\" style=\"line-height: 2; padding-left: 1em; text-indent:-1em;\">\n  <div class=\"csl-entry\">Stender, A., & Limbach, C. (2022). Career opportunities in the field of translation and interpreting, illustrated by the character of Missandei in the series Game of Thrones. <i>Entreculturas<\/i>, <i>12<\/i>, 57\u201368. <a class=&#039;zp-DOIURL&#039; href=&#039;https:\/\/doi.org\/https:\/\/doi.org\/10.24310\/Entreculturasertci.vi12.13579&#039;>https:\/\/doi.org\/https:\/\/doi.org\/10.24310\/Entreculturasertci.vi12.13579<\/a><\/div>\n<\/div>\n\t\t\t\t<\/div><!-- .zp-Entry .zpSearchResultsItem -->\t\t\t\t<div id=\"zp-ID-92-2580715-PB8UR8JF\" data-zp-author-date='Limbach-2021' data-zp-date-author='2021-Limbach' data-zp-date='2021' data-zp-year='2021' data-zp-itemtype='bookSection' class=\"zp-Entry zpSearchResultsItem\">\n<div class=\"csl-bib-body\" style=\"line-height: 2; padding-left: 1em; text-indent:-1em;\">\n  <div class=\"csl-entry\">Limbach, C. (2021). Barrierefreiheit: ein wachsender Arbeitsmarkt f\u00fcr \u00dcbersetzer am Beispiel von Deutschland. In <i>Arbeitswelten von gestern bis heute. Neue Studien in der Germanistik, \u00dcbersetzungswissenschaft und DaF<\/i> (pp. 137\u2013161). Peter Lang.<\/div>\n<\/div>\n\t\t\t\t<\/div><!-- .zp-Entry .zpSearchResultsItem -->\t\t\t\t<div id=\"zp-ID-92-2580715-XMEP9MC8\" data-zp-author-date='Stender-and-Limbach-2021' data-zp-date-author='2021-Stender-and-Limbach' data-zp-date='2021' data-zp-year='2021' data-zp-itemtype='bookSection' class=\"zp-Entry zpSearchResultsItem\">\n<div class=\"csl-bib-body\" style=\"line-height: 2; padding-left: 1em; text-indent:-1em;\">\n  <div class=\"csl-entry\">Stender, A., & Limbach, C. (2021). The case of the interpreter Missandei in the series Game of Thrones approached from different ethical codes. In <i>Tendencias Actuales en Traducci\u00f3n Especializada, Traducci\u00f3n Audiovisual y Accesibilidad<\/i> (Barcel\u00f3 Mart\u00ednez, T.,\u00a0 Delgado Pug\u00e9s, I., Garc\u00eda Luque, F., pp. 505\u2013519). Tirant Lo Blanch.<\/div>\n<\/div>\n\t\t\t\t<\/div><!-- .zp-Entry .zpSearchResultsItem -->\t\t\t\t<div id=\"zp-ID-92-2580715-RGZAA22W\" data-zp-author-date='Limbach-2020' data-zp-date-author='2020-Limbach' data-zp-date='2020' data-zp-year='2020' data-zp-itemtype='bookSection' class=\"zp-Entry zpSearchResultsItem\">\n<div class=\"csl-bib-body\" style=\"line-height: 2; padding-left: 1em; text-indent:-1em;\">\n  <div class=\"csl-entry\">Limbach, C. (2020). Game of Thrones\u2019 Missandei - Ihr Weg als Dolmetscherin und Beraterin. In <i>From Page to Screen. Modification or misrepresentation of female characters in the media \/ Vom Buch zum Film. Ver\u00e4nderung oder Verf\u00e4lschung weiblicher Figuren in den Medien.<\/i> (Vol. 6, pp. 129\u2013158). Narr Francke Attempto. <a class=&#039;zp-ItemURL&#039; href=&#039;https:\/\/www.narr.de\/from-page-to-screen-vom-buch-zum-film-18367-1\/&#039;>https:\/\/www.narr.de\/from-page-to-screen-vom-buch-zum-film-18367-1\/<\/a><\/div>\n<\/div>\n\t\t\t\t<\/div><!-- .zp-Entry .zpSearchResultsItem -->\t\t\t\t<div id=\"zp-ID-92-2580715-9BXVGBJ8\" data-zp-author-date='Limbach-2019-01-16' data-zp-date-author='2019-01-16-Limbach' data-zp-date='2019-01-16' data-zp-year='2019' data-zp-itemtype='interview' class=\"zp-Entry zpSearchResultsItem\">\n<div class=\"csl-bib-body\" style=\"line-height: 2; padding-left: 1em; text-indent:-1em;\">\n  <div class=\"csl-entry\">Limbach, C. (2019, January 16). <i>Interview with Linguist Christiane Limbach<\/i> [Internet]. <a class=&#039;zp-ItemURL&#039; href=&#039;https:\/\/termcoord.eu\/2019\/01\/interview-with-linguist-christiane-limbach\/&#039;>https:\/\/termcoord.eu\/2019\/01\/interview-with-linguist-christiane-limbach\/<\/a><\/div>\n<\/div>\n\t\t\t\t<\/div><!-- .zp-Entry .zpSearchResultsItem -->\t\t\t\t<div id=\"zp-ID-92-2580715-8QGRU6MA\" data-zp-author-date='Limbach-2019' data-zp-date-author='2019-Limbach' data-zp-date='2019' data-zp-year='2019' data-zp-itemtype='bookSection' class=\"zp-Entry zpSearchResultsItem\">\n<div class=\"csl-bib-body\" style=\"line-height: 2; padding-left: 1em; text-indent:-1em;\">\n  <div class=\"csl-entry\">Limbach, C. (2019). Teilkompetenzdiagnostik: H\u00f6ren. In S. Adamczak-Krystofowicz (Ed.), <i>Sprachdiagnostik. Deutsch als Zweitsprache<\/i> (Vol. 2, pp. 387\u2013411). De Gruyter. <a class=&#039;zp-ItemURL&#039; href=&#039;https:\/\/www.degruyter.com\/view\/title\/510313&#039;>https:\/\/www.degruyter.com\/view\/title\/510313<\/a><\/div>\n<\/div>\n\t\t\t\t<\/div><!-- .zp-Entry .zpSearchResultsItem -->\t\t\t\t<div id=\"zp-ID-92-2580715-LJHTY34F\" data-zp-author-date='Limbach-and-\u00c1lvarez-Garc\u00eda-2019' data-zp-date-author='2019-Limbach-and-\u00c1lvarez-Garc\u00eda' data-zp-date='2019' data-zp-year='2019' data-zp-itemtype='bookSection' class=\"zp-Entry zpSearchResultsItem\">\n<div class=\"csl-bib-body\" style=\"line-height: 2; padding-left: 1em; text-indent:-1em;\">\n  <div class=\"csl-entry\">Limbach, C., & \u00c1lvarez-Garc\u00eda, C. (2019). Fehleranalyse und didaktische Vorschl\u00e4ge f\u00fcr die Qualit\u00e4tssteigerung beim bilateralen konsekutiven Dolmetschen. In <i>Traducci\u00f3n y Sostenibilidad cultural: sustrato, fundamentos y aplicaciones<\/i> (pp. 241\u2013251). Ediciones Universidad de Salamanca. <a class=&#039;zp-ItemURL&#039; href=&#039;https:\/\/rio.upo.es\/xmlui\/handle\/10433\/8086&#039;>https:\/\/rio.upo.es\/xmlui\/handle\/10433\/8086<\/a><\/div>\n<\/div>\n\t\t\t\t<\/div><!-- .zp-Entry .zpSearchResultsItem -->\t\t\t\t<div id=\"zp-ID-92-2580715-3K43EDXG\" data-zp-author-date='\u00c1lvarez-Garc\u00eda-and-Limbach-2019' data-zp-date-author='2019-\u00c1lvarez-Garc\u00eda-and-Limbach' data-zp-date='2019' data-zp-year='2019' data-zp-itemtype='journalArticle' class=\"zp-Entry zpSearchResultsItem\">\n<div class=\"csl-bib-body\" style=\"line-height: 2; padding-left: 1em; text-indent:-1em;\">\n  <div class=\"csl-entry\">\u00c1lvarez-Garc\u00eda, C., & Limbach, C. (2019). La interpretaci\u00f3n bilateral en el \u00e1mbito tur\u00edstico: evaluaci\u00f3n. <i>Futhark. Revista de investigaci\u00f3n y cultura<\/i>, (14).<\/div>\n<\/div>\n\t\t\t\t<\/div><!-- .zp-Entry .zpSearchResultsItem -->\t\t\t\t<div id=\"zp-ID-92-2580715-I9MR723K\" data-zp-author-date='Limbach-2019' data-zp-date-author='2019-Limbach' data-zp-date='2019' data-zp-year='2019' data-zp-itemtype='bookSection' class=\"zp-Entry zpSearchResultsItem\">\n<div class=\"csl-bib-body\" style=\"line-height: 2; padding-left: 1em; text-indent:-1em;\">\n  <div class=\"csl-entry\">Limbach, C. (2019). Algunas reflexiones acerca de las traducciones al alem\u00e1n de la obra lorquiana Bodas de sangre: Beck y Wittkopf. In <i>Lorca, dramaturgo universal. Estudios en torno a la traducci\u00f3n de su teatro con motivo del CXX aniversario de su nacimiento<\/i> (pp. 65\u201390). Comares. <a class=&#039;zp-ItemURL&#039; href=&#039;https:\/\/rio.upo.es\/xmlui\/handle\/10433\/8132&#039;>https:\/\/rio.upo.es\/xmlui\/handle\/10433\/8132<\/a><\/div>\n<\/div>\n\t\t\t\t<\/div><!-- .zp-Entry .zpSearchResultsItem -->\t\t\t\t<div id=\"zp-ID-92-2580715-B2E9ITBI\" data-zp-author-date='Limbach-and-Heisel-2018' data-zp-date-author='2018-Limbach-and-Heisel' data-zp-date='2018' data-zp-year='2018' data-zp-itemtype='bookSection' class=\"zp-Entry zpSearchResultsItem\">\n<div class=\"csl-bib-body\" style=\"line-height: 2; padding-left: 1em; text-indent:-1em;\">\n  <div class=\"csl-entry\">Limbach, C., & Heisel, K. (2018). Literatur als Reflexion in Extremsituationen: das Trizonesien-Lied. In <i>Literarische Inszenierungen von Geschichte. Formen der Erinnerung in der deutschsprachigen Literatur nach 1945 und 1989<\/i> (pp. 273\u2013288). J.B. Metzler. <a class=&#039;zp-DOIURL&#039; href=&#039;https:\/\/doi.org\/10.1007\/978-3-658-21671-9_25&#039;>https:\/\/doi.org\/10.1007\/978-3-658-21671-9_25<\/a><\/div>\n<\/div>\n\t\t\t\t<\/div><!-- .zp-Entry .zpSearchResultsItem -->\t\t\t\t<div id=\"zp-ID-92-2580715-IU8WZ59T\" data-zp-author-date='Dom\u00ednguez-et-al.-2018' data-zp-date-author='2018-Dom\u00ednguez-et-al.' data-zp-date='2018' data-zp-year='2018' data-zp-itemtype='bookSection' class=\"zp-Entry zpSearchResultsItem\">\n<div class=\"csl-bib-body\" style=\"line-height: 2; padding-left: 1em; text-indent:-1em;\">\n  <div class=\"csl-entry\">Dom\u00ednguez, L., Hinojosa, O., Limbach, C., & Maldonado-Alem\u00e1n, M. (2018). Historia, memoria y recuerdo. Introducci\u00f3n. In <i>Historia, Memoria y recuerdo. Escrituras y reescrituras del pasado en la narrativa en lengua alemana desde 1945<\/i> (pp. 11\u201324). S\u00edntesis. <a class=&#039;zp-ItemURL&#039; href=&#039;https:\/\/dialnet.unirioja.es\/servlet\/articulo?codigo=6529768&#039;>https:\/\/dialnet.unirioja.es\/servlet\/articulo?codigo=6529768<\/a><\/div>\n<\/div>\n\t\t\t\t<\/div><!-- .zp-Entry .zpSearchResultsItem -->\t\t\t\t<div id=\"zp-ID-92-2580715-Q9QBSKPY\" data-zp-author-date='Limbach-2018' data-zp-date-author='2018-Limbach' data-zp-date='2018' data-zp-year='2018' data-zp-itemtype='bookSection' class=\"zp-Entry zpSearchResultsItem\">\n<div class=\"csl-bib-body\" style=\"line-height: 2; padding-left: 1em; text-indent:-1em;\">\n  <div class=\"csl-entry\">Limbach, C. (2018). El reto intercultural de las actividades t\u00e1ndem en la combinaci\u00f3n ling\u00fc\u00edstica alem\u00e1n-espa\u00f1ol. In <i>Aplicaciones de la metodolog\u00eda T\u00e1ndem en la formaci\u00f3n universitaria<\/i> (Vol. 17, pp. 211\u2013222). Peter Lang. <a class=&#039;zp-ItemURL&#039; href=&#039;https:\/\/www.peterlang.com\/view\/title\/63272?tab=aboutauthor&#039;>https:\/\/www.peterlang.com\/view\/title\/63272?tab=aboutauthor<\/a><\/div>\n<\/div>\n\t\t\t\t<\/div><!-- .zp-Entry .zpSearchResultsItem -->\t\t\t\t<div id=\"zp-ID-92-2580715-76TG66EF\" data-zp-author-date='Limbach-2018' data-zp-date-author='2018-Limbach' data-zp-date='2018' data-zp-year='2018' data-zp-itemtype='bookSection' class=\"zp-Entry zpSearchResultsItem\">\n<div class=\"csl-bib-body\" style=\"line-height: 2; padding-left: 1em; text-indent:-1em;\">\n  <div class=\"csl-entry\">Limbach, C. (2018). Die Bedeutung der interkulturellen Kompetenz f\u00fcr das Gespr\u00e4chsdolmetschen. In <i>Interkulturalitat in Sprache, Literatur und Bildung = Interculturality in Language, Literature and Education = Interkulturalita v jazyce, literature a vzdel\u00e1n\u00ed<\/i> (Vol. 3, pp. 51\u201363). Univerzita Pardubice. <a class=&#039;zp-ItemURL&#039; href=&#039;https:\/\/tinyurl.com\/Limbach2018&#039;>https:\/\/tinyurl.com\/Limbach2018<\/a><\/div>\n<\/div>\n\t\t\t\t<\/div><!-- .zp-Entry .zpSearchResultsItem -->\t\t\t\t<div id=\"zp-ID-92-2580715-85E7FLFN\" data-zp-author-date='Limbach-and-Stender-2018' data-zp-date-author='2018-Limbach-and-Stender' data-zp-date='2018' data-zp-year='2018' data-zp-itemtype='journalArticle' class=\"zp-Entry zpSearchResultsItem\">\n<div class=\"csl-bib-body\" style=\"line-height: 2; padding-left: 1em; text-indent:-1em;\">\n  <div class=\"csl-entry\">Limbach, C., & Stender, A. (2018). Zur Bewertung des Gespr\u00e4chsdolmetschens im Hochschulunterricht: Game of Thrones-Wie professionell handelt Missandei? <i>Glottodidactica. An International Journal of Applied Linguistics<\/i>, <i>XLV<\/i>(2), 215\u2013228. <a class=&#039;zp-DOIURL&#039; href=&#039;https:\/\/doi.org\/10.14746\/gl.2018.45.2.12&#039;>https:\/\/doi.org\/10.14746\/gl.2018.45.2.12<\/a><\/div>\n<\/div>\n\t\t\t\t<\/div><!-- .zp-Entry .zpSearchResultsItem -->\t\t\t\t<div id=\"zp-ID-92-2580715-F7IP9YSV\" data-zp-author-date='Limbach-2017' data-zp-date-author='2017-Limbach' data-zp-date='2017' data-zp-year='2017' data-zp-itemtype='journalArticle' class=\"zp-Entry zpSearchResultsItem\">\n<div class=\"csl-bib-body\" style=\"line-height: 2; padding-left: 1em; text-indent:-1em;\">\n  <div class=\"csl-entry\">Limbach, C. (2017). Ein didaktischer Vorschlag f\u00fcr das Unterrichten von bilateralem Dolmetschen in der Sprachkombination Spanisch-Deutsch. <i>Glottodidactica. An International Journal of Applied Linguistics<\/i>, <i>XLIV<\/i>(2), 97\u2013113. <a class=&#039;zp-DOIURL&#039; href=&#039;https:\/\/doi.org\/10.14746\/gl.2017.44.2.06&#039;>https:\/\/doi.org\/10.14746\/gl.2017.44.2.06<\/a><\/div>\n<\/div>\n\t\t\t\t<\/div><!-- .zp-Entry .zpSearchResultsItem -->\t\t\t\t<div id=\"zp-ID-92-2580715-3T35QPAV\" data-zp-author-date='Heisel-and-Limbach-2017' data-zp-date-author='2017-Heisel-and-Limbach' data-zp-date='2017' data-zp-year='2017' data-zp-itemtype='bookSection' class=\"zp-Entry zpSearchResultsItem\">\n<div class=\"csl-bib-body\" style=\"line-height: 2; padding-left: 1em; text-indent:-1em;\">\n  <div class=\"csl-entry\">Heisel, K., & Limbach, C. (2017). Landeskunde, interkulturelle Kompetenz und integrierter Bilingualismus: \u00dcberlegungen und didaktische Vorschl\u00e4ge. In <i>Actas VI Congreso Sociedad Espa\u00f1ola de Lenguas Modernas<\/i> (pp. 143\u2013163). Editorial Bienza. <a class=&#039;zp-ItemURL&#039; href=&#039;https:\/\/es.calameo.com\/read\/004404377a977ef848522&#039;>https:\/\/es.calameo.com\/read\/004404377a977ef848522<\/a><\/div>\n<\/div>\n\t\t\t\t<\/div><!-- .zp-Entry .zpSearchResultsItem -->\t\t\t\t<div id=\"zp-ID-92-2580715-AN7ND4W9\" data-zp-author-date='Limbach-2017' data-zp-date-author='2017-Limbach' data-zp-date='2017' data-zp-year='2017' data-zp-itemtype='bookSection' class=\"zp-Entry zpSearchResultsItem\">\n<div class=\"csl-bib-body\" style=\"line-height: 2; padding-left: 1em; text-indent:-1em;\">\n  <div class=\"csl-entry\">Limbach, C. (2017). La audiodescripci\u00f3n f\u00edlmica: Transmisi\u00f3n del valor f\u00edlmico y neutralidad. In <i>Fotograf\u00eda de la investigaci\u00f3n doctoral en traducci\u00f3n audiovisual<\/i> (Vol. 2, pp. 119\u2013130). Bohod\u00f3n Ediciones. <a class=&#039;zp-ItemURL&#039; href=&#039;https:\/\/www.bohodon.es\/libro\/844\/fotografia-de-la-investigacion-doctoral-en-traduccion-audiovisual-volumen-2.html&#039;>https:\/\/www.bohodon.es\/libro\/844\/fotografia-de-la-investigacion-doctoral-en-traduccion-audiovisual-volumen-2.html<\/a><\/div>\n<\/div>\n\t\t\t\t<\/div><!-- .zp-Entry .zpSearchResultsItem -->\t\t\t\t<div id=\"zp-ID-92-2580715-LE92F2US\" data-zp-author-date='Limbach-and-Heisel-2016' data-zp-date-author='2016-Limbach-and-Heisel' data-zp-date='2016' data-zp-year='2016' data-zp-itemtype='bookSection' class=\"zp-Entry zpSearchResultsItem\">\n<div class=\"csl-bib-body\" style=\"line-height: 2; padding-left: 1em; text-indent:-1em;\">\n  <div class=\"csl-entry\">Limbach, C., & Heisel, K. (2016). Unterrichtsvorschlaege fuer landeskundlich interkulturellen DaF. In <i>Actas V Congreso Sociedad Espa\u00f1ola de Lenguas Modernas<\/i> (pp. 195\u2013212). Editorial Bienza. <a class=&#039;zp-ItemURL&#039; href=&#039;https:\/\/es.calameo.com\/read\/004404377dd019bccf913&#039;>https:\/\/es.calameo.com\/read\/004404377dd019bccf913<\/a><\/div>\n<\/div>\n\t\t\t\t<\/div><!-- .zp-Entry .zpSearchResultsItem -->\t\t\t\t<div id=\"zp-ID-92-2580715-HBENT9XX\" data-zp-author-date='Limbach-and-Heisel-2016' data-zp-date-author='2016-Limbach-and-Heisel' data-zp-date='2016' data-zp-year='2016' data-zp-itemtype='bookSection' class=\"zp-Entry zpSearchResultsItem\">\n<div class=\"csl-bib-body\" style=\"line-height: 2; padding-left: 1em; text-indent:-1em;\">\n  <div class=\"csl-entry\">Limbach, C., & Heisel, K. (2016). Der Rheinische Karneval als interkulturelle Quelle im DaF-Unterricht. In <i>Interkulturalitat in Sprache, Literatur und Bildung = Interculturality in Language, Literature and Education = Interkulturalita v jazyce, literature a vzdel\u00e1n\u00ed<\/i> (Vol. 2, pp. 319\u2013328). Univerzita Pardubice. <a class=&#039;zp-ItemURL&#039; href=&#039;https:\/\/www.researchgate.net\/publication\/304570233_Der_rheinische_Karneval_als_interkulturelle_Quelle_im_DaF-Unterricht&#039;>https:\/\/www.researchgate.net\/publication\/304570233_Der_rheinische_Karneval_als_interkulturelle_Quelle_im_DaF-Unterricht<\/a><\/div>\n<\/div>\n\t\t\t\t<\/div><!-- .zp-Entry .zpSearchResultsItem -->\t\t\t\t<div id=\"zp-ID-92-2580715-GLRU6HK3\" data-zp-author-date='Mart\u00ednez-Mart\u00ednez-et-al.-2016' data-zp-date-author='2016-Mart\u00ednez-Mart\u00ednez-et-al.' data-zp-date='2016' data-zp-year='2016' data-zp-itemtype='bookSection' class=\"zp-Entry zpSearchResultsItem\">\n<div class=\"csl-bib-body\" style=\"line-height: 2; padding-left: 1em; text-indent:-1em;\">\n  <div class=\"csl-entry\">Mart\u00ednez Mart\u00ednez, S., Limbach, C., Carlucci, L., & \u00c1lvarez del Mercado, C. (2016). Did\u00e1ctica patrimonial y difusi\u00f3n de la cultura. In <i>Patrimonio y Educaci\u00f3n. Una propuesta investigadora<\/i> (pp. 329\u2013336). Universidad de Granada. <a class=&#039;zp-ItemURL&#039; href=&#039;https:\/\/dialnet.unirioja.es\/servlet\/articulo?codigo=7305195&#039;>https:\/\/dialnet.unirioja.es\/servlet\/articulo?codigo=7305195<\/a><\/div>\n<\/div>\n\t\t\t\t<\/div><!-- .zp-Entry .zpSearchResultsItem -->\t\t\t\t<div id=\"zp-ID-92-2580715-KV52BRJK\" data-zp-author-date='Soler-Gallego-and-Limbach-2016' data-zp-date-author='2016-Soler-Gallego-and-Limbach' data-zp-date='2016' data-zp-year='2016' data-zp-itemtype='bookSection' class=\"zp-Entry zpSearchResultsItem\">\n<div class=\"csl-bib-body\" style=\"line-height: 2; padding-left: 1em; text-indent:-1em;\">\n  <div class=\"csl-entry\">Soler Gallego, S., & Limbach, C. (2016). Audioguidado en interiores para personas con diversidad funcional visual. In <i>Patrimonio cultural para todos. Investigaci\u00f3n aplicada en traducci\u00f3n accesible<\/i> (Vol. 7, pp. 33\u201354). Ediciones Tragacanto. <a class=&#039;zp-ItemURL&#039; href=&#039;https:\/\/rio.upo.es\/xmlui\/handle\/10433\/6658&#039;>https:\/\/rio.upo.es\/xmlui\/handle\/10433\/6658<\/a><\/div>\n<\/div>\n\t\t\t\t<\/div><!-- .zp-Entry .zpSearchResultsItem -->\t\t\t\t<div id=\"zp-ID-92-2580715-AFRVDLU2\" data-zp-author-date='\u00c1lvarez-de-Morales-and-Limbach-2016' data-zp-date-author='2016-\u00c1lvarez-de-Morales-and-Limbach' data-zp-date='2016' data-zp-year='2016' data-zp-itemtype='bookSection' class=\"zp-Entry zpSearchResultsItem\">\n<div class=\"csl-bib-body\" style=\"line-height: 2; padding-left: 1em; text-indent:-1em;\">\n  <div class=\"csl-entry\">\u00c1lvarez de Morales, C., & Limbach, C. (2016). Evaluaci\u00f3n formativa y perfil de los usuarios con diversidad funcional visual en el proyecto DESAM. In <i>Patrimonio cultural para todos. Investigaci\u00f3n aplicada en traducci\u00f3n accesible<\/i> (Vol. 7, pp. 77\u201398). Editorial Tragacanto. <a class=&#039;zp-ItemURL&#039; href=&#039;https:\/\/rio.upo.es\/xmlui\/handle\/10433\/6659&#039;>https:\/\/rio.upo.es\/xmlui\/handle\/10433\/6659<\/a><\/div>\n<\/div>\n\t\t\t\t<\/div><!-- .zp-Entry .zpSearchResultsItem -->\t\t\t\t<div id=\"zp-ID-92-2580715-44CDVWHY\" data-zp-author-date='Limbach-2015' data-zp-date-author='2015-Limbach' data-zp-date='2015' data-zp-year='2015' data-zp-itemtype='bookSection' class=\"zp-Entry zpSearchResultsItem\">\n<div class=\"csl-bib-body\" style=\"line-height: 2; padding-left: 1em; text-indent:-1em;\">\n  <div class=\"csl-entry\">Limbach, C. (2015). Die Beschreibung von kulturellen Elementen in der Audiodeskription. In <i>Migration und kulturelle Diversit\u00e4t<\/i> (pp. 289\u2013299). Peter Lang. <a class=&#039;zp-ItemURL&#039; href=&#039;https:\/\/www.peterlang.com\/view\/9783653985764\/chapter26.html&#039;>https:\/\/www.peterlang.com\/view\/9783653985764\/chapter26.html<\/a><\/div>\n<\/div>\n\t\t\t\t<\/div><!-- .zp-Entry .zpSearchResultsItem -->\t\t\t\t<div id=\"zp-ID-92-2580715-B3UU6P5E\" data-zp-author-date='Limbach-2015' data-zp-date-author='2015-Limbach' data-zp-date='2015' data-zp-year='2015' data-zp-itemtype='bookSection' class=\"zp-Entry zpSearchResultsItem\">\n<div class=\"csl-bib-body\" style=\"line-height: 2; padding-left: 1em; text-indent:-1em;\">\n  <div class=\"csl-entry\">Limbach, C. (2015). The question of how to audio describe films: Objectivity vs. Neutrality. In <i>Insight into Multimodal Translation and Accessibility: Present and Future<\/i> (Vol. 6, pp. 137\u2013156). Ediciones Tragacanto. <a class=&#039;zp-ItemURL&#039; href=&#039;https:\/\/rio.upo.es\/xmlui\/handle\/10433\/6657&#039;>https:\/\/rio.upo.es\/xmlui\/handle\/10433\/6657<\/a><\/div>\n<\/div>\n\t\t\t\t<\/div><!-- .zp-Entry .zpSearchResultsItem -->\t\t\t\t<div id=\"zp-ID-92-2580715-VJ484INW\" data-zp-author-date='Limbach-2014' data-zp-date-author='2014-Limbach' data-zp-date='2014' data-zp-year='2014' data-zp-itemtype='journalArticle' class=\"zp-Entry zpSearchResultsItem\">\n<div class=\"csl-bib-body\" style=\"line-height: 2; padding-left: 1em; text-indent:-1em;\">\n  <div class=\"csl-entry\">Limbach, C. (2014). H\u00f6rfilme und Interkulturalit\u00e4t. <i>mAGAzin. Revista de German\u00edstica Intercultural<\/i>, (22), 22\u201327. <a class=&#039;zp-DOIURL&#039; href=&#039;https:\/\/doi.org\/10.12795\/mAGAzin.2014.i22.03&#039;>https:\/\/doi.org\/10.12795\/mAGAzin.2014.i22.03<\/a><\/div>\n<\/div>\n\t\t\t\t<\/div><!-- .zp-Entry .zpSearchResultsItem -->\t\t\t\t<div id=\"zp-ID-92-2580715-T7MQSWYR\" data-zp-author-date='Limbach-2013' data-zp-date-author='2013-Limbach' data-zp-date='2013' data-zp-year='2013' data-zp-itemtype='book' class=\"zp-Entry zpSearchResultsItem\">\n<div class=\"csl-bib-body\" style=\"line-height: 2; padding-left: 1em; text-indent:-1em;\">\n  <div class=\"csl-entry\">Limbach, C. (2013). <i>La neutralidad en la audiodescripci\u00f3n f\u00edlmica desde un punto de vista traductol\u00f3gico<\/i>. Editorial Universidad de Granada. <a class=&#039;zp-ItemURL&#039; href=&#039;https:\/\/dialnet.unirioja.es\/servlet\/libro?codigo=733418&#039;>https:\/\/dialnet.unirioja.es\/servlet\/libro?codigo=733418<\/a><\/div>\n<\/div>\n\t\t\t\t<\/div><!-- .zp-Entry .zpSearchResultsItem -->\t\t\t\t<div id=\"zp-ID-92-2580715-C39YDJNG\" data-zp-author-date='Limbach-2013' data-zp-date-author='2013-Limbach' data-zp-date='2013' data-zp-year='2013' data-zp-itemtype='bookSection' class=\"zp-Entry zpSearchResultsItem\">\n<div class=\"csl-bib-body\" style=\"line-height: 2; padding-left: 1em; text-indent:-1em;\">\n  <div class=\"csl-entry\">Limbach, C. (2013). El aspecto de la neutralidad en la audiodescripci\u00f3n f\u00edlmica. In <i>Arjonilla, Emilio (ed.). La traducci\u00f3n de la(s) Cultura(s): Retos te\u00f3ricos y aplicaciones pr\u00e1cticas. Eugene A. Nida in memoriam.<\/i> (Vol. 5, pp. 793\u2013806). Comares. <a class=&#039;zp-ItemURL&#039; href=&#039;https:\/\/rio.upo.es\/xmlui\/bitstream\/handle\/10433\/6656\/056%20Limbach.pdf?sequence=1&isAllowed=y&#039;>https:\/\/rio.upo.es\/xmlui\/bitstream\/handle\/10433\/6656\/056%20Limbach.pdf?sequence=1&isAllowed=y<\/a><\/div>\n<\/div>\n\t\t\t\t<\/div><!-- .zp-Entry .zpSearchResultsItem -->\t\t\t\t<div id=\"zp-ID-92-2580715-3GH4X7MI\" data-zp-author-date='\u00c1lvarez-de-Morales-et-al.-2012' data-zp-date-author='2012-\u00c1lvarez-de-Morales-et-al.' data-zp-date='2012' data-zp-year='2012' data-zp-itemtype='book' class=\"zp-Entry zpSearchResultsItem\">\n<div class=\"csl-bib-body\" style=\"line-height: 2; padding-left: 1em; text-indent:-1em;\">\n  <div class=\"csl-entry\">\u00c1lvarez de Morales, C., Limbach, C., & Luque, M. O. (2012). <i>Accesibilidad en la nueva era de las comunicaciones. Profesionales y universidad: un di\u00e1logo imprescindible<\/i> (Vol. 5). Tragacanto. <a class=&#039;zp-ItemURL&#039; href=&#039;https:\/\/tragacanto.es\/node\/104&#039;>https:\/\/tragacanto.es\/node\/104<\/a><\/div>\n<\/div>\n\t\t\t\t<\/div><!-- .zp-Entry .zpSearchResultsItem -->\t\t\t\t<div id=\"zp-ID-92-2580715-TMDXJWW3\" data-zp-author-date='Limbach-2012' data-zp-date-author='2012-Limbach' data-zp-date='2012' data-zp-year='2012' data-zp-itemtype='bookSection' class=\"zp-Entry zpSearchResultsItem\">\n<div class=\"csl-bib-body\" style=\"line-height: 2; padding-left: 1em; text-indent:-1em;\">\n  <div class=\"csl-entry\">Limbach, C. (2012). Die Neutralit\u00e4t in der Audiodeskription: Eine Ann\u00e4herung aus \u00fcbersetzungswissenschaftlicher Sicht. In <i>Accesibilidad en la nueva era de las comunicaciones. Profesionales y universidad: un di\u00e1logo imprescindible<\/i> (Vol. 5, pp. 27\u201346). Comares. <a class=&#039;zp-ItemURL&#039; href=&#039;https:\/\/rio.upo.es\/xmlui\/handle\/10433\/8862&#039;>https:\/\/rio.upo.es\/xmlui\/handle\/10433\/8862<\/a><\/div>\n<\/div>\n\t\t\t\t<\/div><!-- .zp-Entry .zpSearchResultsItem -->\n\t\t\t<\/div><!-- .zp-zp-SEO-Content -->\n\t\t<\/div><!-- .zp-List -->\n\t<\/div><!--.zp-Zotpress-->\n\n\n<\/div><\/details><\/div>\n<\/div>\n\n\n\n<h4 class=\"wp-block-heading\"><strong>S\u00edgueme:<\/strong><\/h4>\n\n\n\n<div style=\"height:22px\" aria-hidden=\"true\" class=\"wp-block-spacer\"><\/div>\n\n\n\n<div class=\"wp-block-coblocks-features coblocks-features-82163421310\"><div class=\"wp-block-coblocks-features__inner has-light-background-background-color has-background has-columns has-4-columns has-responsive-columns has-padding has-medium-padding has-center-content has-small-gutter\">\n<div class=\"wp-block-coblocks-feature has-center-content coblocks-feature-82163421386\"><div class=\"wp-block-coblocks-feature__inner has-no-padding\">\n<div class=\"wp-block-coblocks-icon\"><div class=\"wp-block-coblocks-icon__inner\" style=\"height:60px;width:60px\"><svg viewbox=\"0 0 20 20\" xmlns=\"http:\/\/www.w3.org\/2000\/svg\" role=\"img\" aria-hidden=\"true\"><path d=\"m14.7660485 2.56204547c-.0789273 0-.1578547-.01973185-.2269162-.05919554-1.894257-.97672626-3.532-1.39109498-5.49531846-1.39109498-1.95345253 0-3.80824585.46369833-5.49531849 1.39109498-.23678212.12825699-.53275978.03946369-.67088269-.19731843-.12825698-.23678213-.03946368-.54262571.19731844-.67088269 1.83506147-.99645811 3.84770954-1.50948605 5.96888274-1.50948605 2.10144136 0 3.93650286.46369833 5.94915086 1.49962013.2466481.12825698.3354414.42423464.2071844.66101676-.0887933.1775866-.256514.27624582-.4341006.27624582zm-14.11813418 5.17960898c-.09865922 0-.19731844-.02959776-.28611174-.08879329-.2269162-.15785475-.27624581-.46369833-.11839106-.69061454.97672627-1.38122906 2.21983242-2.46648047 3.69972071-3.22615645 3.09789947-1.59827935 7.06400007-1.60814527 10.17176547-.00986592 1.4798883.75967598 2.7229944 1.83506147 3.6997207 3.20642461.1578547.21705028.1085251.53275978-.1183911.69061453s-.5327598.10852514-.6906145-.11839106c-.887933-1.24310616-2.0126481-2.21983243-3.3445475-2.90058104-2.8315196-1.45029051-6.45231293-1.45029051-9.27396659.00986593-1.34176537.69061453-2.46648047 1.67720672-3.35441344 2.92031287-.07892737.13812291-.2269162.20718436-.38477095.20718436zm6.16620117 11.90816775c-.12825698 0-.25651396-.0493296-.34530726-.1479889-.85833521-.8583352-1.32203353-1.4108268-1.9830503-2.6046033-.68074861-1.2135084-1.0359218-2.6933967-1.0359218-4.2818101 0-2.93017884 2.50594416-5.31773193 5.58411179-5.31773193 3.07816758 0 5.58411178 2.38755309 5.58411178 5.31773193 0 .2762458-.2170503.4932961-.4932961.4932961s-.4932961-.2170503-.4932961-.4932961c0-2.3875531-2.0619777-4.33113974-4.59751958-4.33113974-2.53554193 0-4.5975196 1.94358664-4.5975196 4.33113974 0 1.4206927.3157095 2.7328603.91753074 3.7983799.631419 1.134581 1.06551956 1.6180112 1.82519554 2.3875531.18745252.1973184.18745252.503162 0 .7004804-.10852514.0986593-.23678212.1479889-.36503911.1479889zm7.07386601-1.8251956c-1.1740447 0-2.2099665-.2959776-3.0584358-.878067-1.47002236-.9964581-2.34808941-2.6144693-2.34808941-4.3311397 0-.2762459.21705028-.4932961.4932961-.4932961.27624581 0 .49329609.2170502.49329609.4932961 0 1.3910949.71034642 2.7032626 1.91398882 3.5122682.7004805.4735642 1.519352.7004804 2.5059442.7004804.2367821 0 .631419-.0295978 1.0260559-.0986592.2663798-.0493296.5228938.128257.5722234.4045028.0493296.2663799-.128257.5228938-.4045028.5722235-.5623575.1085251-1.0556536.118391-1.1937765.118391zm-1.9830503 2.0323799c-.0394637 0-.0887933-.0098659-.128257-.0197318-1.5686816-.4341006-2.59473745-1.01619-3.67012294-2.0718436-1.38122906-1.3713632-2.14090505-3.1965587-2.14090505-5.1500112 0-1.5982794 1.36149722-2.90058107 3.03870394-2.90058107 1.67720675 0 3.03870395 1.30230167 3.03870395 2.90058107 0 1.0556536.9175307 1.9139888 2.0521117 1.9139888 1.1345811 0 2.0521118-.8583352 2.0521118-1.9139888 0-3.71945259-3.2064246-6.73842468-7.15279337-6.73842468-2.80192181 0-5.3670615 1.55881565-6.52137436 3.97596652-.38477096.79913966-.58208939 1.73640226-.58208939 2.76245816 0 .7695419.06906145 1.9830503.66101676 3.5615978.09865922.2565139-.02959776.5426257-.28611173.631419-.25651397.0986592-.54262571-.0394637-.631419-.2861118-.48343018-1.2924357-.7202123-2.5750056-.7202123-3.906905 0-1.1839107.2269162-2.2592961.67088269-3.19655873 1.31216761-2.7525922 4.22261456-4.53832406 7.40930733-4.53832406 4.48899447 0 8.13938557 3.46293858 8.13938557 7.72501679 0 1.5982794-1.3614972 2.9005811-3.038704 2.9005811-1.6772067 0-3.0387039-1.3023017-3.0387039-2.9005811 0-1.0556536-.9175307-1.9139888-2.05211175-1.9139888-1.13458101 0-2.05211175.8583352-2.05211175 1.9139888 0 1.6870727.65115084 3.2656202 1.84492739 4.4495308.93726258.9273967 1.83506151 1.4404246 3.22615641 1.8251956.2663799.0690614.4143688.3453072.3453073.6018212-.0493296.2269162-.256514.374905-.4636983.374905z\" transform=\"translate(1)\"><\/path><\/svg><\/div><\/div>\n\n\n\n<h4 class=\"wp-block-heading\"><a href=\"https:\/\/orcid.org\/0000-0002-3843-3309\" target=\"_blank\" rel=\"noreferrer noopener\">ORCID<\/a><\/h4>\n\n\n\n<h4 class=\"wp-block-heading\"><\/h4>\n\n\n\n<p><\/p>\n<\/div><\/div>\n\n\n\n<div class=\"wp-block-coblocks-feature has-center-content coblocks-feature-82163421393\"><div class=\"wp-block-coblocks-feature__inner has-no-padding\">\n<div class=\"wp-block-coblocks-icon\"><div class=\"wp-block-coblocks-icon__inner\" style=\"height:60px;width:60px\"><svg viewbox=\"0 0 20 20\" xmlns=\"http:\/\/www.w3.org\/2000\/svg\" role=\"img\" aria-hidden=\"true\"><path d=\"m4.63589015 9.40022032v3.64467918l6.37818865 3.4806687 6.3781886-3.4806687v-3.64467918l-6.3781886 3.48066868zm6.37818865-9.2757086-10.02286786 5.46701882 10.02286786 5.46701886 8.2005282-4.47384377v6.29618337h1.8223396v-7.28935846z\" transform=\"translate(-1 1.713379)\"><\/path><\/svg><\/div><\/div>\n\n\n\n<h4 class=\"wp-block-heading\"><a href=\"https:\/\/www.researchgate.net\/profile\/Christiane_Limbach\" target=\"_blank\" rel=\"noreferrer noopener\">ResearchGate.Net<\/a><\/h4>\n<\/div><\/div>\n\n\n\n<div class=\"wp-block-coblocks-feature coblocks-feature-82163424278\"><div class=\"wp-block-coblocks-feature__inner has-no-padding\">\n<div class=\"wp-block-coblocks-icon\"><div class=\"wp-block-coblocks-icon__inner\" style=\"height:60px;width:60px\"><svg viewbox=\"0 0 20 20\" xmlns=\"http:\/\/www.w3.org\/2000\/svg\" role=\"img\" aria-hidden=\"true\"><path d=\"m4.63589015 9.40022032v3.64467918l6.37818865 3.4806687 6.3781886-3.4806687v-3.64467918l-6.3781886 3.48066868zm6.37818865-9.2757086-10.02286786 5.46701882 10.02286786 5.46701886 8.2005282-4.47384377v6.29618337h1.8223396v-7.28935846z\" transform=\"translate(-1 1.713379)\"><\/path><\/svg><\/div><\/div>\n\n\n\n<h4 class=\"has-text-align-center wp-block-heading\"><a href=\"http:\/\/www.linkedin.com\/in\/christiane-limbach-2025ab28\" target=\"_blank\" rel=\"noreferrer noopener\">Academia.Edu<\/a><\/h4>\n<\/div><\/div>\n\n\n\n<div class=\"wp-block-coblocks-feature coblocks-feature-93119253233\"><div class=\"wp-block-coblocks-feature__inner has-no-padding\">\n<div class=\"wp-block-coblocks-icon\"><div class=\"wp-block-coblocks-icon__inner\" style=\"height:60px;width:60px\"><svg viewbox=\"0 0 20 20\" xmlns=\"http:\/\/www.w3.org\/2000\/svg\" role=\"img\" aria-hidden=\"true\"><path d=\"m15.5555556 14.4444444-4.4444445-4.4444444v-3.53333333c1.2888889-.46666667 2.2222222-1.68888889 2.2222222-3.13333334 0-1.84444444-1.4888889-3.33333333-3.3333333-3.33333333-1.84444444 0-3.33333333 1.48888889-3.33333333 3.33333333 0 1.44444445.93333333 2.66666667 2.22222222 3.13333334v3.53333333l-4.44444445 4.4444444h-4.44444444v5.5555556h5.55555556v-3.3888889l4.44444444-4.6666667 4.4444444 4.6666667v3.3888889h5.5555556v-5.5555556z\" fillrule=\"evenodd\"><\/path><\/svg><\/div><\/div>\n\n\n\n<h4 class=\"wp-block-heading\"><a href=\"http:\/\/www.linkedin.com\/in\/christiane-limbach-2025ab28\" target=\"_blank\" rel=\"noreferrer noopener\">Linkedin<\/a><\/h4>\n<\/div><\/div>\n<\/div><\/div>\n","protected":false},"excerpt":{"rendered":"<p>Cuento con una larga trayectoria de investigaci\u00f3n en el \u00e1mbito de la traducci\u00f3n accesible dentro de la cual tambi\u00e9n realic\u00e9 mi tesis doctoral en la Universidad de Granada&hellip;<\/p>\n","protected":false},"author":1,"featured_media":1203,"comment_status":"closed","ping_status":"closed","sticky":false,"template":"template-full-width.php","format":"standard","meta":{"footnotes":""},"categories":[11],"tags":[118,256,109,111,83],"class_list":["post-92","post","type-post","status-publish","format-standard","has-post-thumbnail","hentry","category-perfil","tag-christiane-limbach","tag-linguistica","tag-miembro-comintrad-es","tag-traduccion-accesible","tag-traduccion-especializada"],"_links":{"self":[{"href":"https:\/\/www.upo.es\/investiga\/comintrad\/wp-json\/wp\/v2\/posts\/92"}],"collection":[{"href":"https:\/\/www.upo.es\/investiga\/comintrad\/wp-json\/wp\/v2\/posts"}],"about":[{"href":"https:\/\/www.upo.es\/investiga\/comintrad\/wp-json\/wp\/v2\/types\/post"}],"author":[{"embeddable":true,"href":"https:\/\/www.upo.es\/investiga\/comintrad\/wp-json\/wp\/v2\/users\/1"}],"replies":[{"embeddable":true,"href":"https:\/\/www.upo.es\/investiga\/comintrad\/wp-json\/wp\/v2\/comments?post=92"}],"version-history":[{"count":55,"href":"https:\/\/www.upo.es\/investiga\/comintrad\/wp-json\/wp\/v2\/posts\/92\/revisions"}],"predecessor-version":[{"id":4113,"href":"https:\/\/www.upo.es\/investiga\/comintrad\/wp-json\/wp\/v2\/posts\/92\/revisions\/4113"}],"wp:featuredmedia":[{"embeddable":true,"href":"https:\/\/www.upo.es\/investiga\/comintrad\/wp-json\/wp\/v2\/media\/1203"}],"wp:attachment":[{"href":"https:\/\/www.upo.es\/investiga\/comintrad\/wp-json\/wp\/v2\/media?parent=92"}],"wp:term":[{"taxonomy":"category","embeddable":true,"href":"https:\/\/www.upo.es\/investiga\/comintrad\/wp-json\/wp\/v2\/categories?post=92"},{"taxonomy":"post_tag","embeddable":true,"href":"https:\/\/www.upo.es\/investiga\/comintrad\/wp-json\/wp\/v2\/tags?post=92"}],"curies":[{"name":"wp","href":"https:\/\/api.w.org\/{rel}","templated":true}]}}