{"id":934,"date":"2021-10-25T14:26:33","date_gmt":"2021-10-25T12:26:33","guid":{"rendered":"https:\/\/www.upo.es\/investiga\/demografia-salud\/?p=934"},"modified":"2021-10-27T09:11:45","modified_gmt":"2021-10-27T07:11:45","slug":"participacion-en-el-encuentro-nacional-sobre-menores-con-enfermedades-raras","status":"publish","type":"post","link":"https:\/\/www.upo.es\/investiga\/demografia-salud\/participacion-en-el-encuentro-nacional-sobre-menores-con-enfermedades-raras\/","title":{"rendered":"Participaci\u00f3n en el Encuentro Nacional sobre Menores con Enfermedades Raras"},"content":{"rendered":"\r\n<p class=\"p1\">El pr\u00f3ximo 27 de octubre se celebra el Encuentro Nacional sobre Menores con Enfermedades Raras (ER) atendidos por el Sistema de Protecci\u00f3n a la Infancia (SPI). Las miembros del grupo Alba Arag\u00f3n y Rosal\u00eda Mart\u00ednez participan en estas jornadas realizando una aproximaci\u00f3n estad\u00edstica al estado de la cuesti\u00f3n, necesidades y respuestas.<span class=\"Apple-converted-space\">  <\/span>Este evento organizado por FEDER tiene por objetivo abordar las propuestas institucionales, realizar una aproximaci\u00f3n a la realidad de esta poblaci\u00f3n infantil y analizar desde los \u00e1mbitos de la salud, la educaci\u00f3n, los servicios sociales y de protecci\u00f3n y el \u00e1mbito legal-justicia la situaci\u00f3n. Con ello se pretende realizar propuestas para una mejor atenci\u00f3n a sus necesidades y problemas.<\/p>\r\n","protected":false},"excerpt":{"rendered":"<p>El pr\u00f3ximo 27 de octubre se celebra el Encuentro Nacional sobre Menores con Enfermedades Raras (ER) atendidos por el Sistema de Protecci\u00f3n a la Infancia (SPI). Las miembros del grupo Alba Arag\u00f3n y Rosal\u00eda Mart\u00ednez participan en estas jornadas realizando una aproximaci\u00f3n estad\u00edstica al estado de la cuesti\u00f3n, necesidades y respuestas. Este evento organizado por [&hellip;]<\/p>\n","protected":false},"author":1,"featured_media":1275,"comment_status":"open","ping_status":"open","sticky":false,"template":"","format":"standard","meta":{"footnotes":""},"categories":[35],"tags":[],"class_list":["post-934","post","type-post","status-publish","format-standard","has-post-thumbnail","hentry","category-noticias"],"_links":{"self":[{"href":"https:\/\/www.upo.es\/investiga\/demografia-salud\/wp-json\/wp\/v2\/posts\/934"}],"collection":[{"href":"https:\/\/www.upo.es\/investiga\/demografia-salud\/wp-json\/wp\/v2\/posts"}],"about":[{"href":"https:\/\/www.upo.es\/investiga\/demografia-salud\/wp-json\/wp\/v2\/types\/post"}],"author":[{"embeddable":true,"href":"https:\/\/www.upo.es\/investiga\/demografia-salud\/wp-json\/wp\/v2\/users\/1"}],"replies":[{"embeddable":true,"href":"https:\/\/www.upo.es\/investiga\/demografia-salud\/wp-json\/wp\/v2\/comments?post=934"}],"version-history":[{"count":3,"href":"https:\/\/www.upo.es\/investiga\/demografia-salud\/wp-json\/wp\/v2\/posts\/934\/revisions"}],"predecessor-version":[{"id":1346,"href":"https:\/\/www.upo.es\/investiga\/demografia-salud\/wp-json\/wp\/v2\/posts\/934\/revisions\/1346"}],"wp:featuredmedia":[{"embeddable":true,"href":"https:\/\/www.upo.es\/investiga\/demografia-salud\/wp-json\/wp\/v2\/media\/1275"}],"wp:attachment":[{"href":"https:\/\/www.upo.es\/investiga\/demografia-salud\/wp-json\/wp\/v2\/media?parent=934"}],"wp:term":[{"taxonomy":"category","embeddable":true,"href":"https:\/\/www.upo.es\/investiga\/demografia-salud\/wp-json\/wp\/v2\/categories?post=934"},{"taxonomy":"post_tag","embeddable":true,"href":"https:\/\/www.upo.es\/investiga\/demografia-salud\/wp-json\/wp\/v2\/tags?post=934"}],"curies":[{"name":"wp","href":"https:\/\/api.w.org\/{rel}","templated":true}]}}