{"id":106,"date":"2020-02-05T11:16:06","date_gmt":"2020-02-05T10:16:06","guid":{"rendered":"https:\/\/www.upo.es\/investiga\/enredars\/blog\/?p=106"},"modified":"2020-02-05T12:16:39","modified_gmt":"2020-02-05T11:16:39","slug":"abya-yala-cinco-anos-atras","status":"publish","type":"post","link":"https:\/\/www.upo.es\/investiga\/enredars\/blog\/2020\/02\/05\/abya-yala-cinco-anos-atras\/","title":{"rendered":"Abya Yala, cinco a\u00f1os atr\u00e1s"},"content":{"rendered":"\n<p>Apenas han pasado cinco a\u00f1os desde que Beatriz Carrera Maldonado nos trajo su carpeta de fotograf\u00edas tomadas a las creaciones wirrarikas que guarda el Museo Zacatecano (M\u00e9xico). Nos asombr\u00f3, m\u00e1s a quienes no ten\u00edamos noticias siquiera de la existencia de una comunidad ind\u00edgena que produce semejantes destellos de luz en forma de esculturas revestidas de chaquiras. La Escuela de Estudios Hispanoamericanos nos cedi\u00f3, una vez m\u00e1s, sus espacios para exponer las hermosas fotograf\u00edas y adem\u00e1s reunirnos en Seminario para hablar, por extenso, de la creaci\u00f3n en los mundos ind\u00edgenas americanos. Guardamos las instant\u00e1neas del momento en que montamos entre todos los miembros del equipo ARTE-UPO y algunas que recogen las intervenciones del elenco de conferenciantes.  <\/p>\n\n\n\n<p> La muestra se expuso en la Escuela entre los d\u00edas 17 de noviembre de 2014 y el 30 de enero de 2015. Reuni\u00f3n una veintena de piezas, entre objetos y artesanos operando en sus talleres.<\/p>\n\n\n\n<p><\/p>\n\n\n\n<div class=\"wp-block-image\"><figure class=\"aligncenter size-large is-resized\"><img loading=\"lazy\" decoding=\"async\" src=\"https:\/\/www.upo.es\/investiga\/enredars\/blog\/wp-content\/uploads\/2020\/02\/8-757x1024.jpg\" alt=\"\" class=\"wp-image-109\" width=\"447\" height=\"604\" srcset=\"https:\/\/www.upo.es\/investiga\/enredars\/blog\/wp-content\/uploads\/2020\/02\/8-757x1024.jpg 757w, https:\/\/www.upo.es\/investiga\/enredars\/blog\/wp-content\/uploads\/2020\/02\/8-222x300.jpg 222w, https:\/\/www.upo.es\/investiga\/enredars\/blog\/wp-content\/uploads\/2020\/02\/8-768x1039.jpg 768w, https:\/\/www.upo.es\/investiga\/enredars\/blog\/wp-content\/uploads\/2020\/02\/8-1135x1536.jpg 1135w, https:\/\/www.upo.es\/investiga\/enredars\/blog\/wp-content\/uploads\/2020\/02\/8-1514x2048.jpg 1514w, https:\/\/www.upo.es\/investiga\/enredars\/blog\/wp-content\/uploads\/2020\/02\/8-scaled.jpg 1892w\" sizes=\"(max-width: 447px) 100vw, 447px\" \/><\/figure><\/div>\n\n\n\n<p>Por lo que respecta al Seminario, que se celebr\u00f3 entre los d\u00edas 17 y 18 de noviembre, nos permiti\u00f3 mejorar a\u00fan m\u00e1s nuestro conocimiento de este territorio creativo. Once especialistas procedentes de M\u00e9xico, Chile, Colombia y Espa\u00f1a, nos llevaron de la mano por \u00e9l.<\/p>\n\n\n\n<p>La exposici\u00f3n y el seminario nos ofrecieron ideas y materiales suficientes para confeccionar nuestro libro que lleva por t\u00edtulo <em>Abya Yala Wawgeykuna<\/em>.<\/p>\n\n\n\n<div class=\"wp-block-group\"><div class=\"wp-block-group__inner-container is-layout-flow wp-block-group-is-layout-flow\">\n<div class=\"wp-block-group\"><div class=\"wp-block-group__inner-container is-layout-flow wp-block-group-is-layout-flow\">\n<div class=\"wp-block-image\"><figure class=\"aligncenter size-large is-resized\"><img loading=\"lazy\" decoding=\"async\" src=\"https:\/\/www.upo.es\/investiga\/enredars\/blog\/wp-content\/uploads\/2020\/02\/5-4-678x1024.jpg\" alt=\"\" class=\"wp-image-141\" width=\"384\" height=\"580\" srcset=\"https:\/\/www.upo.es\/investiga\/enredars\/blog\/wp-content\/uploads\/2020\/02\/5-4-678x1024.jpg 678w, https:\/\/www.upo.es\/investiga\/enredars\/blog\/wp-content\/uploads\/2020\/02\/5-4-199x300.jpg 199w, https:\/\/www.upo.es\/investiga\/enredars\/blog\/wp-content\/uploads\/2020\/02\/5-4-768x1160.jpg 768w, https:\/\/www.upo.es\/investiga\/enredars\/blog\/wp-content\/uploads\/2020\/02\/5-4-1017x1536.jpg 1017w, https:\/\/www.upo.es\/investiga\/enredars\/blog\/wp-content\/uploads\/2020\/02\/5-4-1356x2048.jpg 1356w, https:\/\/www.upo.es\/investiga\/enredars\/blog\/wp-content\/uploads\/2020\/02\/5-4.jpg 1477w\" sizes=\"(max-width: 384px) 100vw, 384px\" \/><figcaption><em>Beatriz Carreras: fot\u00f3grafa, comisaria de la exposici\u00f3n y coeditora del libro.<\/em><\/figcaption><\/figure><\/div>\n<\/div><\/div>\n<\/div><\/div>\n\n\n\n<p><\/p>\n\n\n\n<div class=\"wp-block-image\"><figure class=\"aligncenter size-large\"><img loading=\"lazy\" decoding=\"async\" width=\"1024\" height=\"420\" src=\"https:\/\/www.upo.es\/investiga\/enredars\/blog\/wp-content\/uploads\/2020\/02\/7-1-1024x420.jpg\" alt=\"\" class=\"wp-image-114\" srcset=\"https:\/\/www.upo.es\/investiga\/enredars\/blog\/wp-content\/uploads\/2020\/02\/7-1-1024x420.jpg 1024w, https:\/\/www.upo.es\/investiga\/enredars\/blog\/wp-content\/uploads\/2020\/02\/7-1-300x123.jpg 300w, https:\/\/www.upo.es\/investiga\/enredars\/blog\/wp-content\/uploads\/2020\/02\/7-1-768x315.jpg 768w, https:\/\/www.upo.es\/investiga\/enredars\/blog\/wp-content\/uploads\/2020\/02\/7-1-1536x630.jpg 1536w, https:\/\/www.upo.es\/investiga\/enredars\/blog\/wp-content\/uploads\/2020\/02\/7-1-2048x840.jpg 2048w\" sizes=\"(max-width: 1024px) 100vw, 1024px\" \/><figcaption><em>El equipo montando la exposici\u00f3n.<\/em><\/figcaption><\/figure><\/div>\n\n\n\n<p><\/p>\n\n\n\n<div class=\"wp-block-image\"><figure class=\"aligncenter size-large\"><img loading=\"lazy\" decoding=\"async\" width=\"1024\" height=\"253\" src=\"https:\/\/www.upo.es\/investiga\/enredars\/blog\/wp-content\/uploads\/2020\/02\/2_P\u00daBLICO-1024x253.jpg\" alt=\"\" class=\"wp-image-115\" srcset=\"https:\/\/www.upo.es\/investiga\/enredars\/blog\/wp-content\/uploads\/2020\/02\/2_P\u00daBLICO-1024x253.jpg 1024w, https:\/\/www.upo.es\/investiga\/enredars\/blog\/wp-content\/uploads\/2020\/02\/2_P\u00daBLICO-300x74.jpg 300w, https:\/\/www.upo.es\/investiga\/enredars\/blog\/wp-content\/uploads\/2020\/02\/2_P\u00daBLICO-768x190.jpg 768w, https:\/\/www.upo.es\/investiga\/enredars\/blog\/wp-content\/uploads\/2020\/02\/2_P\u00daBLICO-1536x380.jpg 1536w, https:\/\/www.upo.es\/investiga\/enredars\/blog\/wp-content\/uploads\/2020\/02\/2_P\u00daBLICO-2048x506.jpg 2048w\" sizes=\"(max-width: 1024px) 100vw, 1024px\" \/><figcaption><em>Instant\u00e1nea del seminario.<\/em><\/figcaption><\/figure><\/div>\n\n\n\n<p><\/p>\n","protected":false},"excerpt":{"rendered":"<p>Apenas han pasado cinco a\u00f1os desde que Beatriz Carrera Maldonado nos trajo su carpeta de fotograf\u00edas tomadas a las creaciones wirrarikas que guarda el Museo Zacatecano (M\u00e9xico). Nos asombr\u00f3, m\u00e1s a quienes no ten\u00edamos noticias<\/p>\n","protected":false},"author":1,"featured_media":121,"comment_status":"closed","ping_status":"closed","sticky":false,"template":"","format":"standard","meta":{"footnotes":""},"categories":[1],"tags":[],"class_list":["post-106","post","type-post","status-publish","format-standard","has-post-thumbnail","hentry","category-acervo"],"_links":{"self":[{"href":"https:\/\/www.upo.es\/investiga\/enredars\/blog\/wp-json\/wp\/v2\/posts\/106"}],"collection":[{"href":"https:\/\/www.upo.es\/investiga\/enredars\/blog\/wp-json\/wp\/v2\/posts"}],"about":[{"href":"https:\/\/www.upo.es\/investiga\/enredars\/blog\/wp-json\/wp\/v2\/types\/post"}],"author":[{"embeddable":true,"href":"https:\/\/www.upo.es\/investiga\/enredars\/blog\/wp-json\/wp\/v2\/users\/1"}],"replies":[{"embeddable":true,"href":"https:\/\/www.upo.es\/investiga\/enredars\/blog\/wp-json\/wp\/v2\/comments?post=106"}],"version-history":[{"count":19,"href":"https:\/\/www.upo.es\/investiga\/enredars\/blog\/wp-json\/wp\/v2\/posts\/106\/revisions"}],"predecessor-version":[{"id":146,"href":"https:\/\/www.upo.es\/investiga\/enredars\/blog\/wp-json\/wp\/v2\/posts\/106\/revisions\/146"}],"wp:featuredmedia":[{"embeddable":true,"href":"https:\/\/www.upo.es\/investiga\/enredars\/blog\/wp-json\/wp\/v2\/media\/121"}],"wp:attachment":[{"href":"https:\/\/www.upo.es\/investiga\/enredars\/blog\/wp-json\/wp\/v2\/media?parent=106"}],"wp:term":[{"taxonomy":"category","embeddable":true,"href":"https:\/\/www.upo.es\/investiga\/enredars\/blog\/wp-json\/wp\/v2\/categories?post=106"},{"taxonomy":"post_tag","embeddable":true,"href":"https:\/\/www.upo.es\/investiga\/enredars\/blog\/wp-json\/wp\/v2\/tags?post=106"}],"curies":[{"name":"wp","href":"https:\/\/api.w.org\/{rel}","templated":true}]}}