{"id":155,"date":"2020-02-06T12:40:13","date_gmt":"2020-02-06T11:40:13","guid":{"rendered":"https:\/\/www.upo.es\/investiga\/enredars\/blog\/?p=155"},"modified":"2020-02-06T17:24:12","modified_gmt":"2020-02-06T16:24:12","slug":"comienzo-del-itinerario-por-caminos-de-tierra-y-tradicion","status":"publish","type":"post","link":"https:\/\/www.upo.es\/investiga\/enredars\/blog\/2020\/02\/06\/comienzo-del-itinerario-por-caminos-de-tierra-y-tradicion\/","title":{"rendered":"Comienzo del itinerario por caminos de tierra y tradici\u00f3n"},"content":{"rendered":"\n<p>Reci\u00e9n inicia la d\u00e9cada de 2010 emprendimos camino a tierras americanas, pasando por Lima y luego Manizales. Se trataba de poner en marcha una red de arquitectura vern\u00e1cula con equipos pertenecientes a distintas universidades repartidas por Argentina, Bolivia, Chile, Colombia, Cuba, Espa\u00f1a, M\u00e9xico, Per\u00fa, Uruguay y Venezuela. En diversas reuniones se compartieron conocimientos y experiencias en la investigaci\u00f3n, estudio, as\u00ed como la conservaci\u00f3n y protecci\u00f3n de este legado cultural, tan diverso como valioso. En Lima nos acogi\u00f3 la Universidad Ricardo Palma, en una reuni\u00f3n multitudinaria celebrada entre los d\u00edas 26 y 29 de septiembre de 2011 (Centro Cultural Ccori Wasi). Un a\u00f1o despu\u00e9s volvimos a congregarnos en el eje cafetero colombiano, en varias reuniones, entre Manizales, Pereira y Armenia (entre el 30 de julio y el 4 de agosto). El encuentro principal se produjo en la sede de la Universidad Nacional de Colombia, de Manizales, con gran afluencia de p\u00fablico. Consecuentemente logramos acopiar materiales suficientes para dar forma a cuatro libros que se reunieron bajo el t\u00edtulo de colecci\u00f3n <em>\u00abDocumentos. RedAVI\u00bb<\/em>. Ser\u00eda nuestra primera colecci\u00f3n y por tanto los primeros libros editados por Enredars.<\/p>\n\n\n\n<div class=\"wp-block-image\"><figure class=\"aligncenter size-large is-resized\"><img loading=\"lazy\" decoding=\"async\" src=\"https:\/\/www.upo.es\/investiga\/enredars\/blog\/wp-content\/uploads\/2020\/02\/3-2.png\" alt=\"\" class=\"wp-image-157\" width=\"243\" height=\"570\" srcset=\"https:\/\/www.upo.es\/investiga\/enredars\/blog\/wp-content\/uploads\/2020\/02\/3-2.png 430w, https:\/\/www.upo.es\/investiga\/enredars\/blog\/wp-content\/uploads\/2020\/02\/3-2-128x300.png 128w\" sizes=\"(max-width: 243px) 100vw, 243px\" \/><\/figure><\/div>\n\n\n\n<div class=\"wp-block-image\"><figure class=\"aligncenter size-large is-resized\"><img loading=\"lazy\" decoding=\"async\" src=\"https:\/\/www.upo.es\/investiga\/enredars\/blog\/wp-content\/uploads\/2020\/02\/4-2-1024x611.png\" alt=\"\" class=\"wp-image-160\" width=\"476\" height=\"284\" srcset=\"https:\/\/www.upo.es\/investiga\/enredars\/blog\/wp-content\/uploads\/2020\/02\/4-2-1024x611.png 1024w, https:\/\/www.upo.es\/investiga\/enredars\/blog\/wp-content\/uploads\/2020\/02\/4-2-300x179.png 300w, https:\/\/www.upo.es\/investiga\/enredars\/blog\/wp-content\/uploads\/2020\/02\/4-2-768x458.png 768w, https:\/\/www.upo.es\/investiga\/enredars\/blog\/wp-content\/uploads\/2020\/02\/4-2.png 1392w\" sizes=\"(max-width: 476px) 100vw, 476px\" \/><\/figure><\/div>\n","protected":false},"excerpt":{"rendered":"<p>Reci\u00e9n inicia la d\u00e9cada de 2010 emprendimos camino a tierras americanas, pasando por Lima y luego Manizales. Se trataba de poner en marcha una red de arquitectura vern\u00e1cula con equipos pertenecientes a distintas universidades repartidas<\/p>\n","protected":false},"author":1,"featured_media":156,"comment_status":"closed","ping_status":"closed","sticky":false,"template":"","format":"standard","meta":{"footnotes":""},"categories":[1],"tags":[],"class_list":["post-155","post","type-post","status-publish","format-standard","has-post-thumbnail","hentry","category-acervo"],"_links":{"self":[{"href":"https:\/\/www.upo.es\/investiga\/enredars\/blog\/wp-json\/wp\/v2\/posts\/155"}],"collection":[{"href":"https:\/\/www.upo.es\/investiga\/enredars\/blog\/wp-json\/wp\/v2\/posts"}],"about":[{"href":"https:\/\/www.upo.es\/investiga\/enredars\/blog\/wp-json\/wp\/v2\/types\/post"}],"author":[{"embeddable":true,"href":"https:\/\/www.upo.es\/investiga\/enredars\/blog\/wp-json\/wp\/v2\/users\/1"}],"replies":[{"embeddable":true,"href":"https:\/\/www.upo.es\/investiga\/enredars\/blog\/wp-json\/wp\/v2\/comments?post=155"}],"version-history":[{"count":8,"href":"https:\/\/www.upo.es\/investiga\/enredars\/blog\/wp-json\/wp\/v2\/posts\/155\/revisions"}],"predecessor-version":[{"id":170,"href":"https:\/\/www.upo.es\/investiga\/enredars\/blog\/wp-json\/wp\/v2\/posts\/155\/revisions\/170"}],"wp:featuredmedia":[{"embeddable":true,"href":"https:\/\/www.upo.es\/investiga\/enredars\/blog\/wp-json\/wp\/v2\/media\/156"}],"wp:attachment":[{"href":"https:\/\/www.upo.es\/investiga\/enredars\/blog\/wp-json\/wp\/v2\/media?parent=155"}],"wp:term":[{"taxonomy":"category","embeddable":true,"href":"https:\/\/www.upo.es\/investiga\/enredars\/blog\/wp-json\/wp\/v2\/categories?post=155"},{"taxonomy":"post_tag","embeddable":true,"href":"https:\/\/www.upo.es\/investiga\/enredars\/blog\/wp-json\/wp\/v2\/tags?post=155"}],"curies":[{"name":"wp","href":"https:\/\/api.w.org\/{rel}","templated":true}]}}