{"id":171,"date":"2020-02-10T16:03:16","date_gmt":"2020-02-10T15:03:16","guid":{"rendered":"https:\/\/www.upo.es\/investiga\/enredars\/blog\/?p=171"},"modified":"2020-02-10T16:03:17","modified_gmt":"2020-02-10T15:03:17","slug":"en-el-aula-y-abriendo-los-cuadernos","status":"publish","type":"post","link":"https:\/\/www.upo.es\/investiga\/enredars\/blog\/2020\/02\/10\/en-el-aula-y-abriendo-los-cuadernos\/","title":{"rendered":"En el Aula y abriendo los Cuadernos"},"content":{"rendered":"\n<p>En octubre de 2014 inauguramos en la Casa Palacio de los Briones de Carmona una muestra fotogr\u00e1fica, organizada por Alberto Campuzano S\u00e1nchez (Colombia), Eunice Miranda Tapia (M\u00e9xico) y Juan Ram\u00f3n Rodr\u00edguez-Mateo (Espa\u00f1a), con el t\u00edtulo <em>Violencia Manifiesta<\/em>. Las instant\u00e1neas proced\u00edan de M\u00e9xico y Colombia y cedidas por artistas en activo en ambos pa\u00edses americanos. Ten\u00edan como fin ilustrar la idea de que <em>\u00abla violencia irrumpe en cada grupo social como un acto cotidiano o extraordinario, de manera brutal o enmascarada, habita sin importar grupos sociales o geograf\u00edas\u00bb<\/em>, seg\u00fan explican los comisarios en el gui\u00f3n de la muestra.<\/p>\n\n\n\n<div class=\"wp-block-image\"><figure class=\"aligncenter size-large is-resized\"><img loading=\"lazy\" decoding=\"async\" src=\"https:\/\/www.upo.es\/investiga\/enredars\/blog\/wp-content\/uploads\/2020\/02\/Exposicion2-673x1024.jpg\" alt=\"\" class=\"wp-image-174\" width=\"370\" height=\"562\" srcset=\"https:\/\/www.upo.es\/investiga\/enredars\/blog\/wp-content\/uploads\/2020\/02\/Exposicion2-673x1024.jpg 673w, https:\/\/www.upo.es\/investiga\/enredars\/blog\/wp-content\/uploads\/2020\/02\/Exposicion2-197x300.jpg 197w, https:\/\/www.upo.es\/investiga\/enredars\/blog\/wp-content\/uploads\/2020\/02\/Exposicion2-768x1168.jpg 768w, https:\/\/www.upo.es\/investiga\/enredars\/blog\/wp-content\/uploads\/2020\/02\/Exposicion2-1010x1536.jpg 1010w, https:\/\/www.upo.es\/investiga\/enredars\/blog\/wp-content\/uploads\/2020\/02\/Exposicion2-1346x2048.jpg 1346w, https:\/\/www.upo.es\/investiga\/enredars\/blog\/wp-content\/uploads\/2020\/02\/Exposicion2-scaled.jpg 1683w\" sizes=\"(max-width: 370px) 100vw, 370px\" \/><\/figure><\/div>\n\n\n\n<p>La exposici\u00f3n ilustr\u00f3 los espacios por los que se movieron los asistentes al <em>I Encuentro en el Aula<\/em>, la carta de presentaci\u00f3n del Aula Latinoamericana de Pensamiento y Creaci\u00f3n Contempor\u00e1neas, de reciente creaci\u00f3n. Un encuentro de dos d\u00edas (23 y 24 de octubre) que se articul\u00f3 en cuatro mesas, dedicadas a las \u00abArqueolog\u00edas y huellas en el arte actual\u00bb, \u00abMercado, autor\u00eda y falsificaciones\u00bb, \u00abDid\u00e1ctica y difusi\u00f3n del patrimonio y desarrollo local\u00bb y \u00abArte y violencia en los entornos contempor\u00e1neos\u00bb. \u00c9ste \u00faltimo t\u00edtulo fue que dio nombre al libro que recogi\u00f3 gran parte de las exposiciones realizadas en estos d\u00edas. Y con \u00e9l comienzo a la colecci\u00f3n de los \u00abCuadernos del Aula\u00bb.<\/p>\n\n\n\n<div class=\"wp-block-image\"><figure class=\"aligncenter size-large is-resized\"><img loading=\"lazy\" decoding=\"async\" src=\"https:\/\/www.upo.es\/investiga\/enredars\/blog\/wp-content\/uploads\/2020\/02\/aulaCarmona-1-1.jpg\" alt=\"\" class=\"wp-image-175\" width=\"456\" height=\"308\" srcset=\"https:\/\/www.upo.es\/investiga\/enredars\/blog\/wp-content\/uploads\/2020\/02\/aulaCarmona-1-1.jpg 596w, https:\/\/www.upo.es\/investiga\/enredars\/blog\/wp-content\/uploads\/2020\/02\/aulaCarmona-1-1-300x203.jpg 300w\" sizes=\"(max-width: 456px) 100vw, 456px\" \/><\/figure><\/div>\n\n\n\n<p>Una fascinante inmersi\u00f3n en el arte nuestro tiempo, tan comprometido como evocador.<\/p>\n\n\n\n<div class=\"wp-block-image\"><figure class=\"aligncenter size-large is-resized\"><img loading=\"lazy\" decoding=\"async\" src=\"https:\/\/www.upo.es\/investiga\/enredars\/blog\/wp-content\/uploads\/2020\/02\/EncuentroAula_1-1024x674.jpg\" alt=\"\" class=\"wp-image-176\" width=\"512\" height=\"336\" srcset=\"https:\/\/www.upo.es\/investiga\/enredars\/blog\/wp-content\/uploads\/2020\/02\/EncuentroAula_1-1024x674.jpg 1024w, https:\/\/www.upo.es\/investiga\/enredars\/blog\/wp-content\/uploads\/2020\/02\/EncuentroAula_1-300x197.jpg 300w, https:\/\/www.upo.es\/investiga\/enredars\/blog\/wp-content\/uploads\/2020\/02\/EncuentroAula_1-768x505.jpg 768w, https:\/\/www.upo.es\/investiga\/enredars\/blog\/wp-content\/uploads\/2020\/02\/EncuentroAula_1-1536x1011.jpg 1536w, https:\/\/www.upo.es\/investiga\/enredars\/blog\/wp-content\/uploads\/2020\/02\/EncuentroAula_1-2048x1348.jpg 2048w\" sizes=\"(max-width: 512px) 100vw, 512px\" \/><\/figure><\/div>\n","protected":false},"excerpt":{"rendered":"<p>En octubre de 2014 inauguramos en la Casa Palacio de los Briones de Carmona una muestra fotogr\u00e1fica, organizada por Alberto Campuzano S\u00e1nchez (Colombia), Eunice Miranda Tapia (M\u00e9xico) y Juan Ram\u00f3n Rodr\u00edguez-Mateo (Espa\u00f1a), con el t\u00edtulo<\/p>\n","protected":false},"author":1,"featured_media":172,"comment_status":"closed","ping_status":"closed","sticky":false,"template":"","format":"standard","meta":{"footnotes":""},"categories":[1],"tags":[],"class_list":["post-171","post","type-post","status-publish","format-standard","has-post-thumbnail","hentry","category-acervo"],"_links":{"self":[{"href":"https:\/\/www.upo.es\/investiga\/enredars\/blog\/wp-json\/wp\/v2\/posts\/171"}],"collection":[{"href":"https:\/\/www.upo.es\/investiga\/enredars\/blog\/wp-json\/wp\/v2\/posts"}],"about":[{"href":"https:\/\/www.upo.es\/investiga\/enredars\/blog\/wp-json\/wp\/v2\/types\/post"}],"author":[{"embeddable":true,"href":"https:\/\/www.upo.es\/investiga\/enredars\/blog\/wp-json\/wp\/v2\/users\/1"}],"replies":[{"embeddable":true,"href":"https:\/\/www.upo.es\/investiga\/enredars\/blog\/wp-json\/wp\/v2\/comments?post=171"}],"version-history":[{"count":1,"href":"https:\/\/www.upo.es\/investiga\/enredars\/blog\/wp-json\/wp\/v2\/posts\/171\/revisions"}],"predecessor-version":[{"id":177,"href":"https:\/\/www.upo.es\/investiga\/enredars\/blog\/wp-json\/wp\/v2\/posts\/171\/revisions\/177"}],"wp:featuredmedia":[{"embeddable":true,"href":"https:\/\/www.upo.es\/investiga\/enredars\/blog\/wp-json\/wp\/v2\/media\/172"}],"wp:attachment":[{"href":"https:\/\/www.upo.es\/investiga\/enredars\/blog\/wp-json\/wp\/v2\/media?parent=171"}],"wp:term":[{"taxonomy":"category","embeddable":true,"href":"https:\/\/www.upo.es\/investiga\/enredars\/blog\/wp-json\/wp\/v2\/categories?post=171"},{"taxonomy":"post_tag","embeddable":true,"href":"https:\/\/www.upo.es\/investiga\/enredars\/blog\/wp-json\/wp\/v2\/tags?post=171"}],"curies":[{"name":"wp","href":"https:\/\/api.w.org\/{rel}","templated":true}]}}