{"id":178,"date":"2020-02-10T20:54:16","date_gmt":"2020-02-10T19:54:16","guid":{"rendered":"https:\/\/www.upo.es\/investiga\/enredars\/blog\/?p=178"},"modified":"2020-02-10T21:05:02","modified_gmt":"2020-02-10T20:05:02","slug":"esencias-y-pervivencias-en-el-barroco-colombiano","status":"publish","type":"post","link":"https:\/\/www.upo.es\/investiga\/enredars\/blog\/2020\/02\/10\/esencias-y-pervivencias-en-el-barroco-colombiano\/","title":{"rendered":"Esencias y pervivencias en el Barroco colombiano"},"content":{"rendered":"\n<p>El Nuevo Reino de Granada vest\u00eda un pesado traje, de oropeles de gruesa tierra, pero ten\u00eda la cabeza descubierta, que lavaba las aguas de los mares del Sur y del Caribe. En este apostadero pudo haber tenido a la mano los influencias art\u00edsticas emanadas de los talleres de la capital virreinal del Per\u00fa; tambi\u00e9n los aportes que la metr\u00f3poli hizo a trav\u00e9s de Cartagena y la cabecera de Tierra Firme. Pero, sin negar las influencias de uno y otro lado, no podemos menos de reconocer claras disidencias creativas. Aunque no es novedad este extremo en el estudio del arte barroco colombiano, queremos animar a seguir profundizando en lo que de peculiar tuvo este taller. Algo de ello se entrever\u00e1 en las intervenciones de nuestras dos invitadas para compartir con nosotros un nuevo encuentro con las <strong>\u00abHoras Barrocas\u00bb<\/strong>. De la mano de Olga Acosta (Departamento de Historia del Arte de la Universidad de Los Andes) y de Laura Vargas (que ha trabajado en el ICAH) nos introduciremos en el taller art\u00edstico santafere\u00f1o. Ellas lo conocen, as\u00ed lo acreditan en sus publicaciones. La primera  ha prestado una especial atenci\u00f3n a la imagen sagrada, en tanto que la segunda ha puesto su inter\u00e9s en los talleres pict\u00f3ricos y las fuentes de este arte.<\/p>\n\n\n\n<ul class=\"wp-block-list\"><li><a rel=\"noreferrer noopener\" aria-label=\"Cv de Olga en Academia (opens in a new tab)\" href=\"https:\/\/uniandes.academia.edu\/OlgaAcosta\" target=\"_blank\">Cv de Olga en Academia<\/a> <\/li><li><a rel=\"noreferrer noopener\" aria-label=\"Cv de Laura en Academia (opens in a new tab)\" href=\"https:\/\/independent.academia.edu\/LauraLilianaVargasMurcia\" target=\"_blank\">Cv de Laura en Academia<\/a><\/li><\/ul>\n\n\n\n<div class=\"wp-block-image\"><figure class=\"aligncenter size-large is-resized\"><img loading=\"lazy\" decoding=\"async\" src=\"https:\/\/www.upo.es\/investiga\/enredars\/blog\/wp-content\/uploads\/2020\/02\/CARTEL1-1024x627.jpg\" alt=\"\" class=\"wp-image-180\" width=\"528\" height=\"323\" srcset=\"https:\/\/www.upo.es\/investiga\/enredars\/blog\/wp-content\/uploads\/2020\/02\/CARTEL1-1024x627.jpg 1024w, https:\/\/www.upo.es\/investiga\/enredars\/blog\/wp-content\/uploads\/2020\/02\/CARTEL1-300x184.jpg 300w, https:\/\/www.upo.es\/investiga\/enredars\/blog\/wp-content\/uploads\/2020\/02\/CARTEL1-768x470.jpg 768w, https:\/\/www.upo.es\/investiga\/enredars\/blog\/wp-content\/uploads\/2020\/02\/CARTEL1-1536x941.jpg 1536w, https:\/\/www.upo.es\/investiga\/enredars\/blog\/wp-content\/uploads\/2020\/02\/CARTEL1-2048x1254.jpg 2048w\" sizes=\"(max-width: 528px) 100vw, 528px\" \/><\/figure><\/div>\n\n\n\n<p>No hay mejor introducci\u00f3n\nal proyecto editorial que esperamos tome forma de libro con el t\u00edtulo\n<em>Esencias y pervivencias barrocas. Colombia, en el Nuevo Reino de\nGranada<\/em>. Nos han llegado los primeros t\u00edtulos de las\ncontribuciones que van a dar forma a esta publicaci\u00f3n. La\nconvocatoria p\u00fablica es reciente y a\u00fan as\u00ed ya hemos logrado una\ndecena de propuestas. Y en su mayor parte caminan en la direcci\u00f3n\nprevista, la que nos conduce\na conocer mejor la realidad art\u00edstica del barroco en este territorio\ncon una peculiar posici\u00f3n\ngeogr\u00e1fica, que condicion\u00f3 el desarrollo de las artes.\nComo parte de un conjunto de obras que estamos dise\u00f1ando para\nconocer el barroco en su alejamiento de la centralidad. Con el\ninter\u00e9s por conocer m\u00e1s en detalle c\u00f3mo tom\u00f3 forma el barroco en\nesta esquina del continente sur americano, invitamos a colaborar en\nel libro. Ser\u00e1 el primero\nde una serie de t\u00edtulos con los que pensamos redibujar todo este\nterritorio barroco, poniendo el \u00e9nfasis en los bordes, tratando de\nconocer m\u00e1s en detalle c\u00f3mo se\ndesempe\u00f1aron los talleres alejados de los centros art\u00edsticos<\/p>\n\n\n\n<p>El\nNuevo Reino de Granada tendr\u00e1 a\u00fan otro volumen m\u00e1s para traer a\ncolaci\u00f3n ese barroco extempor\u00e1neo y poco valorado\nque se desarroll\u00f3 en lo que hoy es distrito venezolano.<\/p>\n\n\n\n<p>Queremos tener las propuestas de colaboraci\u00f3n presentadas antes del 31 de mayo. Para esa fecha pedimos t\u00edtulo y resumen de la contribuci\u00f3n. Y si la idea resulta de nuestro inter\u00e9s quedaremos a la espera de los textos definitvos el 31 de agosto. Ambas fechas del presente a\u00f1os 2020.<\/p>\n\n\n\n<p>Para quien est\u00e9 interesado\/a en colaborar, tiene m\u00e1s informaci\u00f3n en nuestra web: <a href=\"https:\/\/www.upo.es\/investiga\/enredars\/?page_id=39\" target=\"_blank\" rel=\"noreferrer noopener\" aria-label=\"[x] (opens in a new tab)\">[x]<\/a><\/p>\n","protected":false},"excerpt":{"rendered":"<p>El Nuevo Reino de Granada vest\u00eda un pesado traje, de oropeles de gruesa tierra, pero ten\u00eda la cabeza descubierta, que lavaba las aguas de los mares del Sur y del Caribe. En este apostadero pudo<\/p>\n","protected":false},"author":1,"featured_media":179,"comment_status":"closed","ping_status":"closed","sticky":false,"template":"","format":"standard","meta":{"footnotes":""},"categories":[7],"tags":[],"class_list":["post-178","post","type-post","status-publish","format-standard","has-post-thumbnail","hentry","category-novedades"],"_links":{"self":[{"href":"https:\/\/www.upo.es\/investiga\/enredars\/blog\/wp-json\/wp\/v2\/posts\/178"}],"collection":[{"href":"https:\/\/www.upo.es\/investiga\/enredars\/blog\/wp-json\/wp\/v2\/posts"}],"about":[{"href":"https:\/\/www.upo.es\/investiga\/enredars\/blog\/wp-json\/wp\/v2\/types\/post"}],"author":[{"embeddable":true,"href":"https:\/\/www.upo.es\/investiga\/enredars\/blog\/wp-json\/wp\/v2\/users\/1"}],"replies":[{"embeddable":true,"href":"https:\/\/www.upo.es\/investiga\/enredars\/blog\/wp-json\/wp\/v2\/comments?post=178"}],"version-history":[{"count":2,"href":"https:\/\/www.upo.es\/investiga\/enredars\/blog\/wp-json\/wp\/v2\/posts\/178\/revisions"}],"predecessor-version":[{"id":182,"href":"https:\/\/www.upo.es\/investiga\/enredars\/blog\/wp-json\/wp\/v2\/posts\/178\/revisions\/182"}],"wp:featuredmedia":[{"embeddable":true,"href":"https:\/\/www.upo.es\/investiga\/enredars\/blog\/wp-json\/wp\/v2\/media\/179"}],"wp:attachment":[{"href":"https:\/\/www.upo.es\/investiga\/enredars\/blog\/wp-json\/wp\/v2\/media?parent=178"}],"wp:term":[{"taxonomy":"category","embeddable":true,"href":"https:\/\/www.upo.es\/investiga\/enredars\/blog\/wp-json\/wp\/v2\/categories?post=178"},{"taxonomy":"post_tag","embeddable":true,"href":"https:\/\/www.upo.es\/investiga\/enredars\/blog\/wp-json\/wp\/v2\/tags?post=178"}],"curies":[{"name":"wp","href":"https:\/\/api.w.org\/{rel}","templated":true}]}}