{"id":183,"date":"2020-02-20T16:45:16","date_gmt":"2020-02-20T15:45:16","guid":{"rendered":"https:\/\/www.upo.es\/investiga\/enredars\/blog\/?p=183"},"modified":"2020-02-20T16:45:17","modified_gmt":"2020-02-20T15:45:17","slug":"mundos-de-creacion-visual-de-los-pueblos-indigenas","status":"publish","type":"post","link":"https:\/\/www.upo.es\/investiga\/enredars\/blog\/2020\/02\/20\/mundos-de-creacion-visual-de-los-pueblos-indigenas\/","title":{"rendered":"Mundos de Creaci\u00f3n Visual de los Pueblos Ind\u00edgenas"},"content":{"rendered":"\n<p>\u00bbLos Pueblos Ind\u00edgenas que habitaron y habitan tierras americanas viven en sus creaciones y estas a su vez viven en sus creadores y comunidades. A trav\u00e9s de ellas podemos acercarnos a mundos diversos en los cu\u00e1les todo se relaciona e integra: territorio, espiritualidad, principios fundamentales para la permanencia de la vida, modos de pensamiento, conocimientos ancestrales y pr\u00e1cticas culturales de los Pueblos. Este libro colectivo re\u00fane  conocimiento sobre diversos procesos de creaci\u00f3n, voces e im\u00e1genes que han sido invisibilizadas y silenciadas sobre los Mundos de Creaci\u00f3n de los Pueblos Ind\u00edgenas. Con la lectura de estos cap\u00edtulos podemos aproximarnos a percibir diversas relaciones con seres naturales, humanos y sobrenaturales a trav\u00e9s de las acciones de creaci\u00f3n y mediante las creaciones ind\u00edgenas. Podemos tambi\u00e9n acercarnos a conocer diversos principios que orientan la creaci\u00f3n y configuraci\u00f3n de im\u00e1genes y objetos que se constituyen en signos de identidad y que nos acercan a la comprensi\u00f3n del sentido fundamental de la vida de los Pueblos Ind\u00edgenas, su modo de ser y estar en la tierra y en el cosmos.<\/p>\n\n\n\n<p> Cerramos el libro con un ejercicio preliminar de desclasificaci\u00f3n al preguntarnos si las creaciones objetuales ind\u00edgenas son \u00bfArte, Artesan\u00eda o Dise\u00f1o? o son otros Mundos de Creaci\u00f3n diversos; con lo cual pretendemos abrir nuevos espacios de discusi\u00f3n y posibilidades para dar continuidad a las reflexiones sobre estos temas.\u00bb<\/p>\n\n\n\n<p> \u2014 Ana Cielo Qui\u00f1ones Aguilar. Pontificia Universidad Javeriana, Bogot\u00e1.<\/p>\n","protected":false},"excerpt":{"rendered":"<p>\u00bbLos Pueblos Ind\u00edgenas que habitaron y habitan tierras americanas viven en sus creaciones y estas a su vez viven en sus creadores y comunidades. A trav\u00e9s de ellas podemos acercarnos a mundos diversos en los<\/p>\n","protected":false},"author":1,"featured_media":184,"comment_status":"closed","ping_status":"closed","sticky":false,"template":"","format":"standard","meta":{"footnotes":""},"categories":[7],"tags":[],"class_list":["post-183","post","type-post","status-publish","format-standard","has-post-thumbnail","hentry","category-novedades"],"_links":{"self":[{"href":"https:\/\/www.upo.es\/investiga\/enredars\/blog\/wp-json\/wp\/v2\/posts\/183"}],"collection":[{"href":"https:\/\/www.upo.es\/investiga\/enredars\/blog\/wp-json\/wp\/v2\/posts"}],"about":[{"href":"https:\/\/www.upo.es\/investiga\/enredars\/blog\/wp-json\/wp\/v2\/types\/post"}],"author":[{"embeddable":true,"href":"https:\/\/www.upo.es\/investiga\/enredars\/blog\/wp-json\/wp\/v2\/users\/1"}],"replies":[{"embeddable":true,"href":"https:\/\/www.upo.es\/investiga\/enredars\/blog\/wp-json\/wp\/v2\/comments?post=183"}],"version-history":[{"count":1,"href":"https:\/\/www.upo.es\/investiga\/enredars\/blog\/wp-json\/wp\/v2\/posts\/183\/revisions"}],"predecessor-version":[{"id":185,"href":"https:\/\/www.upo.es\/investiga\/enredars\/blog\/wp-json\/wp\/v2\/posts\/183\/revisions\/185"}],"wp:featuredmedia":[{"embeddable":true,"href":"https:\/\/www.upo.es\/investiga\/enredars\/blog\/wp-json\/wp\/v2\/media\/184"}],"wp:attachment":[{"href":"https:\/\/www.upo.es\/investiga\/enredars\/blog\/wp-json\/wp\/v2\/media?parent=183"}],"wp:term":[{"taxonomy":"category","embeddable":true,"href":"https:\/\/www.upo.es\/investiga\/enredars\/blog\/wp-json\/wp\/v2\/categories?post=183"},{"taxonomy":"post_tag","embeddable":true,"href":"https:\/\/www.upo.es\/investiga\/enredars\/blog\/wp-json\/wp\/v2\/tags?post=183"}],"curies":[{"name":"wp","href":"https:\/\/api.w.org\/{rel}","templated":true}]}}