{"id":186,"date":"2020-02-23T13:33:16","date_gmt":"2020-02-23T12:33:16","guid":{"rendered":"https:\/\/www.upo.es\/investiga\/enredars\/blog\/?p=186"},"modified":"2020-02-23T15:18:58","modified_gmt":"2020-02-23T14:18:58","slug":"el-relato-de-sendos-viajes-americanos-de-guatemala-y-mexico-2015-2019","status":"publish","type":"post","link":"https:\/\/www.upo.es\/investiga\/enredars\/blog\/2020\/02\/23\/el-relato-de-sendos-viajes-americanos-de-guatemala-y-mexico-2015-2019\/","title":{"rendered":"El relato de sendos viajes americanos, a Guatemala y M\u00e9xico (2015\/2019)"},"content":{"rendered":"\n<p>En los meses de noviembre y diciembre de 2015 se exhibi\u00f3 en el Archivo General de Indias la muestra fotogr\u00e1fica \u00abGuatemala&#8230; tu nombre inmortal\u00bb, cuyos negativos hab\u00edan pertenecido a Angulo \u00cd\u00f1iguez y Marco Dorta, fechados entre los a\u00f1os treinta y setenta del siglo XX, que hoy custodia la fototeca hist\u00f3rica del Consejo Superior de Investigaciones Cient\u00edficas. Se organiz\u00f3 coincidiendo con el Simposio Internacional \u00abCentroam\u00e9rica. Patrimonio Vivo\u00bb (11-13\/11\/2015).<\/p>\n\n\n\n<div class=\"wp-block-image\"><figure class=\"aligncenter size-large is-resized\"><img loading=\"lazy\" decoding=\"async\" src=\"https:\/\/www.upo.es\/investiga\/enredars\/blog\/wp-content\/uploads\/2020\/02\/descarga-2.png\" alt=\"\" class=\"wp-image-188\" width=\"500\" height=\"356\" srcset=\"https:\/\/www.upo.es\/investiga\/enredars\/blog\/wp-content\/uploads\/2020\/02\/descarga-2.png 658w, https:\/\/www.upo.es\/investiga\/enredars\/blog\/wp-content\/uploads\/2020\/02\/descarga-2-300x214.png 300w\" sizes=\"(max-width: 500px) 100vw, 500px\" \/><\/figure><\/div>\n\n\n\n<p>\u00abLas veinte im\u00e1genes en blanco y negro expuestas en\u00a0el Archivo General de Indias\u00a0hacen un recorrido desde la d\u00e9cada de los treinta hasta la d\u00e9cada de los setenta del siglo XX. Estas instant\u00e1neas reflejan con sencillez la cotidianeidad y las labores de los guatemaltecos, como las mujeres en sus quehaceres del tejer al aire libre y los hombres subidos en barcos navegando en el lago dispuestos a pescar. En ellas adem\u00e1s de los trabajos manuales y el esfuerzo humano se contempla los patrimonios hist\u00f3ricos de Guatemala como lo son la universidad y sus iglesias.\u00bb (<a href=\"https:\/\/www.periodismodeviajes.org\/2015\/12\/04\/informaci%C3%B3n-la-belleza-de-guatemala-llega-al-archivo-de-indias\/\" target=\"_blank\" rel=\"noreferrer noopener\" aria-label=\"x (opens in a new tab)\">x<\/a>)<\/p>\n\n\n\n<div class=\"wp-block-image\"><figure class=\"aligncenter size-large is-resized\"><img loading=\"lazy\" decoding=\"async\" src=\"https:\/\/www.upo.es\/investiga\/enredars\/blog\/wp-content\/uploads\/2020\/02\/expo_guatemala-1024x652.jpg\" alt=\"\" class=\"wp-image-189\" width=\"495\" height=\"315\" srcset=\"https:\/\/www.upo.es\/investiga\/enredars\/blog\/wp-content\/uploads\/2020\/02\/expo_guatemala-1024x652.jpg 1024w, https:\/\/www.upo.es\/investiga\/enredars\/blog\/wp-content\/uploads\/2020\/02\/expo_guatemala-300x191.jpg 300w, https:\/\/www.upo.es\/investiga\/enredars\/blog\/wp-content\/uploads\/2020\/02\/expo_guatemala-768x489.jpg 768w, https:\/\/www.upo.es\/investiga\/enredars\/blog\/wp-content\/uploads\/2020\/02\/expo_guatemala-1536x979.jpg 1536w, https:\/\/www.upo.es\/investiga\/enredars\/blog\/wp-content\/uploads\/2020\/02\/expo_guatemala-2048x1305.jpg 2048w\" sizes=\"(max-width: 495px) 100vw, 495px\" \/><\/figure><\/div>\n\n\n\n<p>La convocatoria tuvo notable \u00e9xito de p\u00fablico, tanto como la otra exposici\u00f3n, que se pudo ver entre los d\u00edas 7 y 31 de marzo de 2019, teniendo por t\u00edtulo <em>De Puerta en Puerta. De Veracruz a Sevilla<\/em>. Veinte fotograf\u00edas que formaron parte del mismo legado que hizo Angulo \u00cd\u00f1iguez al CSIC. E igualmente se colg\u00f3 en la sala de los ca\u00f1ones del Archivo General de Indias, como reclamo visual a prop\u00f3sito del Congreso Internacional organizado en Sevilla sobre el \u00abTornaviaje. Espa\u00f1a\/Nueva Espa\u00f1a. Siglos XVI-XIX\u00bb (07-08\/03\/2019).<\/p>\n\n\n\n<div class=\"wp-block-image\"><figure class=\"aligncenter size-large is-resized\"><img loading=\"lazy\" decoding=\"async\" src=\"https:\/\/www.upo.es\/investiga\/enredars\/blog\/wp-content\/uploads\/2020\/02\/exposicion-de-verazruz-a-sevilla-archivo-de-indias-sevilla-2019-1024x722.jpg\" alt=\"\" class=\"wp-image-191\" width=\"472\" height=\"332\" srcset=\"https:\/\/www.upo.es\/investiga\/enredars\/blog\/wp-content\/uploads\/2020\/02\/exposicion-de-verazruz-a-sevilla-archivo-de-indias-sevilla-2019-1024x722.jpg 1024w, https:\/\/www.upo.es\/investiga\/enredars\/blog\/wp-content\/uploads\/2020\/02\/exposicion-de-verazruz-a-sevilla-archivo-de-indias-sevilla-2019-300x211.jpg 300w, https:\/\/www.upo.es\/investiga\/enredars\/blog\/wp-content\/uploads\/2020\/02\/exposicion-de-verazruz-a-sevilla-archivo-de-indias-sevilla-2019-768x541.jpg 768w, https:\/\/www.upo.es\/investiga\/enredars\/blog\/wp-content\/uploads\/2020\/02\/exposicion-de-verazruz-a-sevilla-archivo-de-indias-sevilla-2019.jpg 1240w\" sizes=\"(max-width: 472px) 100vw, 472px\" \/><\/figure><\/div>\n\n\n\n<p>\u00abEn las im\u00e1genes se encuentran inmortalizadas ambas ciudades tal y como eran a mediados del siglo pasado. La exposici\u00f3n tambi\u00e9n incluye capturas de otras ciudades mexicanas que se encuentran relacionadas de alguna manera con la Carrera de Indias y cuatro planos hist\u00f3ricos de la ciudad de Veracruz.\u00bb (<a href=\"https:\/\/espaciomex.com\/cultura\/de-veracruz-a-sevilla-fotografias-que-conectan-el-pasado-de-mexico-y-espana\/\" target=\"_blank\" rel=\"noreferrer noopener\" aria-label=\"x (opens in a new tab)\">x<\/a>)<\/p>\n\n\n\n<div class=\"wp-block-image\"><figure class=\"aligncenter size-large is-resized\"><img loading=\"lazy\" decoding=\"async\" src=\"https:\/\/www.upo.es\/investiga\/enredars\/blog\/wp-content\/uploads\/2020\/02\/J_DAH28_AH4164-1024x818.jpg\" alt=\"\" class=\"wp-image-192\" width=\"500\" height=\"399\" srcset=\"https:\/\/www.upo.es\/investiga\/enredars\/blog\/wp-content\/uploads\/2020\/02\/J_DAH28_AH4164-1024x818.jpg 1024w, https:\/\/www.upo.es\/investiga\/enredars\/blog\/wp-content\/uploads\/2020\/02\/J_DAH28_AH4164-300x240.jpg 300w, https:\/\/www.upo.es\/investiga\/enredars\/blog\/wp-content\/uploads\/2020\/02\/J_DAH28_AH4164-768x613.jpg 768w, https:\/\/www.upo.es\/investiga\/enredars\/blog\/wp-content\/uploads\/2020\/02\/J_DAH28_AH4164-1536x1227.jpg 1536w, https:\/\/www.upo.es\/investiga\/enredars\/blog\/wp-content\/uploads\/2020\/02\/J_DAH28_AH4164-2048x1635.jpg 2048w\" sizes=\"(max-width: 500px) 100vw, 500px\" \/><\/figure><\/div>\n","protected":false},"excerpt":{"rendered":"<p>En los meses de noviembre y diciembre de 2015 se exhibi\u00f3 en el Archivo General de Indias la muestra fotogr\u00e1fica \u00abGuatemala&#8230; tu nombre inmortal\u00bb, cuyos negativos hab\u00edan pertenecido a Angulo \u00cd\u00f1iguez y Marco Dorta, fechados<\/p>\n","protected":false},"author":1,"featured_media":187,"comment_status":"closed","ping_status":"closed","sticky":false,"template":"","format":"standard","meta":{"footnotes":""},"categories":[1],"tags":[],"class_list":["post-186","post","type-post","status-publish","format-standard","has-post-thumbnail","hentry","category-acervo"],"_links":{"self":[{"href":"https:\/\/www.upo.es\/investiga\/enredars\/blog\/wp-json\/wp\/v2\/posts\/186"}],"collection":[{"href":"https:\/\/www.upo.es\/investiga\/enredars\/blog\/wp-json\/wp\/v2\/posts"}],"about":[{"href":"https:\/\/www.upo.es\/investiga\/enredars\/blog\/wp-json\/wp\/v2\/types\/post"}],"author":[{"embeddable":true,"href":"https:\/\/www.upo.es\/investiga\/enredars\/blog\/wp-json\/wp\/v2\/users\/1"}],"replies":[{"embeddable":true,"href":"https:\/\/www.upo.es\/investiga\/enredars\/blog\/wp-json\/wp\/v2\/comments?post=186"}],"version-history":[{"count":3,"href":"https:\/\/www.upo.es\/investiga\/enredars\/blog\/wp-json\/wp\/v2\/posts\/186\/revisions"}],"predecessor-version":[{"id":196,"href":"https:\/\/www.upo.es\/investiga\/enredars\/blog\/wp-json\/wp\/v2\/posts\/186\/revisions\/196"}],"wp:featuredmedia":[{"embeddable":true,"href":"https:\/\/www.upo.es\/investiga\/enredars\/blog\/wp-json\/wp\/v2\/media\/187"}],"wp:attachment":[{"href":"https:\/\/www.upo.es\/investiga\/enredars\/blog\/wp-json\/wp\/v2\/media?parent=186"}],"wp:term":[{"taxonomy":"category","embeddable":true,"href":"https:\/\/www.upo.es\/investiga\/enredars\/blog\/wp-json\/wp\/v2\/categories?post=186"},{"taxonomy":"post_tag","embeddable":true,"href":"https:\/\/www.upo.es\/investiga\/enredars\/blog\/wp-json\/wp\/v2\/tags?post=186"}],"curies":[{"name":"wp","href":"https:\/\/api.w.org\/{rel}","templated":true}]}}