{"id":197,"date":"2020-02-27T17:01:34","date_gmt":"2020-02-27T16:01:34","guid":{"rendered":"https:\/\/www.upo.es\/investiga\/enredars\/blog\/?p=197"},"modified":"2020-03-09T15:44:53","modified_gmt":"2020-03-09T14:44:53","slug":"no-embalo-da-rede","status":"publish","type":"post","link":"https:\/\/www.upo.es\/investiga\/enredars\/blog\/2020\/02\/27\/no-embalo-da-rede\/","title":{"rendered":"No embalo da rede"},"content":{"rendered":"\n<p>Un nuevo libro, con el t\u00edtulo <em>No embalo da rede. Trocas culturais, hist\u00f3ria e geografia artistica do Barroco na Am\u00e9rica Portuguesa<\/em>, empieza a tomar forma en nuestro taller, con los materiales compilados por Renata Martins y Luciano Migliaccio, apoyados por Christian Mascarenhas. Con \u00e9l materializamos la idea surgida en el encuentro celebrado en el Museu de Arte Contempor\u00e2nea de la Universidade de S\u00e3o Paulo \u2013 MAC-USP, organizado por la Faculdade de Arquitetura e Urbanismo de la Universidade de S\u00e3o Paulo \u2013 FAU-USP, en mayo de 2015, con participantes llegados de diversas regiones de Brasil as\u00ed como de otros pa\u00edses americanos. Este volumen tiene tambi\u00e9n el respaldo de la Funda\u00e7\u00e3o de Amparo \u00e0 Pesquisa do Estado de S\u00e3o Paulo \u2013 FAPESP, con el Projeto Jovem Pesquisador <em>Barroco Cifrado<\/em>, en desarrollo desde octubre de 2016 en la FAU-USP. Han contribuido al libro, con sus respectivos trabajos, Ram\u00f3n Guti\u00e9rrez, Alexandre Benoit, Angela Brand\u00e3o, Ang\u00e9lica Brito, Alex Bohrer, Aziz Pedrosa, Christian Mascarenhas, Claudia Duarte, Carla Garrido, Nelson Porto, Danielle Pereira, Denise Massimino, Diogo Borsoi, Fabricio Forganes, Fl\u00e1vio Gil, Julio Moraes, Julio Meiron, Maria Jos\u00e9 Spiteri, Mateus Rosada, Mozart Bonazzi, Myriam Salom\u00e3o, Percival Tirapeli, Rafael Schunk, Regina Vieira, Renata Martins, Tha\u00eds Montanari y los propios editores. Poco m\u00e1s de una veintena de art\u00edculos, que en breve tiempo queremos sean de p\u00fablico dominio.<\/p>\n\n\n\n<div class=\"wp-block-image\"><figure class=\"aligncenter size-large is-resized\"><img loading=\"lazy\" decoding=\"async\" src=\"https:\/\/www.upo.es\/investiga\/enredars\/blog\/wp-content\/uploads\/2020\/02\/10497388_1073942642622268_5349419054028107002_o-1024x768.jpg\" alt=\"\" class=\"wp-image-199\" width=\"542\" height=\"407\" srcset=\"https:\/\/www.upo.es\/investiga\/enredars\/blog\/wp-content\/uploads\/2020\/02\/10497388_1073942642622268_5349419054028107002_o-1024x768.jpg 1024w, https:\/\/www.upo.es\/investiga\/enredars\/blog\/wp-content\/uploads\/2020\/02\/10497388_1073942642622268_5349419054028107002_o-300x225.jpg 300w, https:\/\/www.upo.es\/investiga\/enredars\/blog\/wp-content\/uploads\/2020\/02\/10497388_1073942642622268_5349419054028107002_o-768x576.jpg 768w, https:\/\/www.upo.es\/investiga\/enredars\/blog\/wp-content\/uploads\/2020\/02\/10497388_1073942642622268_5349419054028107002_o-1536x1152.jpg 1536w, https:\/\/www.upo.es\/investiga\/enredars\/blog\/wp-content\/uploads\/2020\/02\/10497388_1073942642622268_5349419054028107002_o.jpg 2048w\" sizes=\"(max-width: 542px) 100vw, 542px\" \/><figcaption>Hugo Segawa, acompa\u00f1ado de Luciano Migliaccio y Renata Martins, en la inauguraci\u00f3n del congreso (6 de mayo de 2015).<\/figcaption><\/figure><\/div>\n","protected":false},"excerpt":{"rendered":"<p>Un nuevo libro, con el t\u00edtulo No embalo da rede. Trocas culturais, hist\u00f3ria e geografia artistica do Barroco na Am\u00e9rica Portuguesa, empieza a tomar forma en nuestro taller, con los materiales compilados por Renata Martins<\/p>\n","protected":false},"author":1,"featured_media":198,"comment_status":"closed","ping_status":"closed","sticky":false,"template":"","format":"standard","meta":{"footnotes":""},"categories":[7],"tags":[],"class_list":["post-197","post","type-post","status-publish","format-standard","has-post-thumbnail","hentry","category-novedades"],"_links":{"self":[{"href":"https:\/\/www.upo.es\/investiga\/enredars\/blog\/wp-json\/wp\/v2\/posts\/197"}],"collection":[{"href":"https:\/\/www.upo.es\/investiga\/enredars\/blog\/wp-json\/wp\/v2\/posts"}],"about":[{"href":"https:\/\/www.upo.es\/investiga\/enredars\/blog\/wp-json\/wp\/v2\/types\/post"}],"author":[{"embeddable":true,"href":"https:\/\/www.upo.es\/investiga\/enredars\/blog\/wp-json\/wp\/v2\/users\/1"}],"replies":[{"embeddable":true,"href":"https:\/\/www.upo.es\/investiga\/enredars\/blog\/wp-json\/wp\/v2\/comments?post=197"}],"version-history":[{"count":2,"href":"https:\/\/www.upo.es\/investiga\/enredars\/blog\/wp-json\/wp\/v2\/posts\/197\/revisions"}],"predecessor-version":[{"id":201,"href":"https:\/\/www.upo.es\/investiga\/enredars\/blog\/wp-json\/wp\/v2\/posts\/197\/revisions\/201"}],"wp:featuredmedia":[{"embeddable":true,"href":"https:\/\/www.upo.es\/investiga\/enredars\/blog\/wp-json\/wp\/v2\/media\/198"}],"wp:attachment":[{"href":"https:\/\/www.upo.es\/investiga\/enredars\/blog\/wp-json\/wp\/v2\/media?parent=197"}],"wp:term":[{"taxonomy":"category","embeddable":true,"href":"https:\/\/www.upo.es\/investiga\/enredars\/blog\/wp-json\/wp\/v2\/categories?post=197"},{"taxonomy":"post_tag","embeddable":true,"href":"https:\/\/www.upo.es\/investiga\/enredars\/blog\/wp-json\/wp\/v2\/tags?post=197"}],"curies":[{"name":"wp","href":"https:\/\/api.w.org\/{rel}","templated":true}]}}