{"id":202,"date":"2020-03-12T11:45:45","date_gmt":"2020-03-12T10:45:45","guid":{"rendered":"https:\/\/www.upo.es\/investiga\/enredars\/blog\/?p=202"},"modified":"2020-03-12T13:03:39","modified_gmt":"2020-03-12T12:03:39","slug":"barroco-viajero","status":"publish","type":"post","link":"https:\/\/www.upo.es\/investiga\/enredars\/blog\/2020\/03\/12\/barroco-viajero\/","title":{"rendered":"Barroco Viajero"},"content":{"rendered":"\n<p>El volumen quinto de nuestra colecci\u00f3n \u00abUniverso Barroco\u00bb lleva por t\u00edtulo <em>Barroco Vivo, Barroco Continuo<\/em>, por el hecho de que este signo art\u00edstico a\u00fan sigue vigente y no tanto porque se haya logrado concretar como categor\u00eda. Se sigue valorando y evocando, disfrutando y vistiendo, m\u00e1s all\u00e1 de las muestras o los conciertos. El libro, que fue coeditado con la Universidad Nacional de Colombia, en 2019, se compone de numerosos estudios realizados por especialistas en la materia de Espa\u00f1a y Am\u00e9rica. Y dado el planteamiento del mismo, tiene como proemio un texto dedicado a un evento que sobradamente demostr\u00f3 la modernidad del barroco y su poder de convocatoria, al punto de probar su atractivo como fen\u00f3meno cultural. Fue la celebraci\u00f3n durante todo un mes, el de noviembre de 2014, de un conjunto de actividades dedicadas al Barroco quite\u00f1o. Esta \u00abfiesta barroca\u00bb llev\u00f3 por t\u00edtulo <em>Barroco Vivo. Desc\u00fabrelo en Ti<\/em>. Vivo y vibrante, tanto como para lograr la adhesi\u00f3n de los ciudadanos quite\u00f1os y visitantes. Y es posible que el \u00e9xito de esa convocatoria tuviera que ver con ese mismo detalle, el que fuera de general regocijo de la ciudadan\u00eda.<\/p>\n\n\n\n<p>Dora Arizaga ejerc\u00eda a la saz\u00f3n como directora del Instituto de Metropolitano de Patrimonio. Y tuvo la generosa actitud de concertar con el grupo de Universo Barroco la actividad, quedando registrada como parte de un programa m\u00e1s amplio que hab\u00edamos dise\u00f1ado con implicaciones de distintos equipos de toda Am\u00e9rica. De ellos daremos cuenta en su momento.<\/p>\n\n\n\n<div class=\"wp-block-image\"><figure class=\"aligncenter size-large is-resized\"><img loading=\"lazy\" decoding=\"async\" src=\"https:\/\/www.upo.es\/investiga\/enredars\/blog\/wp-content\/uploads\/2020\/03\/BArroco-Vivo2-1024x678.png\" alt=\"\" class=\"wp-image-204\" width=\"503\" height=\"333\" srcset=\"https:\/\/www.upo.es\/investiga\/enredars\/blog\/wp-content\/uploads\/2020\/03\/BArroco-Vivo2-1024x678.png 1024w, https:\/\/www.upo.es\/investiga\/enredars\/blog\/wp-content\/uploads\/2020\/03\/BArroco-Vivo2-300x199.png 300w, https:\/\/www.upo.es\/investiga\/enredars\/blog\/wp-content\/uploads\/2020\/03\/BArroco-Vivo2-768x509.png 768w, https:\/\/www.upo.es\/investiga\/enredars\/blog\/wp-content\/uploads\/2020\/03\/BArroco-Vivo2.png 1324w\" sizes=\"(max-width: 503px) 100vw, 503px\" \/><\/figure><\/div>\n\n\n\n<p>Es de admirar la capacidad gestora del equipo del Instituto, que logr\u00f3 movilizar a los agentes culturales que contribuyeron a la magna celebraci\u00f3n. En citado art\u00edculo de Arizaga se detalla el programa (<a rel=\"noreferrer noopener\" aria-label=\"x (opens in a new tab)\" href=\"https:\/\/rio.upo.es\/xmlui\/handle\/10433\/6613\" target=\"_blank\">x<\/a>), por ello no nos vamos a detener en analizarlo. Hoy queremos poner el acento en lo que supuso la mejor llamada de atenci\u00f3n, un gran despliegue de carteles, tanto banderolas que se\u00f1alaban los lugares de la ciudad incluidos en el itinerario barroco, hasta los paneles informativos de autob\u00fas e incluso aeropuerto. Y en ello consideramos un detalle que ante todo muestra la generosa actitud de la organizaci\u00f3n, al situar en lugares destacados nuestro logotipo UBI, el que hab\u00edamos creado para identificar la red que entonces est\u00e1bamos creando.<\/p>\n\n\n\n<div class=\"wp-block-image\"><figure class=\"aligncenter size-large is-resized\"><img loading=\"lazy\" decoding=\"async\" src=\"https:\/\/www.upo.es\/investiga\/enredars\/blog\/wp-content\/uploads\/2020\/03\/10301207_10153354860477818_1939106019221913755_n.jpg\" alt=\"\" class=\"wp-image-205\" width=\"476\" height=\"357\" srcset=\"https:\/\/www.upo.es\/investiga\/enredars\/blog\/wp-content\/uploads\/2020\/03\/10301207_10153354860477818_1939106019221913755_n.jpg 505w, https:\/\/www.upo.es\/investiga\/enredars\/blog\/wp-content\/uploads\/2020\/03\/10301207_10153354860477818_1939106019221913755_n-300x225.jpg 300w\" sizes=\"(max-width: 476px) 100vw, 476px\" \/><\/figure><\/div>\n\n\n\n<p>La Municipalidad de Quito\ny Universo Barroco de la mano, tal como se visualiza en los bordes de\nlas s\u00e1banas que portaban los autobuses de l\u00ednea, anunciando la\nvitalidad del Barroco. Quedan algunas fotograf\u00edas de esos veh\u00edculo.\nY tambi\u00e9n se guarda testimonio de las banderolas elaboradas, con un\nfleco barroco, para igualmente marcar los espacios de celebraci\u00f3n,\ncomo restaurantes y museos.<\/p>\n","protected":false},"excerpt":{"rendered":"<p>El volumen quinto de nuestra colecci\u00f3n \u00abUniverso Barroco\u00bb lleva por t\u00edtulo Barroco Vivo, Barroco Continuo, por el hecho de que este signo art\u00edstico a\u00fan sigue vigente y no tanto porque se haya logrado concretar como<\/p>\n","protected":false},"author":1,"featured_media":203,"comment_status":"closed","ping_status":"closed","sticky":false,"template":"","format":"standard","meta":{"footnotes":""},"categories":[1],"tags":[],"class_list":["post-202","post","type-post","status-publish","format-standard","has-post-thumbnail","hentry","category-acervo"],"_links":{"self":[{"href":"https:\/\/www.upo.es\/investiga\/enredars\/blog\/wp-json\/wp\/v2\/posts\/202"}],"collection":[{"href":"https:\/\/www.upo.es\/investiga\/enredars\/blog\/wp-json\/wp\/v2\/posts"}],"about":[{"href":"https:\/\/www.upo.es\/investiga\/enredars\/blog\/wp-json\/wp\/v2\/types\/post"}],"author":[{"embeddable":true,"href":"https:\/\/www.upo.es\/investiga\/enredars\/blog\/wp-json\/wp\/v2\/users\/1"}],"replies":[{"embeddable":true,"href":"https:\/\/www.upo.es\/investiga\/enredars\/blog\/wp-json\/wp\/v2\/comments?post=202"}],"version-history":[{"count":3,"href":"https:\/\/www.upo.es\/investiga\/enredars\/blog\/wp-json\/wp\/v2\/posts\/202\/revisions"}],"predecessor-version":[{"id":212,"href":"https:\/\/www.upo.es\/investiga\/enredars\/blog\/wp-json\/wp\/v2\/posts\/202\/revisions\/212"}],"wp:featuredmedia":[{"embeddable":true,"href":"https:\/\/www.upo.es\/investiga\/enredars\/blog\/wp-json\/wp\/v2\/media\/203"}],"wp:attachment":[{"href":"https:\/\/www.upo.es\/investiga\/enredars\/blog\/wp-json\/wp\/v2\/media?parent=202"}],"wp:term":[{"taxonomy":"category","embeddable":true,"href":"https:\/\/www.upo.es\/investiga\/enredars\/blog\/wp-json\/wp\/v2\/categories?post=202"},{"taxonomy":"post_tag","embeddable":true,"href":"https:\/\/www.upo.es\/investiga\/enredars\/blog\/wp-json\/wp\/v2\/tags?post=202"}],"curies":[{"name":"wp","href":"https:\/\/api.w.org\/{rel}","templated":true}]}}