{"id":207,"date":"2020-03-12T11:53:17","date_gmt":"2020-03-12T10:53:17","guid":{"rendered":"https:\/\/www.upo.es\/investiga\/enredars\/blog\/?p=207"},"modified":"2020-03-12T11:58:29","modified_gmt":"2020-03-12T10:58:29","slug":"aclarando-fechas-en-relacion-a-nuestra-ultima-convocatoria","status":"publish","type":"post","link":"https:\/\/www.upo.es\/investiga\/enredars\/blog\/2020\/03\/12\/aclarando-fechas-en-relacion-a-nuestra-ultima-convocatoria\/","title":{"rendered":"Aclarando fechas en relaci\u00f3n a nuestra \u00faltima convocatoria"},"content":{"rendered":"\n<p>Para quienes han mostrado inter\u00e9s en\ncontribuir al libro, aun cuando han sufrido cierto desconcierto por\nlas fechas, aclaramos lo siguiente:<\/p>\n\n\n\n<p>Las fechas que figuran en la portada de la convocatoria (<a rel=\"noreferrer noopener\" aria-label=\"x (opens in a new tab)\" href=\"https:\/\/www.upo.es\/investiga\/enredars\/?page_id=39\" target=\"_blank\">x<\/a>) son las v\u00e1lidas. Es decir, hasta el 31 mayo se har\u00e1n las propuestas (t\u00edtulo y resumen), con un curr\u00edculum abreviado; y el 31 de agosto se entregar\u00e1n los trabajos definitivos que hayan sido aceptados.<\/p>\n","protected":false},"excerpt":{"rendered":"<p>Para quienes han mostrado inter\u00e9s en contribuir al libro, aun cuando han sufrido cierto desconcierto por las fechas, aclaramos lo siguiente: Las fechas que figuran en la portada de la convocatoria (x) son las v\u00e1lidas.<\/p>\n","protected":false},"author":1,"featured_media":210,"comment_status":"closed","ping_status":"closed","sticky":false,"template":"","format":"standard","meta":{"footnotes":""},"categories":[7],"tags":[],"class_list":["post-207","post","type-post","status-publish","format-standard","has-post-thumbnail","hentry","category-novedades"],"_links":{"self":[{"href":"https:\/\/www.upo.es\/investiga\/enredars\/blog\/wp-json\/wp\/v2\/posts\/207"}],"collection":[{"href":"https:\/\/www.upo.es\/investiga\/enredars\/blog\/wp-json\/wp\/v2\/posts"}],"about":[{"href":"https:\/\/www.upo.es\/investiga\/enredars\/blog\/wp-json\/wp\/v2\/types\/post"}],"author":[{"embeddable":true,"href":"https:\/\/www.upo.es\/investiga\/enredars\/blog\/wp-json\/wp\/v2\/users\/1"}],"replies":[{"embeddable":true,"href":"https:\/\/www.upo.es\/investiga\/enredars\/blog\/wp-json\/wp\/v2\/comments?post=207"}],"version-history":[{"count":1,"href":"https:\/\/www.upo.es\/investiga\/enredars\/blog\/wp-json\/wp\/v2\/posts\/207\/revisions"}],"predecessor-version":[{"id":209,"href":"https:\/\/www.upo.es\/investiga\/enredars\/blog\/wp-json\/wp\/v2\/posts\/207\/revisions\/209"}],"wp:featuredmedia":[{"embeddable":true,"href":"https:\/\/www.upo.es\/investiga\/enredars\/blog\/wp-json\/wp\/v2\/media\/210"}],"wp:attachment":[{"href":"https:\/\/www.upo.es\/investiga\/enredars\/blog\/wp-json\/wp\/v2\/media?parent=207"}],"wp:term":[{"taxonomy":"category","embeddable":true,"href":"https:\/\/www.upo.es\/investiga\/enredars\/blog\/wp-json\/wp\/v2\/categories?post=207"},{"taxonomy":"post_tag","embeddable":true,"href":"https:\/\/www.upo.es\/investiga\/enredars\/blog\/wp-json\/wp\/v2\/tags?post=207"}],"curies":[{"name":"wp","href":"https:\/\/api.w.org\/{rel}","templated":true}]}}