{"id":213,"date":"2020-03-13T13:23:01","date_gmt":"2020-03-13T12:23:01","guid":{"rendered":"https:\/\/www.upo.es\/investiga\/enredars\/blog\/?p=213"},"modified":"2020-03-13T13:27:53","modified_gmt":"2020-03-13T12:27:53","slug":"con-el-proyecto-caracol-un-nuevo-libro-sobre-migracion-y-patrimonio-cultural","status":"publish","type":"post","link":"https:\/\/www.upo.es\/investiga\/enredars\/blog\/2020\/03\/13\/con-el-proyecto-caracol-un-nuevo-libro-sobre-migracion-y-patrimonio-cultural\/","title":{"rendered":"Con el Proyecto Caracol, un nuevo libro sobre Migraci\u00f3n y Patrimonio Cultural"},"content":{"rendered":"\n<p>Se trata de una recopilaci\u00f3n de los materiales presentados en los encuentros organizados por el Proyecto Caracol (\u00bbCon la casa a cuestas y donde los pies me lleven\u2026\u00bb). En junio y noviembre de 2017 se celebraron sendos seminarios, en Sevilla y Puebla (<a rel=\"noreferrer noopener\" aria-label=\"x (opens in a new tab)\" href=\"https:\/\/www.upo.es\/investiga\/acervos\/wp-content\/uploads\/2017\/11\/Documento-Migraci%C3%B3n-y-Patrimonio-Cultural.pdf\" target=\"_blank\">x<\/a>), y en 2019 hubo otro encuentro para hablar de \u201cBarroco Mestizo\u201d. (<a href=\"https:\/\/www.upo.es\/area-historia-arte\/seminario-internacional-barroco-mestizo-y-cultura-migrante-caracol-migracion-y-patrimonio-cultural\/\">x<\/a>) El equipo de Puebla gener\u00f3 una web que ha dado difusi\u00f3n a gran parte de estas actividades. (<a href=\"https:\/\/buapitalia.wixsite.com\/migracionypatrimonio\/inicio-1\">x<\/a>)<\/p>\n\n\n\n<div class=\"wp-block-image\"><figure class=\"aligncenter size-large is-resized\"><img loading=\"lazy\" decoding=\"async\" src=\"https:\/\/www.upo.es\/investiga\/enredars\/blog\/wp-content\/uploads\/2020\/03\/Captura-de-pantalla-2020-03-13-a-las-11.38.14.png\" alt=\"\" class=\"wp-image-216\" width=\"469\" height=\"363\" srcset=\"https:\/\/www.upo.es\/investiga\/enredars\/blog\/wp-content\/uploads\/2020\/03\/Captura-de-pantalla-2020-03-13-a-las-11.38.14.png 723w, https:\/\/www.upo.es\/investiga\/enredars\/blog\/wp-content\/uploads\/2020\/03\/Captura-de-pantalla-2020-03-13-a-las-11.38.14-300x232.png 300w\" sizes=\"(max-width: 469px) 100vw, 469px\" \/><\/figure><\/div>\n\n\n\n<p>Al fin la nueva publicaci\u00f3n constituye un documento que aborda la relaci\u00f3n de la migraci\u00f3n con el patrimonio cultural. Un material que pretende poner en valor el aporte de las poblaciones migrantes a los lugares de recepci\u00f3n. Hemos tratado de adentrarnos en esta compleja realidad, desde distintas perspectivas, pero sin perder de vista la relaci\u00f3n que se establece en el t\u00edtulo.<\/p>\n\n\n\n<div class=\"wp-block-image\"><figure class=\"aligncenter size-large is-resized\"><img loading=\"lazy\" decoding=\"async\" src=\"https:\/\/www.upo.es\/investiga\/enredars\/blog\/wp-content\/uploads\/2020\/03\/Captura-de-pantalla-2020-03-13-a-las-11.39.37.png\" alt=\"\" class=\"wp-image-215\" width=\"499\" height=\"698\" srcset=\"https:\/\/www.upo.es\/investiga\/enredars\/blog\/wp-content\/uploads\/2020\/03\/Captura-de-pantalla-2020-03-13-a-las-11.39.37.png 623w, https:\/\/www.upo.es\/investiga\/enredars\/blog\/wp-content\/uploads\/2020\/03\/Captura-de-pantalla-2020-03-13-a-las-11.39.37-214x300.png 214w\" sizes=\"(max-width: 499px) 100vw, 499px\" \/><\/figure><\/div>\n\n\n\n<p>El libro, adem\u00e1s, ofrece una s\u00edntesis de los contenidos de la muestra celebrada en la ciudad norteamericana de Los \u00c1ngeles, en la sede de la UNAM, con el t\u00edtulo \u201cCon la casa a cuestas. Miradas migrantes\u201d y la curadur\u00eda de Erika Gonz\u00e1lez Le\u00f3n y X\u00f3chitl Mungu\u00eda-Cuen. (<a href=\"https:\/\/www.upo.es\/diario\/institucional\/2017\/11\/la-exposicion-con-la-casa-a-cuestas-del-proyecto-caracol-de-la-upo-en-la-sede-de-la-unam-en-los-angeles\/\">x<\/a>)<\/p>\n","protected":false},"excerpt":{"rendered":"<p>Se trata de una recopilaci\u00f3n de los materiales presentados en los encuentros organizados por el Proyecto Caracol (\u00bbCon la casa a cuestas y donde los pies me lleven\u2026\u00bb). En junio y noviembre de 2017 se<\/p>\n","protected":false},"author":1,"featured_media":218,"comment_status":"closed","ping_status":"closed","sticky":false,"template":"","format":"standard","meta":{"footnotes":""},"categories":[7],"tags":[],"class_list":["post-213","post","type-post","status-publish","format-standard","has-post-thumbnail","hentry","category-novedades"],"_links":{"self":[{"href":"https:\/\/www.upo.es\/investiga\/enredars\/blog\/wp-json\/wp\/v2\/posts\/213"}],"collection":[{"href":"https:\/\/www.upo.es\/investiga\/enredars\/blog\/wp-json\/wp\/v2\/posts"}],"about":[{"href":"https:\/\/www.upo.es\/investiga\/enredars\/blog\/wp-json\/wp\/v2\/types\/post"}],"author":[{"embeddable":true,"href":"https:\/\/www.upo.es\/investiga\/enredars\/blog\/wp-json\/wp\/v2\/users\/1"}],"replies":[{"embeddable":true,"href":"https:\/\/www.upo.es\/investiga\/enredars\/blog\/wp-json\/wp\/v2\/comments?post=213"}],"version-history":[{"count":2,"href":"https:\/\/www.upo.es\/investiga\/enredars\/blog\/wp-json\/wp\/v2\/posts\/213\/revisions"}],"predecessor-version":[{"id":219,"href":"https:\/\/www.upo.es\/investiga\/enredars\/blog\/wp-json\/wp\/v2\/posts\/213\/revisions\/219"}],"wp:featuredmedia":[{"embeddable":true,"href":"https:\/\/www.upo.es\/investiga\/enredars\/blog\/wp-json\/wp\/v2\/media\/218"}],"wp:attachment":[{"href":"https:\/\/www.upo.es\/investiga\/enredars\/blog\/wp-json\/wp\/v2\/media?parent=213"}],"wp:term":[{"taxonomy":"category","embeddable":true,"href":"https:\/\/www.upo.es\/investiga\/enredars\/blog\/wp-json\/wp\/v2\/categories?post=213"},{"taxonomy":"post_tag","embeddable":true,"href":"https:\/\/www.upo.es\/investiga\/enredars\/blog\/wp-json\/wp\/v2\/tags?post=213"}],"curies":[{"name":"wp","href":"https:\/\/api.w.org\/{rel}","templated":true}]}}