{"id":221,"date":"2020-04-16T11:28:54","date_gmt":"2020-04-16T09:28:54","guid":{"rendered":"https:\/\/www.upo.es\/investiga\/enredars\/blog\/?p=221"},"modified":"2020-04-16T11:28:57","modified_gmt":"2020-04-16T09:28:57","slug":"de-cabeza-con-la-crisis-actual","status":"publish","type":"post","link":"https:\/\/www.upo.es\/investiga\/enredars\/blog\/2020\/04\/16\/de-cabeza-con-la-crisis-actual\/","title":{"rendered":"De cabeza con la crisis actual"},"content":{"rendered":"\n<p>El mundo del rev\u00e9s. Abatimiento por las p\u00e9rdidas humanas. Temor por lo presente y tambi\u00e9n por lo venidero. Nadie se libra de este pesar y menos de las consecuencias de la calamidad. Y en el enclaustramiento hemos podido resignificar nuestro mundo. Pero al fin retornaremos a nuestros h\u00e1bitos y a la rutina de vida. Y perderemos la oportunidad de servirnos de lo aprendido. Quedar\u00e1 en el olvido todo lo hablado y le\u00eddo, y cuanto ha contribuido a la recomposici\u00f3n de nuestra escala de valores. As\u00ed hemos podido reflexionar sobre el significativo papel de la cultura en estas jornadas de enclaustramiento. Mucho se ha escrito, mucho se ha hablado y mucho se ha pensado al respecto. Nada que no hayamos asumido quienes trabajamos en este mismo \u00e1mbito desde hace a\u00f1os. En su momento publicamos una monograf\u00eda dedicada a la cultura bals\u00e1mica, en la que reun\u00edamos numerosos estudios que abordaban su papel en la resoluci\u00f3n de conflictos. (<a rel=\"noreferrer noopener\" aria-label=\"x (opens in a new tab)\" href=\"https:\/\/www.upo.es\/investiga\/enredars\/?page_id=517\" target=\"_blank\">x<\/a>)<\/p>\n\n\n\n<div class=\"wp-block-image\"><figure class=\"aligncenter size-large is-resized\"><img loading=\"lazy\" decoding=\"async\" src=\"https:\/\/www.upo.es\/investiga\/enredars\/blog\/wp-content\/uploads\/2020\/04\/CATEDRALES-722x1024.jpg\" alt=\"\" class=\"wp-image-223\" width=\"437\" height=\"619\" srcset=\"https:\/\/www.upo.es\/investiga\/enredars\/blog\/wp-content\/uploads\/2020\/04\/CATEDRALES-722x1024.jpg 722w, https:\/\/www.upo.es\/investiga\/enredars\/blog\/wp-content\/uploads\/2020\/04\/CATEDRALES-212x300.jpg 212w, https:\/\/www.upo.es\/investiga\/enredars\/blog\/wp-content\/uploads\/2020\/04\/CATEDRALES-768x1089.jpg 768w, https:\/\/www.upo.es\/investiga\/enredars\/blog\/wp-content\/uploads\/2020\/04\/CATEDRALES-1083x1536.jpg 1083w, https:\/\/www.upo.es\/investiga\/enredars\/blog\/wp-content\/uploads\/2020\/04\/CATEDRALES.jpg 1333w\" sizes=\"(max-width: 437px) 100vw, 437px\" \/><\/figure><\/div>\n\n\n\n<p>La cuarentena nos sorprendi\u00f3 trabajando en varios proyectos editoriales, a los que hemos dado continuidad, por lo que en breve compartiremos, como de costumbre. De ellos hablaremos en su momento. Ahora queremos compartir tres ideas que hemos madurado. Una de ellas se ha materializado en una convocatoria p\u00fablica, dedicada a las <em>Catedrales <\/em>en el barroco iberoamericano. En la llamada que hemos realizado para participar con art\u00edculos aludimos al inter\u00e9s por completar un itinerario barroco por el mundo iberoamericano, en el sentido m\u00e1s amplio, iniciando con las tres principales catedrales espa\u00f1olas, la de Toledo y dos de las que m\u00e1s lucharon por arrebatarle la primac\u00eda, la de Sevilla y Santiago.<\/p>\n\n\n\n<div class=\"wp-block-image\"><figure class=\"aligncenter size-large is-resized\"><img loading=\"lazy\" decoding=\"async\" src=\"https:\/\/www.upo.es\/investiga\/enredars\/blog\/wp-content\/uploads\/2020\/04\/PORTADA3-1.jpg\" alt=\"\" class=\"wp-image-224\" width=\"467\" height=\"660\" srcset=\"https:\/\/www.upo.es\/investiga\/enredars\/blog\/wp-content\/uploads\/2020\/04\/PORTADA3-1.jpg 723w, https:\/\/www.upo.es\/investiga\/enredars\/blog\/wp-content\/uploads\/2020\/04\/PORTADA3-1-212x300.jpg 212w\" sizes=\"(max-width: 467px) 100vw, 467px\" \/><\/figure><\/div>\n\n\n\n<p>\tLlevamos tiempo pensando\nen el segundo libro, dedicado a la santidad primitiva, que llevar\u00e1\npor t\u00edtulo <em>Nuevas letras con antiguas caligraf\u00edas. M\u00e1rtires\nromanos en altares barrocos<\/em>. Profundizar en la base de la\ncreaci\u00f3n barroca, para encontrar en la simiente del cristianismo\nprimitivo, la huella de sus m\u00e1rtires, muchos de los cuales se\nrefugiaron en sus respectivos centros de culto, pero otros tantos\nquedaron perdidos en la literatura hagiogr\u00e1fica y ocasionalmente en\nlos m\u00e1rgenes del arte.<\/p>\n\n\n\n<p> Y, por \u00faltimo, tenemos el bosquejo de un nuevo libro (<em>Letra y trazo&#8230;<\/em>) que ha de componerse con estudios dedicados tanto al arte como a la literatura del barroco sevillano. Queremos dedicarlo a los artistas que disfrutaban de la literatura y a los escritores que dieron letras al arte. Casos como el de la poetisa carmelita sor Gregoria de Santa Teresa, retratada por Cornelis Schut III. O el de Herrera el Mozo y sus mutaciones para el teatro cortesano. E incluso, no interesaremos, una vez m\u00e1s, por Torre Farf\u00e1n y su contribuci\u00f3n a la fiesta de San Fernando. Tal conjunci\u00f3n de creatividad que merece la pena al menos un volumen en nuestra colecci\u00f3n Universo Barrroco Iberoamericano.<\/p>\n\n\n\n<div class=\"wp-block-image\"><figure class=\"aligncenter size-large is-resized\"><img loading=\"lazy\" decoding=\"async\" src=\"https:\/\/www.upo.es\/investiga\/enredars\/blog\/wp-content\/uploads\/2020\/04\/TRAZOS-Y-LETRAS2-722x1024.jpg\" alt=\"\" class=\"wp-image-225\" width=\"482\" height=\"683\" srcset=\"https:\/\/www.upo.es\/investiga\/enredars\/blog\/wp-content\/uploads\/2020\/04\/TRAZOS-Y-LETRAS2-722x1024.jpg 722w, https:\/\/www.upo.es\/investiga\/enredars\/blog\/wp-content\/uploads\/2020\/04\/TRAZOS-Y-LETRAS2-212x300.jpg 212w, https:\/\/www.upo.es\/investiga\/enredars\/blog\/wp-content\/uploads\/2020\/04\/TRAZOS-Y-LETRAS2-768x1089.jpg 768w, https:\/\/www.upo.es\/investiga\/enredars\/blog\/wp-content\/uploads\/2020\/04\/TRAZOS-Y-LETRAS2-1083x1536.jpg 1083w, https:\/\/www.upo.es\/investiga\/enredars\/blog\/wp-content\/uploads\/2020\/04\/TRAZOS-Y-LETRAS2.jpg 1333w\" sizes=\"(max-width: 482px) 100vw, 482px\" \/><\/figure><\/div>\n\n\n\n<p> Todo ello, lo que hemos ido madurando en la seguridad de nuestro refugio, en tanto cre\u00edamos o\u00edr las trompetas del Juicio Final, nos ha tenido durante d\u00edas de cabeza. Pero, al fin, con Emilio A. Westphalen, decimos que no es m\u00e1s que \u00abuna cabeza humana [que] viene lenta desde el olvido&#8230;\u00bb.<\/p>\n\n\n\n<blockquote class=\"wp-block-quote is-layout-flow wp-block-quote-is-layout-flow\"><p><em>Una nota para agradecer a Adri\u00e1n Contreras Guerrero su contribuci\u00f3n al dise\u00f1o de las tres portadas.<\/em><\/p><\/blockquote>\n","protected":false},"excerpt":{"rendered":"<p>El mundo del rev\u00e9s. Abatimiento por las p\u00e9rdidas humanas. Temor por lo presente y tambi\u00e9n por lo venidero. Nadie se libra de este pesar y menos de las consecuencias de la calamidad. Y en el<\/p>\n","protected":false},"author":1,"featured_media":222,"comment_status":"closed","ping_status":"closed","sticky":false,"template":"","format":"standard","meta":{"footnotes":""},"categories":[7],"tags":[],"class_list":["post-221","post","type-post","status-publish","format-standard","has-post-thumbnail","hentry","category-novedades"],"_links":{"self":[{"href":"https:\/\/www.upo.es\/investiga\/enredars\/blog\/wp-json\/wp\/v2\/posts\/221"}],"collection":[{"href":"https:\/\/www.upo.es\/investiga\/enredars\/blog\/wp-json\/wp\/v2\/posts"}],"about":[{"href":"https:\/\/www.upo.es\/investiga\/enredars\/blog\/wp-json\/wp\/v2\/types\/post"}],"author":[{"embeddable":true,"href":"https:\/\/www.upo.es\/investiga\/enredars\/blog\/wp-json\/wp\/v2\/users\/1"}],"replies":[{"embeddable":true,"href":"https:\/\/www.upo.es\/investiga\/enredars\/blog\/wp-json\/wp\/v2\/comments?post=221"}],"version-history":[{"count":1,"href":"https:\/\/www.upo.es\/investiga\/enredars\/blog\/wp-json\/wp\/v2\/posts\/221\/revisions"}],"predecessor-version":[{"id":226,"href":"https:\/\/www.upo.es\/investiga\/enredars\/blog\/wp-json\/wp\/v2\/posts\/221\/revisions\/226"}],"wp:featuredmedia":[{"embeddable":true,"href":"https:\/\/www.upo.es\/investiga\/enredars\/blog\/wp-json\/wp\/v2\/media\/222"}],"wp:attachment":[{"href":"https:\/\/www.upo.es\/investiga\/enredars\/blog\/wp-json\/wp\/v2\/media?parent=221"}],"wp:term":[{"taxonomy":"category","embeddable":true,"href":"https:\/\/www.upo.es\/investiga\/enredars\/blog\/wp-json\/wp\/v2\/categories?post=221"},{"taxonomy":"post_tag","embeddable":true,"href":"https:\/\/www.upo.es\/investiga\/enredars\/blog\/wp-json\/wp\/v2\/tags?post=221"}],"curies":[{"name":"wp","href":"https:\/\/api.w.org\/{rel}","templated":true}]}}