{"id":227,"date":"2020-04-23T12:50:08","date_gmt":"2020-04-23T10:50:08","guid":{"rendered":"https:\/\/www.upo.es\/investiga\/enredars\/blog\/?p=227"},"modified":"2020-04-23T18:09:35","modified_gmt":"2020-04-23T16:09:35","slug":"vuelve-a-mis-ojos-optica-ilusion","status":"publish","type":"post","link":"https:\/\/www.upo.es\/investiga\/enredars\/blog\/2020\/04\/23\/vuelve-a-mis-ojos-optica-ilusion\/","title":{"rendered":"Vuelve a mis ojos \u00f3ptica ilusi\u00f3n&#8230;"},"content":{"rendered":"\n<p>Tomamos el comienzo del \u00faltimo verso del poema \u00abAnhelo\u00bb, escrito por la ecuatoriana Dolores Veintimilla para dar t\u00edtulo a esta nota. Nada que ver el drama vital de la escritora con el regocijo que nos produce la recepci\u00f3n del libro que a continuaci\u00f3n rese\u00f1amos. Y aunque la comparaci\u00f3n no es posible, pesa el desasosiego que cunde en este tiempo de crisis, el mismo que nos ha empujado a muchos a perdernos por territorios culturales. Llev\u00e1ndonos a retomar lecturas pendientes, entre otras la de esta fascinante autora de corta vida y gran personalidad que admiramos (<a rel=\"noreferrer noopener\" aria-label=\"x (opens in a new tab)\" href=\"https:\/\/dialnet.unirioja.es\/servlet\/articulo?codigo=6202349\" target=\"_blank\">x<\/a>).<\/p>\n\n\n\n<p> Con el t\u00edtulo <em>La pintura ilusionista entre Europa y Am\u00e9rica<\/em> hemos reunido gran parte el material que se present\u00f3 en el coloquio que tuvimos entre los d\u00edas 18 y 19 de febrero del a\u00f1o pasado, organizado conjuntamente por el \u00c1rea de Historia del Arte de la Universidad Pablo de Olavide y el grupo de investigaci\u00f3n \u00abPerspectiva Pictorum\u00bb de la Universidade Federal de Minas Gerais.<\/p>\n\n\n\n<div class=\"wp-block-image\"><figure class=\"aligncenter size-large is-resized\"><img loading=\"lazy\" decoding=\"async\" src=\"https:\/\/www.upo.es\/investiga\/enredars\/blog\/wp-content\/uploads\/2020\/04\/COLOQUIO-1.png\" alt=\"\" class=\"wp-image-231\" width=\"522\" height=\"739\" srcset=\"https:\/\/www.upo.es\/investiga\/enredars\/blog\/wp-content\/uploads\/2020\/04\/COLOQUIO-1.png 711w, https:\/\/www.upo.es\/investiga\/enredars\/blog\/wp-content\/uploads\/2020\/04\/COLOQUIO-1-212x300.png 212w\" sizes=\"(max-width: 522px) 100vw, 522px\" \/><\/figure><\/div>\n\n\n\n<p> La convocatoria llev\u00f3 el mismo t\u00edtulo (<a rel=\"noreferrer noopener\" aria-label=\"x (opens in a new tab)\" href=\"https:\/\/www.upo.es\/area-historia-arte\/18-19-de-febrero-de-2019-coloquio-internacional-la-pintura-ilusionista\/\" target=\"_blank\">x<\/a>), ocup\u00e1ndose de coordinar el encuentro Magno Mello y Fernando Quiles. En \u00e9l se dieron cita especialistas procedentes de Espa\u00f1a, Italia, Portugal y Am\u00e9rica, con sus respectivos avances en la materia, centrados en la pintura ilusionista desde la <em>quadratura<\/em> a las ficci\u00f3n material.<\/p>\n\n\n\n<p>\tLas reuniones tuvieron\nlugar en la sede centro de la UPO, donde pudimos disfrutar de la\npresencia de algunos de los grandes especialistas en el tema, como\nFauzia Farneti y Silvia van Riel (Universit\u00e0 degli Studi di\nFirenze), o Miguel \u00c1ngel Maure (Universidad Complutense) o Sara\nFuentes (UDIMA), entre otros participantes.<\/p>\n\n\n\n<p> La necesidad de compilar tan excelentes presentaciones nos ha ocupado durante meses y ahora podemos alegrarnos de poner a disposici\u00f3n de quienes nos siguen el libro, que ingresa en la colecci\u00f3n \u00abUniverso Barroco Iberoamericano\u00bb con el n\u00famero 12. Se han ocupado de su edici\u00f3n Jos\u00e9 Manuel Almansa, Magno Mello y Rafael Molina. Son diecis\u00e9is art\u00edculos repartidos a lo largo de 360 p\u00e1ginas, presentando un panorama amplio de la pintura ilusionista en el mundo iberoamericano, empezando por el modelo italiano y concluyendo con obras contempor\u00e1neos: tiempo y espacio diversos para entender una producci\u00f3n art\u00edstica muy compleja en la que se funden ciencia y arte.<\/p>\n\n\n\n<div class=\"wp-block-image\"><figure class=\"aligncenter size-large\"><img loading=\"lazy\" decoding=\"async\" width=\"1024\" height=\"391\" src=\"https:\/\/www.upo.es\/investiga\/enredars\/blog\/wp-content\/uploads\/2020\/04\/Fauzia-Farnetti-1024x391.jpg\" alt=\"\" class=\"wp-image-230\" srcset=\"https:\/\/www.upo.es\/investiga\/enredars\/blog\/wp-content\/uploads\/2020\/04\/Fauzia-Farnetti-1024x391.jpg 1024w, https:\/\/www.upo.es\/investiga\/enredars\/blog\/wp-content\/uploads\/2020\/04\/Fauzia-Farnetti-300x114.jpg 300w, https:\/\/www.upo.es\/investiga\/enredars\/blog\/wp-content\/uploads\/2020\/04\/Fauzia-Farnetti-768x293.jpg 768w, https:\/\/www.upo.es\/investiga\/enredars\/blog\/wp-content\/uploads\/2020\/04\/Fauzia-Farnetti-1536x586.jpg 1536w, https:\/\/www.upo.es\/investiga\/enredars\/blog\/wp-content\/uploads\/2020\/04\/Fauzia-Farnetti.jpg 1719w\" sizes=\"(max-width: 1024px) 100vw, 1024px\" \/><figcaption><em>Intervenci\u00f3n de Fauzia Farneti.<\/em><\/figcaption><\/figure><\/div>\n\n\n\n<p> Queremos destacar los aportes lusobrasile\u00f1os, que nos resultaron familiares por el hecho de que hace a\u00f1os seguimos los avances realizados por el grupo de pesquisa de la Universidade Federal de Minas Gearis, <em>Perspectiva Pictorum<\/em>, que dirige Magno Moraes Mello. Y tampoco podemos pasar por alto la aportaci\u00f3n de Fauzia Farneti, en su larga trayectoria al frente de la serie de congresos sobre \u00abQuadraturismo e Grande Decorazione nella Pittura di Et\u00e0 Barocca\u00bb.<\/p>\n\n\n\n<p> Nuestro libro, que ya se puede descargar de esta p\u00e1gina, es apenas un gota de agua en un mar de colores. (<a rel=\"noreferrer noopener\" aria-label=\"x (opens in a new tab)\" href=\"https:\/\/rio.upo.es\/xmlui\/handle\/10433\/8147\" target=\"_blank\">x<\/a>)<\/p>\n","protected":false},"excerpt":{"rendered":"<p>Tomamos el comienzo del \u00faltimo verso del poema \u00abAnhelo\u00bb, escrito por la ecuatoriana Dolores Veintimilla para dar t\u00edtulo a esta nota. Nada que ver el drama vital de la escritora con el regocijo que nos<\/p>\n","protected":false},"author":1,"featured_media":228,"comment_status":"closed","ping_status":"closed","sticky":false,"template":"","format":"standard","meta":{"footnotes":""},"categories":[7],"tags":[],"class_list":["post-227","post","type-post","status-publish","format-standard","has-post-thumbnail","hentry","category-novedades"],"_links":{"self":[{"href":"https:\/\/www.upo.es\/investiga\/enredars\/blog\/wp-json\/wp\/v2\/posts\/227"}],"collection":[{"href":"https:\/\/www.upo.es\/investiga\/enredars\/blog\/wp-json\/wp\/v2\/posts"}],"about":[{"href":"https:\/\/www.upo.es\/investiga\/enredars\/blog\/wp-json\/wp\/v2\/types\/post"}],"author":[{"embeddable":true,"href":"https:\/\/www.upo.es\/investiga\/enredars\/blog\/wp-json\/wp\/v2\/users\/1"}],"replies":[{"embeddable":true,"href":"https:\/\/www.upo.es\/investiga\/enredars\/blog\/wp-json\/wp\/v2\/comments?post=227"}],"version-history":[{"count":3,"href":"https:\/\/www.upo.es\/investiga\/enredars\/blog\/wp-json\/wp\/v2\/posts\/227\/revisions"}],"predecessor-version":[{"id":234,"href":"https:\/\/www.upo.es\/investiga\/enredars\/blog\/wp-json\/wp\/v2\/posts\/227\/revisions\/234"}],"wp:featuredmedia":[{"embeddable":true,"href":"https:\/\/www.upo.es\/investiga\/enredars\/blog\/wp-json\/wp\/v2\/media\/228"}],"wp:attachment":[{"href":"https:\/\/www.upo.es\/investiga\/enredars\/blog\/wp-json\/wp\/v2\/media?parent=227"}],"wp:term":[{"taxonomy":"category","embeddable":true,"href":"https:\/\/www.upo.es\/investiga\/enredars\/blog\/wp-json\/wp\/v2\/categories?post=227"},{"taxonomy":"post_tag","embeddable":true,"href":"https:\/\/www.upo.es\/investiga\/enredars\/blog\/wp-json\/wp\/v2\/tags?post=227"}],"curies":[{"name":"wp","href":"https:\/\/api.w.org\/{rel}","templated":true}]}}