{"id":240,"date":"2020-05-10T15:35:43","date_gmt":"2020-05-10T13:35:43","guid":{"rendered":"https:\/\/www.upo.es\/investiga\/enredars\/blog\/?p=240"},"modified":"2020-05-10T18:46:05","modified_gmt":"2020-05-10T16:46:05","slug":"elisa-vargaslugo-y-la-historia-del-arte-colonial-mexicano","status":"publish","type":"post","link":"https:\/\/www.upo.es\/investiga\/enredars\/blog\/2020\/05\/10\/elisa-vargaslugo-y-la-historia-del-arte-colonial-mexicano\/","title":{"rendered":"Elisa Vargaslugo y la historia del arte colonial mexicano"},"content":{"rendered":"\n<blockquote class=\"wp-block-quote is-layout-flow wp-block-quote-is-layout-flow\"><p> Inauguramos esta secci\u00f3n homenajeando a Elisa Vargaslugo, maestra de maestros, a quien hemos dedicado nuestro libro sobre el <em>Tornaviaje<\/em>. Ella nos introduce en este \u00abtr\u00e1nsito art\u00edstico entre los virreinatos americanos y la metr\u00f3polis\u00bb a trav\u00e9s de sus palabras preliminares. Nos honra con este escrito y nosotros le rendimos nuestro particular tributo con la semblanza elaborada por Consuelo Maqu\u00edvar. Quede constancia de la admiraci\u00f3n y respeto que el equipo de publicaciones y los autores y autoras del libro sentimos por la doctora Vargaslugo. (Enredars)<\/p><\/blockquote>\n\n\n\n<p>Hablar\nde Elisa Vargaslugo nos obliga a referirnos a la Historia del Arte\nColonial de M\u00e9xico. La maestra y la investigadora que ha dedicado su\nvida a la investigaci\u00f3n y la docencia durante m\u00e1s de medio siglo,\nha sabido inculcar en todos quienes hemos estado cerca de ella, el\namor por el patrimonio de M\u00e9xico, y seg\u00fan la consabida premisa de\nque \u201cnadie ama lo que no conoce\u201d, siempre procur\u00f3 inculcar en\nnosotros el inter\u00e9s por conocer y divulgar lo referente a los\ndiversos testimonios que, a lo largo de nuestro pa\u00eds, son referencia\nextraordinaria de nuestro pasado novohispano.<\/p>\n\n\n\n<p>Sus\nalumnos siempre hemos de reconocer lo mucho que ha inculcado en\nnosotros, de la misma forma, la Doctora Elisa ha sabido valorar las\nsemillas que sus maestros sembraron en ella: Manuel Toussaint,\nFrancisco de la Maza o Edmundo O\u2019Gorman, siempre aparecen en sus\nmaravillosas pl\u00e1ticas de recuerdos imborrables. Bien podemos\nafirmar, c\u00f3mo esta herencia ha continuado en los que hoy en d\u00eda nos\nconfesamos sus admiradores.<\/p>\n\n\n\n<p>Bien recuerda los viajes extraordinarios por sitios de M\u00e9xico y de diversos lugares del mundo en compa\u00f1\u00eda de su maestro y amigo Francisco de la Maza obteniendo cientos de diversos testimonios que a la fecha se conservan en el Archivo Fotogr\u00e1fico del Instituto de Investigaciones Est\u00e9ticas. Escuchar de sus labios estas an\u00e9cdotas es de verdad una delicia, porque adem\u00e1s debo a\u00f1adir que es una conversadora extraordinaria que bien sabe trasladar a sus oyentes a cada uno de los sitios y momentos que con gran placer y lujo de detalles describe.<\/p>\n\n\n\n<div class=\"wp-block-image\"><figure class=\"aligncenter size-large is-resized\"><img loading=\"lazy\" decoding=\"async\" src=\"https:\/\/www.upo.es\/investiga\/enredars\/blog\/wp-content\/uploads\/2020\/05\/IMG_2978-EV-2015-768x1024.jpg\" alt=\"\" class=\"wp-image-242\" width=\"453\" height=\"604\" srcset=\"https:\/\/www.upo.es\/investiga\/enredars\/blog\/wp-content\/uploads\/2020\/05\/IMG_2978-EV-2015-768x1024.jpg 768w, https:\/\/www.upo.es\/investiga\/enredars\/blog\/wp-content\/uploads\/2020\/05\/IMG_2978-EV-2015-225x300.jpg 225w, https:\/\/www.upo.es\/investiga\/enredars\/blog\/wp-content\/uploads\/2020\/05\/IMG_2978-EV-2015-1152x1536.jpg 1152w, https:\/\/www.upo.es\/investiga\/enredars\/blog\/wp-content\/uploads\/2020\/05\/IMG_2978-EV-2015.jpg 1368w\" sizes=\"(max-width: 453px) 100vw, 453px\" \/><figcaption>Fotos cedidas por la familia.<\/figcaption><\/figure><\/div>\n\n\n\n<p>Maestra\nextraordinaria, supo inculcar en nosotros la disciplina, el amor por\nel trabajo y el respeto y admiraci\u00f3n por los monumentos. Bien\nrecordamos sus alumnos del Seminario de Tesis, que religiosamente\nimpart\u00eda los martes de 4 a 6 de la tarde en su cub\u00edculo de la Torre\nde Humanidades, c\u00f3mo nos iniciamos en la investigaci\u00f3n de campo y\nde gabinete.<\/p>\n\n\n\n<p>Fue as\u00ed que conocimos los diversos sitios que cada uno investigaba para sus tesis, bien fueran de Licenciatura o Maestr\u00eda. De esa forma nos adentramos por primera vez en la historia de los conventos franciscanos de Calpan, Quecholac y Huejotzingo en Puebla; de los conventos de la Merced, de Santo Domingo, de las iglesias de la Santa Veracruz y La Sant\u00edsima, en la Ciudad de M\u00e9xico, as\u00ed como del maravilloso convento agustino de Molango en Hidalgo y del ex colegio jesuita de Tepotzotl\u00e1n en el Estado de M\u00e9xico. Para todos, \u00e9ste fue el principio de una relaci\u00f3n de trabajo y amistad que ha perdurado por m\u00e1s de 40 a\u00f1os.<\/p>\n\n\n\n<p>Una de las investigaciones que m\u00e1s satisfacciones le ha brindado por la informaci\u00f3n que logr\u00f3 desentra\u00f1ar, fue la que realiz\u00f3 para su examen doctoral sobre la Parroquia de Santa Prisca de Taxco, en el estado de Guerrero, monumento barroco por excelencia que atesora un conjunto de retablos y pinturas de los m\u00e1s afamados autores del siglo XVIII, y que ha servido de modelo para otros estudios del arte colonial mexicano. Tuve la fortuna de acompa\u00f1ar a la doctora Elisa en su viaje a Oloron Saint Marie, en el suroeste de Francia, poblado donde naci\u00f3 Jos\u00e9 de la Borda, el gran mecenas del monumento y que gracias a las pesquisas de Huguette Joris de Zavala, se conoci\u00f3 el origen franc\u00e9s del minero De la Borda. Nunca olvidar\u00e9 la emoci\u00f3n de mi maestra al pisar la tierra donde hab\u00eda nacido el personaje a quien ella hab\u00eda dedicado varios a\u00f1os de su vida de investigadora para esclarecer su origen. El obispo del lugar celebr\u00f3 una solemne ceremonia en la catedral para que los habitantes de Oloron conocieran lo que hab\u00eda logrado construir en el Nuevo Mundo uno de sus habitantes, para lo cual, en las rejas de la catedral se exhibieron algunas de las fotograf\u00edas que hab\u00eda sacado Dolores Dahlhaus para ilustrar el libro de Santa Prisca. En cierto momento de la ceremonia, la doctora habl\u00f3 brevemente de la generosidad del minero y de sus importantes aportaciones materiales que le permitieron expresar la frase c\u00e9lebre que lo identifica como uno de los m\u00e1s generosos benefactores del virreinato: \u201cDios darle a Borda y Borda darle a Dios\u201d, frase que lo inmortaliz\u00f3 al edificar el monumento religioso que a la fecha causa la admiraci\u00f3n de propios y extra\u00f1os.<\/p>\n\n\n\n<div class=\"wp-block-image\"><figure class=\"aligncenter size-large is-resized\"><img loading=\"lazy\" decoding=\"async\" src=\"https:\/\/www.upo.es\/investiga\/enredars\/blog\/wp-content\/uploads\/2020\/05\/IMG_38423-716x1024.jpg\" alt=\"\" class=\"wp-image-248\" width=\"444\" height=\"634\" srcset=\"https:\/\/www.upo.es\/investiga\/enredars\/blog\/wp-content\/uploads\/2020\/05\/IMG_38423-716x1024.jpg 716w, https:\/\/www.upo.es\/investiga\/enredars\/blog\/wp-content\/uploads\/2020\/05\/IMG_38423-210x300.jpg 210w, https:\/\/www.upo.es\/investiga\/enredars\/blog\/wp-content\/uploads\/2020\/05\/IMG_38423-768x1099.jpg 768w, https:\/\/www.upo.es\/investiga\/enredars\/blog\/wp-content\/uploads\/2020\/05\/IMG_38423-1431x2048.jpg 1431w, https:\/\/www.upo.es\/investiga\/enredars\/blog\/wp-content\/uploads\/2020\/05\/IMG_38423-scaled.jpg 1789w\" sizes=\"(max-width: 444px) 100vw, 444px\" \/><\/figure><\/div>\n\n\n\n<p> En la d\u00e9cada de los ochentas del siglo pasado, la doctora Vargaslugo invit\u00f3 a algunos de sus alumnos, a participar en una de las investigaciones hist\u00f3ricas m\u00e1s interesantes e importantes que se han realizado en M\u00e9xico, sobre un artista novohispano, me refiero a la vida y producci\u00f3n del pintor mulato del siglo XVII, Juan Correa. Dicho estudio signific\u00f3 mucho para los que aceptamos el reto de colaborar con ella en un proyecto de \u201clargo aliento\u201d pues dur\u00f3 muchos a\u00f1os, porque se trataba de localizar la obra del pintor, en donde estuviera, bien fuera en nuestro pa\u00eds o en alguna otra regi\u00f3n del mundo, porque tal como se logr\u00f3 dar a conocer en los libros ya publicados, las pinturas de Juan Correa salieron de M\u00e9xico y llegaron a Guatemala, Espa\u00f1a, Hungr\u00eda y Estados Unidos de Am\u00e9rica. Con este proyecto vivimos experiencias inolvidables al recorrer nuestro pa\u00eds, algunas veces acompa\u00f1ados por su esposo, el siempre recordado, doctor Carlos Bosch, quien no s\u00f3lo fue un gran historiador de M\u00e9xico, sino que adem\u00e1s gustaba de pintar en sus lienzos los paisajes por los que circul\u00e1bamos, y as\u00ed mientras nosotros nos adentr\u00e1bamos en la vida y obra de Juan Correa, el doctor Carlos, compa\u00f1ero de vida de do\u00f1a Elisa, tambi\u00e9n nos apoyaba y alentaba con su maravillosa compa\u00f1\u00eda.<\/p>\n\n\n\n<p>\tNo\ns\u00f3lo ha sido a trav\u00e9s de los textos impresos que Vargaslugo ha dado\na conocer nuestra historia del arte novohispano, innumerables cursos\ny conferencias impartidas en M\u00e9xico y en el extranjero, as\u00ed como\nvarias exposiciones temporales han permitido que los amantes del arte\ncolonial admiren y disfruten este periodo del arte mexicano. Tal es\nel caso de la magn\u00edfica muestra titulada \u201cIm\u00e1genes Guadalupanas.\nCuatro Siglos,\u201d que se organiz\u00f3 en 1987 donde la doctora tuvo una\nparticipaci\u00f3n sobresaliente en el apartado dedicado a las obras\nvirreinales de la Virgen de Guadalupe y que gracias a esta muestra se\nconoci\u00f3 la pintura que se conserva en Espa\u00f1a y que hasta ese\nmomento era la m\u00e1s antigua sobre el tema firmada por el gran pintor\nBaltazar Echave Orio en 1606.<\/p>\n\n\n\n<p>\tA\u00f1os\ndespu\u00e9s, el a\u00f1o 2000 fue invitada para coordinar la exposici\u00f3n\nintitulada \u201cPar\u00e1bola novohispana. Cristo en el arte virreinal\u201d\nque permiti\u00f3 que admir\u00e1ramos m\u00e1s de cien obras novohispanas,\nalgunas de ellas in\u00e9ditas, en las que la figura de Cristo fue el\ntema central. La constancia de esta magna exposici\u00f3n qued\u00f3 plasmada\nen el magn\u00edfico libro que se edit\u00f3 y que a la fecha nos permite\nanalizar las obras que se reunieron para tal efecto.<\/p>\n\n\n\n<p>Sobra decir que la Doctora ha sido reconocida por diversas instituciones, tanto del extranjero como de nuestro pa\u00eds, por sus importantes aportaciones en el campo de la historia del arte mexicano.  En primer lugar, su Alma Mater le otorg\u00f3 el Premio Universidad Nacional en Investigaci\u00f3n de Humanidades en 1994; un a\u00f1o despu\u00e9s fue nombrada Investigadora Em\u00e9rita del Instituto de Investigaciones Est\u00e9ticas de la UNAM y en 2005 esta instituci\u00f3n la premi\u00f3 con la Medalla Sor Juana In\u00e9s de la Cruz. Por su parte, el Gobierno de M\u00e9xico le otorg\u00f3 el m\u00e1ximo galard\u00f3n que suele dar a sus acad\u00e9micos, por lo que el a\u00f1o de 2005 la doctora Vargaslugo recibi\u00f3 el Premio Nacional  de Ciencias y Artes. Fue as\u00ed tambi\u00e9n que Hidalgo, su estado natal, a trav\u00e9s de su Congreso, le otorg\u00f3 la medalla Pedro Mar\u00eda Anaya el a\u00f1o de 2014.<\/p>\n\n\n\n<div class=\"wp-block-image\"><figure class=\"aligncenter size-large is-resized\"><img loading=\"lazy\" decoding=\"async\" src=\"https:\/\/www.upo.es\/investiga\/enredars\/blog\/wp-content\/uploads\/2020\/05\/IMG_0191-749x1024.jpg\" alt=\"\" class=\"wp-image-245\" width=\"426\" height=\"582\" srcset=\"https:\/\/www.upo.es\/investiga\/enredars\/blog\/wp-content\/uploads\/2020\/05\/IMG_0191-749x1024.jpg 749w, https:\/\/www.upo.es\/investiga\/enredars\/blog\/wp-content\/uploads\/2020\/05\/IMG_0191-220x300.jpg 220w, https:\/\/www.upo.es\/investiga\/enredars\/blog\/wp-content\/uploads\/2020\/05\/IMG_0191-768x1050.jpg 768w, https:\/\/www.upo.es\/investiga\/enredars\/blog\/wp-content\/uploads\/2020\/05\/IMG_0191-1124x1536.jpg 1124w, https:\/\/www.upo.es\/investiga\/enredars\/blog\/wp-content\/uploads\/2020\/05\/IMG_0191-1499x2048.jpg 1499w, https:\/\/www.upo.es\/investiga\/enredars\/blog\/wp-content\/uploads\/2020\/05\/IMG_0191-scaled.jpg 1873w\" sizes=\"(max-width: 426px) 100vw, 426px\" \/><\/figure><\/div>\n\n\n\n<p>\tLa\ndoctora Elisa es un ejemplo de dedicaci\u00f3n y responsabilidad y\nsiempre se ha preocupado por desentra\u00f1ar muchos temas que a\u00fan se\ndesconocen a profundidad, de tal forma que a sus m\u00e1s de 90 a\u00f1os de\nedad, contin\u00faa leyendo y discutiendo con sus colegas y amigos\ndiversos asuntos de su inter\u00e9s, fue as\u00ed que apenas hace dos a\u00f1os\nse present\u00f3 el libro que con el t\u00edtulo <em>Reflejos\nde Americanidad<\/em> llev\u00f3 a cabo junto con\nsu colega y amigo, el historiador Jos\u00e9 Rub\u00e9n Romero.<\/p>\n\n\n\n<p>\tFinalmente\nhay que decir que el \u00faltimo reconocimiento que obtuvo el a\u00f1o pasado\nfue la medalla Federico Sescosse que anualmente entrega el Consejo\nInternacional de Monumentos y Sitios, ICOMOS M\u00e9xico, porque si en\nalgo se ha distinguido la doctora Vargaslugo es en su lucha constante\npor la defensa, conservaci\u00f3n y difusi\u00f3n del patrimonio de nuestro\npa\u00eds. \n<\/p>\n\n\n\n<p><strong>Consuelo Maqu\u00edvar<\/strong> Instituto Nacional de Antropolog\u00eda e Historia<\/p>\n\n\n\n<p>\u00b7 Foto de portada: Elisa Vargaslugo fotografiando. Por Lothar Knauth. AFMT-UNAM.<\/p>\n","protected":false},"excerpt":{"rendered":"<p>Inauguramos esta secci\u00f3n homenajeando a Elisa Vargaslugo, maestra de maestros, a quien hemos dedicado nuestro libro sobre el Tornaviaje. Ella nos introduce en este \u00abtr\u00e1nsito art\u00edstico entre los virreinatos americanos y la metr\u00f3polis\u00bb a trav\u00e9s<\/p>\n","protected":false},"author":1,"featured_media":241,"comment_status":"closed","ping_status":"closed","sticky":false,"template":"","format":"standard","meta":{"footnotes":""},"categories":[9],"tags":[],"class_list":["post-240","post","type-post","status-publish","format-standard","has-post-thumbnail","hentry","category-autorias"],"_links":{"self":[{"href":"https:\/\/www.upo.es\/investiga\/enredars\/blog\/wp-json\/wp\/v2\/posts\/240"}],"collection":[{"href":"https:\/\/www.upo.es\/investiga\/enredars\/blog\/wp-json\/wp\/v2\/posts"}],"about":[{"href":"https:\/\/www.upo.es\/investiga\/enredars\/blog\/wp-json\/wp\/v2\/types\/post"}],"author":[{"embeddable":true,"href":"https:\/\/www.upo.es\/investiga\/enredars\/blog\/wp-json\/wp\/v2\/users\/1"}],"replies":[{"embeddable":true,"href":"https:\/\/www.upo.es\/investiga\/enredars\/blog\/wp-json\/wp\/v2\/comments?post=240"}],"version-history":[{"count":4,"href":"https:\/\/www.upo.es\/investiga\/enredars\/blog\/wp-json\/wp\/v2\/posts\/240\/revisions"}],"predecessor-version":[{"id":251,"href":"https:\/\/www.upo.es\/investiga\/enredars\/blog\/wp-json\/wp\/v2\/posts\/240\/revisions\/251"}],"wp:featuredmedia":[{"embeddable":true,"href":"https:\/\/www.upo.es\/investiga\/enredars\/blog\/wp-json\/wp\/v2\/media\/241"}],"wp:attachment":[{"href":"https:\/\/www.upo.es\/investiga\/enredars\/blog\/wp-json\/wp\/v2\/media?parent=240"}],"wp:term":[{"taxonomy":"category","embeddable":true,"href":"https:\/\/www.upo.es\/investiga\/enredars\/blog\/wp-json\/wp\/v2\/categories?post=240"},{"taxonomy":"post_tag","embeddable":true,"href":"https:\/\/www.upo.es\/investiga\/enredars\/blog\/wp-json\/wp\/v2\/tags?post=240"}],"curies":[{"name":"wp","href":"https:\/\/api.w.org\/{rel}","templated":true}]}}