{"id":261,"date":"2020-06-05T21:32:50","date_gmt":"2020-06-05T19:32:50","guid":{"rendered":"https:\/\/www.upo.es\/investiga\/enredars\/blog\/?p=261"},"modified":"2020-06-05T21:34:02","modified_gmt":"2020-06-05T19:34:02","slug":"de-la-fertil-tierra-andaluza","status":"publish","type":"post","link":"https:\/\/www.upo.es\/investiga\/enredars\/blog\/2020\/06\/05\/de-la-fertil-tierra-andaluza\/","title":{"rendered":"De la f\u00e9rtil tierra andaluza&#8230;"},"content":{"rendered":"\n<p>De la f\u00e9rtil tierra andaluza mucho se ha escrito. Sobre olivos centenarios e interminables extensiones de cereal, de la cocina que pone en saz\u00f3n el tiempo y las fiestas que avivan el p\u00e1lpito del vecindario y reconociendo los <em>dejes<\/em> del habla de sus naturales. Y con ello un sinf\u00edn de <strong>se\u00f1as identitarias<\/strong> que se han agregado a este rico bagaje cultural, del que forman parte asimismo las piedras labradas y fundantes, los abrigos en barro e incluso las pieles de cal con las que las sucesivas generaciones de este pueblo se han envuelto en su itinerario vital. Un tesoro cultural que ha sido grandemente valorado, como escrito queda. Y con ser incontables las publicaciones que todo ello ha merecido, a\u00fan queda a\u00fan mucho por decir. Y a ello vamos.<\/p>\n\n\n\n<p>Hace tiempo que preparamos, como parte de las <em>Publicaciones Enredars<\/em>, una serie de libros sobre este legado. Hoy, al fin, le hacemos sitio en nuestra biblioteca, dando forma a la colecci\u00f3n con lo acumulado en experiencias previas y vali\u00e9ndonos de nuevas din\u00e1micas y conceptos en relaci\u00f3n con este territorio cultural. Es el caso del libro que enseguida concluimos. Y tambi\u00e9n el de los otros cuatro que a continuaci\u00f3n seguir\u00e1n. El volumen dos estar\u00e1 dedicado a otro rico enclave cultural, el <strong>Campo de Gibraltar<\/strong>. A continuaci\u00f3n nos haremos eco de un itinerario transnacional que conecta nuestra regi\u00f3n con el <strong>Algarve<\/strong> portugu\u00e9s. Tambi\u00e9n preparamos un volumen dedicado a la Andaluc\u00eda que asoma al Mediterr\u00e1neo. Por \u00faltimo, iremos al detalle y pondremos nuestra mirada en las librer\u00edas sevillanas, por las que haremos un paseo espacio-temporal.<\/p>\n\n\n\n<p>En cuanto al t\u00edtulo inaugural, hemos optado por un espacio singular en el que concurren valores culturales y naturales de toda \u00edndole, como un parque natural, una comarca impregnada de barroco y un santuario que sostiene el culto a una imagen de proyecci\u00f3n internacional: naturaleza, arte y devoci\u00f3n. Y todo ello poni\u00e9ndolo en relaci\u00f3n con una figura de protecci\u00f3n creada por la administraci\u00f3n andaluza, <strong>la zona patrimonial<\/strong>. La definici\u00f3n de la propuesta nos ha llevado tiempo, habiendo acudido en nuestra ayuda  colegas que bien conocen la materia, como prueban sus propias reflexiones, que han servido para estructurar los contenidos del libro. Sin embargo, la mayor parte de los textos nos fueron dados por quienes consideraron interesante y oportuna la convocatoria, la que se hizo a trav\u00e9s de nuestra p\u00e1gina. Hemos de confesar que nos sorprendi\u00f3 el \u00e9xito de la misma. La confianza depositada en nosotros nos obliga a responder de la mejor forma posible, con nuestra publicaci\u00f3n, que, como de costumbre, se comparte en acceso abierto. Esperamos no defraudar tanta generosidad y hacer de estos aportes una obra que inaugure adecuadamente nuestro proyecto editorial y d\u00e9 sentido a esta necesidad de renovaci\u00f3n.<\/p>\n","protected":false},"excerpt":{"rendered":"<p>De la f\u00e9rtil tierra andaluza mucho se ha escrito. Sobre olivos centenarios e interminables extensiones de cereal, de la cocina que pone en saz\u00f3n el tiempo y las fiestas que avivan el p\u00e1lpito del vecindario<\/p>\n","protected":false},"author":1,"featured_media":263,"comment_status":"closed","ping_status":"closed","sticky":false,"template":"","format":"standard","meta":{"footnotes":""},"categories":[7],"tags":[],"class_list":["post-261","post","type-post","status-publish","format-standard","has-post-thumbnail","hentry","category-novedades"],"_links":{"self":[{"href":"https:\/\/www.upo.es\/investiga\/enredars\/blog\/wp-json\/wp\/v2\/posts\/261"}],"collection":[{"href":"https:\/\/www.upo.es\/investiga\/enredars\/blog\/wp-json\/wp\/v2\/posts"}],"about":[{"href":"https:\/\/www.upo.es\/investiga\/enredars\/blog\/wp-json\/wp\/v2\/types\/post"}],"author":[{"embeddable":true,"href":"https:\/\/www.upo.es\/investiga\/enredars\/blog\/wp-json\/wp\/v2\/users\/1"}],"replies":[{"embeddable":true,"href":"https:\/\/www.upo.es\/investiga\/enredars\/blog\/wp-json\/wp\/v2\/comments?post=261"}],"version-history":[{"count":2,"href":"https:\/\/www.upo.es\/investiga\/enredars\/blog\/wp-json\/wp\/v2\/posts\/261\/revisions"}],"predecessor-version":[{"id":265,"href":"https:\/\/www.upo.es\/investiga\/enredars\/blog\/wp-json\/wp\/v2\/posts\/261\/revisions\/265"}],"wp:featuredmedia":[{"embeddable":true,"href":"https:\/\/www.upo.es\/investiga\/enredars\/blog\/wp-json\/wp\/v2\/media\/263"}],"wp:attachment":[{"href":"https:\/\/www.upo.es\/investiga\/enredars\/blog\/wp-json\/wp\/v2\/media?parent=261"}],"wp:term":[{"taxonomy":"category","embeddable":true,"href":"https:\/\/www.upo.es\/investiga\/enredars\/blog\/wp-json\/wp\/v2\/categories?post=261"},{"taxonomy":"post_tag","embeddable":true,"href":"https:\/\/www.upo.es\/investiga\/enredars\/blog\/wp-json\/wp\/v2\/tags?post=261"}],"curies":[{"name":"wp","href":"https:\/\/api.w.org\/{rel}","templated":true}]}}