{"id":266,"date":"2020-06-07T20:08:14","date_gmt":"2020-06-07T18:08:14","guid":{"rendered":"https:\/\/www.upo.es\/investiga\/enredars\/blog\/?p=266"},"modified":"2020-06-07T20:11:35","modified_gmt":"2020-06-07T18:11:35","slug":"foto-de-familia-preparados-para-viajar-a-roma","status":"publish","type":"post","link":"https:\/\/www.upo.es\/investiga\/enredars\/blog\/2020\/06\/07\/foto-de-familia-preparados-para-viajar-a-roma\/","title":{"rendered":"Foto de familia: Preparados para viajar a Roma"},"content":{"rendered":"\n<p>He ah\u00ed la foto de familia. Vamos a Roma. Es s\u00e1bado, 15 de septiembre de 2018, y estamos en el aeropuerto de Sevilla. Esperamos tomar el avi\u00f3n que parte a las 21.25 hs. Y es que el lunes nos espera all\u00e1, en la capital italiana, toda la gente con la que nos hemos citado para hablar de santidad en el barroco iberoamericano. Somos doce y procedemos de las Universidades de Sevilla y de la Pablo de Olavide, unos de Historia Moderna y otras de Historia del Arte. Despu\u00e9s de meses de trabajo organizativo, que nos ha obligado a generar los argumentos que den sentido a la reuni\u00f3n romana, hemos logrado reunir a un centenar de especialistas en la materia. Vista la juventud de gran parte de los retratados, se comprende que todos sintamos cierto nerviosismo. Ni los m\u00e1s viejos y expertos nos libramos de este rumor an\u00edmico. Sin embargo, la imagen muestra nuestros semblantes alegres porque, ante todo, tenemos la sensaci\u00f3n de haber logrado culminar con \u00e9xito la primera y, quiz\u00e1s, la m\u00e1s importante fase del proceso: un dise\u00f1o de convocatoria suficientemente atractivo como para convencer a quienes nos esperan junto a la Bas\u00edlica. All\u00ed nos encontraremos, asimismo con el resto del equipo, Paolo Broggio y Flavia Tudini, de la Universit\u00e0 Roma Tre, y el maestro Marcello Fagiolo, con el Centro di Studi sulla cultura e l&#8217;immagine di Roma.<\/p>\n\n\n\n<p>Los preparativos han sido complejos, el grupo ha funcionado, como ya es costumbre, a la perfecci\u00f3n. Los m\u00e1s j\u00f3venes han realizado gran parte de la tarea organizativa, supervisados por Mar\u00eda de los \u00c1ngeles. Ellos han hecho posible que hoy viajemos con las maletas cargadas de materiales, desde la carteler\u00eda a los programas impresos. Y que, adem\u00e1s, podamos hacerlo con la confianza de haber cumplido con la tarea. Los menos j\u00f3venes (Jaime Garc\u00eda Bernal y Fernando Quiles) nos hemos refugiado en la edad para liberarnos de una parte de la ingente tarea de gesti\u00f3n. Todo lo hemos tenido a la mano, as\u00ed que nos hemos podido centrar en la convocatoria, afront\u00e1ndola como un reto, en el af\u00e1n de superar nuestras propias capacidades. Evidentemente, el tema lo merece, la propuesta ha funcionado por ello mismo y por la confianza que hemos generado. Y al fin nos vamos a Roma para encontrarnos en el mejor de los escenarios posibles con los y las colegas procedentes de Am\u00e9rica y Europa, disfrutando ante todo de algo que siempre va a ser un privilegio de quienes profesamos en la congregaci\u00f3n del conocimiento: el aprendizaje permanente.<\/p>\n\n\n\n<div class=\"wp-block-image\"><figure class=\"aligncenter size-large\"><img loading=\"lazy\" decoding=\"async\" width=\"1024\" height=\"779\" src=\"https:\/\/www.upo.es\/investiga\/enredars\/blog\/wp-content\/uploads\/2020\/06\/Captura-de-pantalla-2020-06-06-a-las-9.33.17-1024x779.png\" alt=\"\" class=\"wp-image-269\" srcset=\"https:\/\/www.upo.es\/investiga\/enredars\/blog\/wp-content\/uploads\/2020\/06\/Captura-de-pantalla-2020-06-06-a-las-9.33.17-1024x779.png 1024w, https:\/\/www.upo.es\/investiga\/enredars\/blog\/wp-content\/uploads\/2020\/06\/Captura-de-pantalla-2020-06-06-a-las-9.33.17-300x228.png 300w, https:\/\/www.upo.es\/investiga\/enredars\/blog\/wp-content\/uploads\/2020\/06\/Captura-de-pantalla-2020-06-06-a-las-9.33.17-768x584.png 768w, https:\/\/www.upo.es\/investiga\/enredars\/blog\/wp-content\/uploads\/2020\/06\/Captura-de-pantalla-2020-06-06-a-las-9.33.17.png 1165w\" sizes=\"(max-width: 1024px) 100vw, 1024px\" \/><\/figure><\/div>\n\n\n\n<p>Para concluir, contraponemos la foto de familia con la instant\u00e1nea de la presentaci\u00f3n oficial del Simposio, realizada en la sala de actos de los Museos Vaticanos. Quedamos los menos j\u00f3venes para dar la bienvenida: Jaime Garc\u00eda Bernal, Marcello Fagiolo, Barbara Jatta (directora de los Museos Vaticanos), Paolo Broggio y Fernando Quiles.<\/p>\n\n\n\n<div class=\"wp-block-image\"><figure class=\"aligncenter size-large is-resized\"><img loading=\"lazy\" decoding=\"async\" src=\"https:\/\/www.upo.es\/investiga\/enredars\/blog\/wp-content\/uploads\/2020\/06\/Simposio_AlaLuzdeRoma-1024x660.jpg\" alt=\"\" class=\"wp-image-268\" width=\"580\" height=\"373\" srcset=\"https:\/\/www.upo.es\/investiga\/enredars\/blog\/wp-content\/uploads\/2020\/06\/Simposio_AlaLuzdeRoma-1024x660.jpg 1024w, https:\/\/www.upo.es\/investiga\/enredars\/blog\/wp-content\/uploads\/2020\/06\/Simposio_AlaLuzdeRoma-300x194.jpg 300w, https:\/\/www.upo.es\/investiga\/enredars\/blog\/wp-content\/uploads\/2020\/06\/Simposio_AlaLuzdeRoma-768x495.jpg 768w, https:\/\/www.upo.es\/investiga\/enredars\/blog\/wp-content\/uploads\/2020\/06\/Simposio_AlaLuzdeRoma-1536x991.jpg 1536w, https:\/\/www.upo.es\/investiga\/enredars\/blog\/wp-content\/uploads\/2020\/06\/Simposio_AlaLuzdeRoma.jpg 1600w\" sizes=\"(max-width: 580px) 100vw, 580px\" \/><\/figure><\/div>\n\n\n\n<p><em>En portada, foto de familia; en el aeropuerto de Sevilla, desde la derecha: Jaime Garc\u00eda Bernal, M\u00aa de los \u00c1ngeles Fern\u00e1ndez Valle, Miguel Molina, Rafael Gonz\u00e1lez, Victoria S\u00e1nchez Mellado, Sara Jarana, Ana Aranda, Zara Ruiz, Fernando Quiles, Francisco Ollero, Clara Bejarano, Jos\u00e9 Manuel Caparr\u00f3s y Rafael Molina.<\/em><\/p>\n","protected":false},"excerpt":{"rendered":"<p>He ah\u00ed la foto de familia. Vamos a Roma. Es s\u00e1bado, 15 de septiembre de 2018, y estamos en el aeropuerto de Sevilla. Esperamos tomar el avi\u00f3n que parte a las 21.25 hs. Y es<\/p>\n","protected":false},"author":1,"featured_media":271,"comment_status":"closed","ping_status":"closed","sticky":false,"template":"","format":"standard","meta":{"footnotes":""},"categories":[1],"tags":[],"class_list":["post-266","post","type-post","status-publish","format-standard","has-post-thumbnail","hentry","category-acervo"],"_links":{"self":[{"href":"https:\/\/www.upo.es\/investiga\/enredars\/blog\/wp-json\/wp\/v2\/posts\/266"}],"collection":[{"href":"https:\/\/www.upo.es\/investiga\/enredars\/blog\/wp-json\/wp\/v2\/posts"}],"about":[{"href":"https:\/\/www.upo.es\/investiga\/enredars\/blog\/wp-json\/wp\/v2\/types\/post"}],"author":[{"embeddable":true,"href":"https:\/\/www.upo.es\/investiga\/enredars\/blog\/wp-json\/wp\/v2\/users\/1"}],"replies":[{"embeddable":true,"href":"https:\/\/www.upo.es\/investiga\/enredars\/blog\/wp-json\/wp\/v2\/comments?post=266"}],"version-history":[{"count":3,"href":"https:\/\/www.upo.es\/investiga\/enredars\/blog\/wp-json\/wp\/v2\/posts\/266\/revisions"}],"predecessor-version":[{"id":273,"href":"https:\/\/www.upo.es\/investiga\/enredars\/blog\/wp-json\/wp\/v2\/posts\/266\/revisions\/273"}],"wp:featuredmedia":[{"embeddable":true,"href":"https:\/\/www.upo.es\/investiga\/enredars\/blog\/wp-json\/wp\/v2\/media\/271"}],"wp:attachment":[{"href":"https:\/\/www.upo.es\/investiga\/enredars\/blog\/wp-json\/wp\/v2\/media?parent=266"}],"wp:term":[{"taxonomy":"category","embeddable":true,"href":"https:\/\/www.upo.es\/investiga\/enredars\/blog\/wp-json\/wp\/v2\/categories?post=266"},{"taxonomy":"post_tag","embeddable":true,"href":"https:\/\/www.upo.es\/investiga\/enredars\/blog\/wp-json\/wp\/v2\/tags?post=266"}],"curies":[{"name":"wp","href":"https:\/\/api.w.org\/{rel}","templated":true}]}}