{"id":285,"date":"2020-07-02T12:36:56","date_gmt":"2020-07-02T10:36:56","guid":{"rendered":"https:\/\/www.upo.es\/investiga\/enredars\/blog\/?p=285"},"modified":"2020-07-02T12:38:46","modified_gmt":"2020-07-02T10:38:46","slug":"%e2%9d%9d-amar-al-libro-sobre-todas-las-cosas-%e2%9d%9e","status":"publish","type":"post","link":"https:\/\/www.upo.es\/investiga\/enredars\/blog\/2020\/07\/02\/%e2%9d%9d-amar-al-libro-sobre-todas-las-cosas-%e2%9d%9e\/","title":{"rendered":"\u275d Amar al libro sobre todas las cosas&#8230; \u275e"},"content":{"rendered":"\n<p> A Jos\u00e9 Manuel Padilla no le hac\u00eda falta concluir su prontuario para libreros con este \u00faltimo item. Quienes tuvimos la suerte de conocerlo lo ten\u00edamos seguro: amaba los libros sin l\u00edmites. Del mismo modo que tambi\u00e9n reconoc\u00edamos en \u00e9l ese particular sentido del humor que le hizo completar la frase que encabeza el texto con una apostilla: \u00ab<strong>nunca sobre las personas (salvo algunas)\u00bb<\/strong>.<\/p>\n\n\n\n<div class=\"wp-block-image\"><figure class=\"aligncenter size-large is-resized\"><img loading=\"lazy\" decoding=\"async\" src=\"https:\/\/www.upo.es\/investiga\/enredars\/blog\/wp-content\/uploads\/2020\/07\/Tarjeta_Enredars_Libros_Borges.jpg\" alt=\"\" class=\"wp-image-287\" width=\"590\" height=\"443\" srcset=\"https:\/\/www.upo.es\/investiga\/enredars\/blog\/wp-content\/uploads\/2020\/07\/Tarjeta_Enredars_Libros_Borges.jpg 1000w, https:\/\/www.upo.es\/investiga\/enredars\/blog\/wp-content\/uploads\/2020\/07\/Tarjeta_Enredars_Libros_Borges-300x225.jpg 300w, https:\/\/www.upo.es\/investiga\/enredars\/blog\/wp-content\/uploads\/2020\/07\/Tarjeta_Enredars_Libros_Borges-768x576.jpg 768w\" sizes=\"(max-width: 590px) 100vw, 590px\" \/><\/figure><\/div>\n\n\n\n<p> Su historia de amor con los libros fue tan larga en el tiempo como fruct\u00edfera. En cincuenta a\u00f1os de ejercicio abri\u00f3 hasta cuatro librer\u00edas. De la primera tenemos noticia por su compa\u00f1ero de aventura, otro bibli\u00f3filo conocido, Antonio Castro:<\/p>\n\n\n\n<p> \u00abEmpec\u00e9 a dedicarme a los libros con dieciocho a\u00f1os. Abr\u00ed una librer\u00eda con un amigo, Jos\u00e9 Manuel Padilla. No era de libros viejos, sino de novedades. Estaba situada en el Pasaje de los Azahares. Eso fue alrededor de 1969.<\/p>\n\n\n\n<div class=\"wp-block-image\"><figure class=\"aligncenter size-large\"><img loading=\"lazy\" decoding=\"async\" width=\"1024\" height=\"727\" src=\"https:\/\/www.upo.es\/investiga\/enredars\/blog\/wp-content\/uploads\/2020\/07\/Cenital_agosto_1972-1024x727.jpg\" alt=\"\" class=\"wp-image-288\" srcset=\"https:\/\/www.upo.es\/investiga\/enredars\/blog\/wp-content\/uploads\/2020\/07\/Cenital_agosto_1972-1024x727.jpg 1024w, https:\/\/www.upo.es\/investiga\/enredars\/blog\/wp-content\/uploads\/2020\/07\/Cenital_agosto_1972-300x213.jpg 300w, https:\/\/www.upo.es\/investiga\/enredars\/blog\/wp-content\/uploads\/2020\/07\/Cenital_agosto_1972-768x545.jpg 768w, https:\/\/www.upo.es\/investiga\/enredars\/blog\/wp-content\/uploads\/2020\/07\/Cenital_agosto_1972-1536x1091.jpg 1536w, https:\/\/www.upo.es\/investiga\/enredars\/blog\/wp-content\/uploads\/2020\/07\/Cenital_agosto_1972-2048x1454.jpg 2048w\" sizes=\"(max-width: 1024px) 100vw, 1024px\" \/><figcaption><em>Librer\u00eda Cenital, agosto de 1972.<\/em><\/figcaption><\/figure><\/div>\n\n\n\n<p> \u00c9ramos lectores y muy j\u00f3venes, no sab\u00edamos bien qu\u00e9 quer\u00edamos hacer. Yo estaba haciendo teatro en el grupo Esperpento, que por aquel entonces dirig\u00edan Alfonso Guerra y Jos\u00e9 Mar\u00eda Rodr\u00edguez Buz\u00f3n. Padilla tambi\u00e9n pertenec\u00eda al grupo de teatro. Guerra y Buz\u00f3n abrieron la librer\u00eda Antonio Machado y nosotros decidimos abrir la nuestra. Se llamaba Cenital, en referencia a la luz central que ilumina un escenario teatral.<\/p>\n\n\n\n<p> Hay una an\u00e9cdota curiosa respecto al nombre de aquella librer\u00eda. Eran a\u00f1os complicados, en plena efervescencia fascista. Mi padre era un anarquista reconocido y hubo gente que interpret\u00f3 que el nombre era una suerte de clave, convirtiendo Cenital en CNT. Curiosamente, aquello nos sirvi\u00f3 para vender libros de teatro y anarquistas; empezamos a traer obras prohibidas que distribu\u00eda una editorial (y librer\u00eda) llamada Visor Libros.\u00bb (<strong>Ismael F. Cabeza<\/strong>. \u00abLos libreros somo unos supervivientes\u00bb. <em>Libro antiguo de Sevilla<\/em> [<a rel=\"noreferrer noopener\" aria-label=\"x (opens in a new tab)\" href=\"http:\/\/www.libroantiguosevilla.es\/2018\/07\/03\/antonio-castro\/\" target=\"_blank\">x<\/a>]).<\/p>\n\n\n\n<p> Conoc\u00ed a Padilla y su mundo en su segunda librer\u00eda, la de Lara\u00f1a, donde no pocos nos entregamos a los viajes de largo trayecto, algunas veces de la mano del propio Jos\u00e9 Manuel, tan magn\u00edfico anfitri\u00f3n como divertido compa\u00f1ero de traves\u00eda. All\u00ed tuve la oportunidad de conocer tambi\u00e9n sus habilidades como impresor, al quedar de su cuenta, durante mi tr\u00e1nsito milenarista, mi Tesis Doctoral, de la que extrajo un hermoso libro que &nbsp;siempre tendr\u00e1 un lugar destacado en mi biblioteca personal.<\/p>\n\n\n\n<div class=\"wp-block-image\"><figure class=\"aligncenter size-large\"><img loading=\"lazy\" decoding=\"async\" width=\"1024\" height=\"735\" src=\"https:\/\/www.upo.es\/investiga\/enredars\/blog\/wp-content\/uploads\/2020\/07\/Lara\u00f1a-1024x735.jpg\" alt=\"\" class=\"wp-image-289\" srcset=\"https:\/\/www.upo.es\/investiga\/enredars\/blog\/wp-content\/uploads\/2020\/07\/Lara\u00f1a-1024x735.jpg 1024w, https:\/\/www.upo.es\/investiga\/enredars\/blog\/wp-content\/uploads\/2020\/07\/Lara\u00f1a-300x215.jpg 300w, https:\/\/www.upo.es\/investiga\/enredars\/blog\/wp-content\/uploads\/2020\/07\/Lara\u00f1a-768x551.jpg 768w, https:\/\/www.upo.es\/investiga\/enredars\/blog\/wp-content\/uploads\/2020\/07\/Lara\u00f1a-1536x1103.jpg 1536w, https:\/\/www.upo.es\/investiga\/enredars\/blog\/wp-content\/uploads\/2020\/07\/Lara\u00f1a-2048x1470.jpg 2048w\" sizes=\"(max-width: 1024px) 100vw, 1024px\" \/><figcaption><em>Librer\u00eda Padilla, calle Lara\u00f1a.<\/em><\/figcaption><\/figure><\/div>\n\n\n\n<p> De esta etapa, en la nueva sede, se dijo: \u00abes un oasis de prodigios y artes m\u00e1gicas en medio de la sociedad reinante de las agencias de viajes, los grandes almacenes, los concesionarios de coches, los tel\u00e9fonos m\u00f3viles y las tarjetas de cr\u00e9dito. [&#8230;]. La librer\u00eda es en eso infalible: pocos locales ponen a prueba a la gente con una exactitud tan peligrosa. [&#8230;] La librer\u00eda es un im\u00e1n irresistible para gente de mente no uniformada.\u00bb (<strong>Santiago Belausteguigoitia<\/strong>. \u00abEl librero de los prodigios\u00bb. <em>El Pa\u00eds<\/em>, 03\/08\/1999).<\/p>\n\n\n\n<p> Tambi\u00e9n dijo, quien escribiera su necrol\u00f3gica del ABC, que <strong>\u00abLara\u00f1a fue uno de los centros potentes culturales de Sevilla<\/strong>. El librero editaba \u00abEl Heraldo de Padilla\u00bb; presentaba libros; colabor\u00f3 en la edici\u00f3n de la maravillosa revista \u00abCalle del Aire\u00bb, donde estaban poetas como <strong>Fernando Ortiz<\/strong>, tambi\u00e9n desaparecido. Los viernes las tertulias se alargaban hasta la madrugada. Fue presidente del gremio de libreros en los a\u00f1os 80, cr\u00edtico teatral en Diario 16, coleccionista, y observador de una ciudad que cambiaba con rapidez a su alrededor\u00bb.<\/p>\n\n\n\n<p> Y concluye Marta Carrasco, autora de este homenaje, con el lamento: \u00abHa muerto Padilla como vivi\u00f3, de forma teatral, en \u00e9poca teatral, acord\u00e1ndose de Zorrilla y huyendo del maldito invento extranjero que hace que la gente parezca un engendro por las calles de una ciudad que huele a bu\u00f1uelos y a huesos de santo. Ha muerto <strong>un hombre de la Cultura de una Sevilla que no fue la que conoci\u00f3<\/strong>.\u00bb (<strong>Marta Carrasco<\/strong>. <em>ABCdeSevilla<\/em>, 01\/11\/2019).<\/p>\n\n\n\n<p> Y m\u00e1s all\u00e1 de este trasiego sevillano, con los libros a cuesta, quienes se han ocupado de retratarle, valoran su versatilidad. M\u00e1s all\u00e1 de la letra, la palabra; y con la palabra, la escena. Como editor y librero fue celebrado. Pero no se olvida su labor en el teatro.<\/p>\n\n\n\n<p> \u00abCoet\u00e1neo del mayo franc\u00e9s, del Ruedo Ib\u00e9rico y los dos triunfos espa\u00f1oles en Eurovisi\u00f3n, de la llegada del hombre a la Luna antes de que la Luna llegara al hombre en la canci\u00f3n de Lole y Manuel. A veces, el editor, el actor y el librero se funden en productos primorosos como la cuidada edici\u00f3n que Padilla ha hecho de Farsa y licencia de la Reina Castiza, de Valle-Incl\u00e1n. Tambi\u00e9n edit\u00f3 un libro titulado Los mi\u00e9rcoles a las ocho. Parece un relato de Agatha Christie. Es el d\u00eda y la hora en el que se celebraba el taller de Escritura dirigido por Eduardo Jord\u00e1. El libro lleva el subt\u00edtulo Trece historias, trece autores y un pr\u00f3logo de Jord\u00e1 titulado \u00bfPor qu\u00e9 escribo? Leer es otra cosa. Efecto viento en la tramoya del teatro. Bravo, Padilla, un comunero en la galaxia Gutenberg, Villalar de los Chapineros.<\/p>\n\n\n\n<p>Medio siglo de la historia cultural de la ciudad desde Los Azahares hasta Trajano, con escalas en Lara\u00f1a y en la calle Feria. Padilla vuelve a la tramoya del Lope para fabricar tempestades por exigencia del gui\u00f3n que se llevan por delante el sombrero del apuntador. Regresa a esa otra faceta de su poli\u00e9drica biograf\u00eda. Echar\u00e1 de menos sus paseos cadenciosos, socarrones con Benito Moreno. Vuelve al cat\u00e1logo de la tramoya de un teatro que tambi\u00e9n est\u00e1 lleno de libros. Los recuerda Antonio \u00c1lamo, uno de sus directores, que vio en el Lope de Vega a Mario Vargas Llosa, Barry Gifford o Nick Hornby.\u00bb <strong>Francisco Correal<\/strong>. \u00abLas bodas de oro de Padilla con los libros\u00bb, <em>Diario de Sevilla<\/em>, 29\/05\/2019.<\/p>\n\n\n\n<p> Fue un resistente, sobrevivi\u00f3 a las modas culturales, al desdibujamiento de las ideolog\u00edas, y siempre tuvo una mirada conciliadora con el pasado, que no pas\u00f3 desapercibida a quienes le trataron:<\/p>\n\n\n\n<p> \u00abTe conoc\u00ed buscando libros de geograf\u00eda de orientaci\u00f3n izquierdista en el a\u00f1o 1976. Est\u00e1bamos en la parte alta de tu librer\u00eda de la calle Lara\u00f1a, la segunda que tuviste. All\u00ed hab\u00eda tertulias tan prohibidas por Franco como los libros de la editorial \u201cRuedo Ib\u00e9rico\u201d que tra\u00edas de Francia. Con tu educaci\u00f3n cervantina me susurraste ir\u00f3nicamente: \u201cBusca algo el se\u00f1or, en que le pueda ayudar\u201d. Yo ten\u00eda 18 melenudos y hippies a\u00f1os. T\u00fa acababas de cumplir los 33. El gran respeto con que me hablaste me impresion\u00f3 hasta la m\u00e9dula. No lo olvidar\u00e9. Tampoco tu \u201clook\u201d de izquierdas, con ese tup\u00e9 ondulado, tus pantalones de pana beige o marr\u00f3n y tu jersey verdioscuro de lana. Pens\u00e9 que pod\u00edas ser un perfectamente un profesor de La Sorbona, exiliado al Mediod\u00eda tras el mayo parisino del 68. Y tambi\u00e9n que tu aspecto no difer\u00eda mucho de ese l\u00edder naciente del socialismo espa\u00f1ol de aquellos a\u00f1os: Felipe Gonz\u00e1lez.\u00bb (<strong>Carlos Parejo Delgado<\/strong>. \u00abUn Hernando Col\u00f3n contempor\u00e1neo, en recuerdo del librero sevillano Jos\u00e9 Manuel Padilla (1943-2019)\u00bb. &nbsp;<em>Revista La Comuna<\/em>, 01\/11\/2019). (<a rel=\"noreferrer noopener\" aria-label=\"x (opens in a new tab)\" href=\"http:\/\/www.revistalacomuna.com\/cultura\/un-hernando-colon-contemporaneo-en-recuerdo-del-librero-sevillano-jose-manuel-padilla-1943-2019\/\" target=\"_blank\">x<\/a>)<\/p>\n\n\n\n<p>\u00b7 Foto de portada: Diario de Sevilla, 29 de mayo del 2019.<\/p>\n","protected":false},"excerpt":{"rendered":"<p>A Jos\u00e9 Manuel Padilla no le hac\u00eda falta concluir su prontuario para libreros con este \u00faltimo item. Quienes tuvimos la suerte de conocerlo lo ten\u00edamos seguro: amaba los libros sin l\u00edmites. Del mismo modo que<\/p>\n","protected":false},"author":1,"featured_media":286,"comment_status":"closed","ping_status":"closed","sticky":false,"template":"","format":"standard","meta":{"footnotes":""},"categories":[10],"tags":[],"class_list":["post-285","post","type-post","status-publish","format-standard","has-post-thumbnail","hentry","category-bibliofilia"],"_links":{"self":[{"href":"https:\/\/www.upo.es\/investiga\/enredars\/blog\/wp-json\/wp\/v2\/posts\/285"}],"collection":[{"href":"https:\/\/www.upo.es\/investiga\/enredars\/blog\/wp-json\/wp\/v2\/posts"}],"about":[{"href":"https:\/\/www.upo.es\/investiga\/enredars\/blog\/wp-json\/wp\/v2\/types\/post"}],"author":[{"embeddable":true,"href":"https:\/\/www.upo.es\/investiga\/enredars\/blog\/wp-json\/wp\/v2\/users\/1"}],"replies":[{"embeddable":true,"href":"https:\/\/www.upo.es\/investiga\/enredars\/blog\/wp-json\/wp\/v2\/comments?post=285"}],"version-history":[{"count":4,"href":"https:\/\/www.upo.es\/investiga\/enredars\/blog\/wp-json\/wp\/v2\/posts\/285\/revisions"}],"predecessor-version":[{"id":293,"href":"https:\/\/www.upo.es\/investiga\/enredars\/blog\/wp-json\/wp\/v2\/posts\/285\/revisions\/293"}],"wp:featuredmedia":[{"embeddable":true,"href":"https:\/\/www.upo.es\/investiga\/enredars\/blog\/wp-json\/wp\/v2\/media\/286"}],"wp:attachment":[{"href":"https:\/\/www.upo.es\/investiga\/enredars\/blog\/wp-json\/wp\/v2\/media?parent=285"}],"wp:term":[{"taxonomy":"category","embeddable":true,"href":"https:\/\/www.upo.es\/investiga\/enredars\/blog\/wp-json\/wp\/v2\/categories?post=285"},{"taxonomy":"post_tag","embeddable":true,"href":"https:\/\/www.upo.es\/investiga\/enredars\/blog\/wp-json\/wp\/v2\/tags?post=285"}],"curies":[{"name":"wp","href":"https:\/\/api.w.org\/{rel}","templated":true}]}}