{"id":304,"date":"2020-07-24T16:47:03","date_gmt":"2020-07-24T14:47:03","guid":{"rendered":"https:\/\/www.upo.es\/investiga\/enredars\/blog\/?p=304"},"modified":"2020-07-24T16:50:57","modified_gmt":"2020-07-24T14:50:57","slug":"recuerdo-unos-libros-y-un-reloj","status":"publish","type":"post","link":"https:\/\/www.upo.es\/investiga\/enredars\/blog\/2020\/07\/24\/recuerdo-unos-libros-y-un-reloj\/","title":{"rendered":"Recuerdo&#8230; unos libros y un reloj"},"content":{"rendered":"\n<p>Recuerdo, recuerdo\u2026. una casa,&nbsp; grande sobre todo para el tama\u00f1o y la experiencia de una ni\u00f1a de tres a\u00f1os: inmensa cocina (reino indiscutible de Fermina, la cocinera asistida por sus damas, las pinches) un peque\u00f1o escal\u00f3n de la escalera donde me gustaba sentarme, el patio de m\u00e1rmol, la fuente con peces rojos donde casi me ca\u00ed una vez\u2026 y un cuarto de la planta baja con una ventana con reja que separaba del mundo, pero un\u00eda con \u00e9l&nbsp; porque desde el asiento del alfeizar se ve\u00eda la calle\u2026 Sevilla.<\/p>\n\n\n\n<p>Esa habitaci\u00f3n, grande y cuadrada era del abuelo, era su reino, como el \u201ccuarto de la costura\u201d era el de la abuela y la cocina el reino de Fermina. All\u00ed solo entraba el abuelo y \u00e9l toleraba que se limpiase por las \u201cchachas\u201d s\u00f3lo cuando no estaba en la casa. Era su despacho y all\u00ed viv\u00edan sus libros, los que mi abuelo llamaba sus amigos. Eso me dijo un d\u00eda y ante mi cara de estupor de infancia reci\u00e9n estrenada me dijo que cada libro era una persona porque era lo que ella pensaba, lo que sent\u00eda, lo que hab\u00eda estudiado, lo que no quer\u00eda que se perdiese, lo que quer\u00eda que otros supieran\u2026 cada libro era como el cuerpo casi inmortal de la mente de una persona.<\/p>\n\n\n\n<p>Como, evidentemente, yo segu\u00eda sin comprender mi abuelo me llev\u00f3 al despacho, me sent\u00f3 junto a \u00e9l en un sof\u00e1 (nunca he encontrado uno m\u00e1s c\u00f3modo) y abraz\u00e1ndome abri\u00f3 un libro y comenz\u00f3 a leer en voz alta\u2026 era como o\u00edr a otra persona que contaba c\u00f3mo era un burrito peque\u00f1o, peludo, suave\u2026 con el que so\u00f1\u00e9 porque me qued\u00e9 dormida.<\/p>\n\n\n\n<p>Recuerdo\u2026 al d\u00eda siguiente le dije a mi abuelo que quer\u00eda o\u00edr a otro amigo suyo. Volvimos al despacho y fue cuando me di cuenta de la cantidad de&nbsp; amigos, de libros, que hab\u00eda all\u00ed; estaban en todas las paredes, solo dejaban libre el hueco de la ventana y la puerta. El abuelo me dijo que ese cuarto de la casa se llamaba biblioteca y que ese d\u00eda \u00edbamos de viaje sin salir de ella. El libro que alcanz\u00f3 era grande, muy grande\u2026 \u00a1con tantas fotos de tantos lugares y sus mapas! \u00a1Ea, a viajar!<\/p>\n\n\n\n<p>Recuerdo\u2026 cada d\u00eda le\u00eda un libro para m\u00ed, cada d\u00eda un amigo distinto hablando de distintas cosas\u2026 y de fondo, siempre, el tictac de un reloj que colgaba de la pared. Desde entonces me gusta leer oyendo el tictac de un reloj.<\/p>\n\n\n\n<p>Yo miraba las p\u00e1ginas de los libros y poco a poco fui distinguiendo las palabras escritas que le\u00eda el abuelo; no aprend\u00ed a leer con el m\u00e9todo tradicional de \u201cla <em>eme<\/em> con la<em> a<\/em> se dice <em>ma<\/em>\u201d gracias a Dios y a los libros amigos de mi abuelo, as\u00ed con mi poca edad ya sab\u00eda leer casi perfectamente.<\/p>\n\n\n\n<p>Pero un d\u00eda me di cuenta de que los libros amigos de mi abuelo estaban inc\u00f3modos y desordenados. \u00a1Los pobres! Uno peque\u00f1o y bajito al lado de uno grande y alto, otro estrecho y delgadito justo pegando con otro ancho y gordo. Y los colores \u00bfpara qu\u00e9 decir? Todos mezclados. As\u00ed que decid\u00ed ponerlos de forma que se sintiesen m\u00e1s a su gusto y comodidad.<\/p>\n\n\n\n<p>Saqu\u00e9 de las estanter\u00edas todos los libros a los que me permit\u00eda alcanzar mi estatura de algo m\u00e1s de tres a\u00f1os, los puse todos en el suelo y los fui ordenando por sus tama\u00f1os y seg\u00fan los colores de las cubiertas.<\/p>\n\n\n\n<p>Para comprender lo siguiente he de decir que mi abuelo ten\u00eda una personalidad que impon\u00eda, pausado y serio, muy alto y con una autoridad natural que pocas personas tienen; bien lo sab\u00edan mi padre, mis t\u00edos y mis t\u00edas, adem\u00e1s de todos en la casa.<\/p>\n\n\n\n<p>Pues bien, cuando entr\u00f3 en la biblioteca, su \u201c<em>sancta sanctorum<\/em>\u201d, ven\u00eda acompa\u00f1ado de uno de mis t\u00edos que se puso blanco cuando vio el panorama: yo estaba sentada en el suelo entre libros a\u00fan por ordenar seg\u00fan \u201cmi sistema\u201d y con otros ya perfectamente \u201corganizados\u201d por tama\u00f1os y colores. Mi t\u00edo estaba temiendo la tormenta, pero mi abuelo mir\u00f3 &nbsp;con cara seria a su \u00fanica nieta, rompi\u00f3 en una enorme carcajada y s\u00f3lo dijo: \u00a1qu\u00e9 buena bibliotecaria vamos a tener en la familia!<\/p>\n\n\n\n<p>\u2014 <strong>Reyes Pro Jim\u00e9nez<\/strong>: historiadora, archivera&#8230; y bibliotecaria (evidentemente).<\/p>\n","protected":false},"excerpt":{"rendered":"<p>Recuerdo, recuerdo\u2026. una casa,&nbsp; grande sobre todo para el tama\u00f1o y la experiencia de una ni\u00f1a de tres a\u00f1os: inmensa cocina (reino indiscutible de Fermina, la cocinera asistida por sus damas, las pinches) un peque\u00f1o<\/p>\n","protected":false},"author":1,"featured_media":307,"comment_status":"closed","ping_status":"closed","sticky":false,"template":"","format":"standard","meta":{"footnotes":""},"categories":[10],"tags":[],"class_list":["post-304","post","type-post","status-publish","format-standard","has-post-thumbnail","hentry","category-bibliofilia"],"_links":{"self":[{"href":"https:\/\/www.upo.es\/investiga\/enredars\/blog\/wp-json\/wp\/v2\/posts\/304"}],"collection":[{"href":"https:\/\/www.upo.es\/investiga\/enredars\/blog\/wp-json\/wp\/v2\/posts"}],"about":[{"href":"https:\/\/www.upo.es\/investiga\/enredars\/blog\/wp-json\/wp\/v2\/types\/post"}],"author":[{"embeddable":true,"href":"https:\/\/www.upo.es\/investiga\/enredars\/blog\/wp-json\/wp\/v2\/users\/1"}],"replies":[{"embeddable":true,"href":"https:\/\/www.upo.es\/investiga\/enredars\/blog\/wp-json\/wp\/v2\/comments?post=304"}],"version-history":[{"count":3,"href":"https:\/\/www.upo.es\/investiga\/enredars\/blog\/wp-json\/wp\/v2\/posts\/304\/revisions"}],"predecessor-version":[{"id":309,"href":"https:\/\/www.upo.es\/investiga\/enredars\/blog\/wp-json\/wp\/v2\/posts\/304\/revisions\/309"}],"wp:featuredmedia":[{"embeddable":true,"href":"https:\/\/www.upo.es\/investiga\/enredars\/blog\/wp-json\/wp\/v2\/media\/307"}],"wp:attachment":[{"href":"https:\/\/www.upo.es\/investiga\/enredars\/blog\/wp-json\/wp\/v2\/media?parent=304"}],"wp:term":[{"taxonomy":"category","embeddable":true,"href":"https:\/\/www.upo.es\/investiga\/enredars\/blog\/wp-json\/wp\/v2\/categories?post=304"},{"taxonomy":"post_tag","embeddable":true,"href":"https:\/\/www.upo.es\/investiga\/enredars\/blog\/wp-json\/wp\/v2\/tags?post=304"}],"curies":[{"name":"wp","href":"https:\/\/api.w.org\/{rel}","templated":true}]}}