{"id":311,"date":"2020-10-16T16:12:42","date_gmt":"2020-10-16T14:12:42","guid":{"rendered":"https:\/\/www.upo.es\/investiga\/enredars\/blog\/?p=311"},"modified":"2020-10-16T16:14:35","modified_gmt":"2020-10-16T14:14:35","slug":"sobre-letras-libros-y-almas","status":"publish","type":"post","link":"https:\/\/www.upo.es\/investiga\/enredars\/blog\/2020\/10\/16\/sobre-letras-libros-y-almas\/","title":{"rendered":"Sobre letras, libros y almas"},"content":{"rendered":"\n<p>Las palabras tienen magia, eso es evidente. No es un secreto que un autor deja, detr\u00e1s de cada historia, un poco de s\u00ed mismo.<\/p>\n\n\n\n<p>De muy peque\u00f1a, hablo de la tierna edad de cuatro a\u00f1os, mi madre, con toda su sabidur\u00eda, decidi\u00f3 abrir las puertas a algo que yo desconoc\u00eda: la lectura. Ella me ense\u00f1\u00f3 a leer y escribir.<\/p>\n\n\n\n<p>Recuerdo mis cuadernos de escritura y muchas p\u00e1ginas llenas de letras de un tama\u00f1o enorme e irregular. Esas letras que parec\u00edan existir al azar, poco a poco, comenzaron a formar palabras que pronto se convirtieron en oraciones. Fue en ese momento cuando acced\u00ed a un mundo que no ha dejado de sorprenderme.<\/p>\n\n\n\n<p>Mis padres me llevaban una vez por mes a una librer\u00eda que hoy ya no existe. En ella, de entre todo el universo de estantes abarrotados con todo tipo de escritos, eleg\u00eda libremente los libros que deseara llevarme a casa. Tuve la fortuna de comenzar, as\u00ed de joven, a formar mi biblioteca.<\/p>\n\n\n\n<p>Mis primeras lecturas, claro, fueron historias infantiles llenas de ilustraciones. Hans Christian Andersen estaba entre de mis favoritos.<\/p>\n\n\n\n<p>Los libros elegidos fueron cambiando conforme los a\u00f1os iban pasando y yo defin\u00eda mi personalidad.<\/p>\n\n\n\n<p>Pude leer a muchos autores. B\u00e9cquer, por ejemplo, me acompa\u00f1\u00f3 en mi etapa rom\u00e1ntica. Y as\u00ed, progresivamente, fueron llegando Homero, Kant, Fromm, Borges, Hesse, Nietzche, Cort\u00e1zar, Goethe, Pushkin, Benedetti, Dostoyevski, Alighieri, Tolkien, Dumas, Baudelaire, Galeano, Freud, Cervantes, Shakespeare, Poe, Quiroga, Lovecraft, Pacheco, Kundera, Stoker, Alarc\u00f3n y much\u00edsimos m\u00e1s. Todos ellos compart\u00edan espacio y hogar en mi vida.<\/p>\n\n\n\n<p>Y aqu\u00ed he de confesar que uno de los libros que he mantenido m\u00e1s cerca de mi coraz\u00f3n es \u201c<em>Frankenstein o el moderno Prometeo<\/em>\u201d de Mary Shelley. Esa historia, a la fecha, me sigue atrapando entre las reflexiones de una criatura que intenta saber el significado de su vida y un hombre que comprendi\u00f3, demasiado tarde, que sus acciones fueron su juez y su verdugo.<\/p>\n\n\n\n<p>Desde que le\u00ed ese libro, hace unos veinticinco a\u00f1os, me sigo preguntando d\u00f3nde radica el alma humana.<\/p>\n\n\n\n<p>Me intriga c\u00f3mo a trav\u00e9s de la historia se ha concebido el alma, el esp\u00edritu, el cuerpo, la mente y el para\u00edso. La trascendencia ha sido y es un tema que a\u00fan tiene mucho por revelar.<\/p>\n\n\n\n<p>Si yo pudiera, retomando lo que contaba sobre mi amad\u00edsimo texto de Shelley, consolar\u00eda a la criatura de Frankenstein dici\u00e9ndole que no importa de cu\u00e1ntos cuerpos distintos fue hecho. \u00c9l, sin duda, posee un alma.<\/p>\n\n\n\n<p>Y as\u00ed es como los libros evocan, generan conocimiento, alimentan la curiosidad, desarrollan la imaginaci\u00f3n. Encontrarse con una historia se vuelve algo muy \u00edntimo, algo que se experimenta profundamente entre lector y escritor.<\/p>\n\n\n\n<p>Miro mi peque\u00f1a biblioteca y veo que cada libro encierra entre sus p\u00e1ginas una parte de mi historia. Ellos llevan d\u00edas de todo tipo, tardes de caf\u00e9, noches de insomnio, recuerdos de juventud, encuentros con personas. Ellos han sido mi compa\u00f1\u00eda y han estado presentes tanto en mis momentos de sufrimiento como de felicidad.<\/p>\n\n\n\n<p>Un libro nunca ser\u00e1 un objeto inanimado para aquellos que decidan ahondar entre sus l\u00edneas, sentir o empatizar. Y quien lo lee posiblemente sienta que un texto contiene alguna vivencia, an\u00e9cdota o sue\u00f1o que encaja perfecto con un momento de su vida.<\/p>\n\n\n\n<p>Al final, todos somos los protagonistas de nuestra historia.<\/p>\n\n\n\n<p>Mi madre, sin saberlo, defini\u00f3 mucho de lo que soy en el momento en que puso por primera vez un l\u00e1piz en mi mano y me ayud\u00f3 a \u201cdibujar\u201d la primera letra.<\/p>\n\n\n\n<p>Me convert\u00ed en una so\u00f1adora incansable, contadora de historias propias y ajenas. Quiz\u00e1 sea por esta relaci\u00f3n tan estrecha que form\u00e9 entre las letras y mi madre que no me es extra\u00f1o escribir a la vieja usanza, con folio y pluma en mano. A pesar de la modernidad y la inmediatez en este mundo, amo escribir cartas y recibir postales.<\/p>\n\n\n\n<p>Gracias a mi madre y a esos primeros libros no he dejado de imaginar, de creer, de crear, de asombrarme.<\/p>\n\n\n\n<p>Lo dije al principio de este texto: las palabras tienen magia.<\/p>\n\n\n\n<p>Y en cada palabra y en cada historia que escribo no puedo evitar dejar un poco de m\u00ed, de mi amor, de mis sue\u00f1os y de mi pasi\u00f3n.<\/p>\n\n\n\n<p>\u2014 <strong>Kena Rosas<\/strong>. <em>D\u00edas silenciosos<\/em>. M\u00e9xico.<\/p>\n","protected":false},"excerpt":{"rendered":"<p>Las palabras tienen magia, eso es evidente. No es un secreto que un autor deja, detr\u00e1s de cada historia, un poco de s\u00ed mismo. De muy peque\u00f1a, hablo de la tierna edad de cuatro a\u00f1os,<\/p>\n","protected":false},"author":1,"featured_media":312,"comment_status":"closed","ping_status":"closed","sticky":false,"template":"","format":"standard","meta":{"footnotes":""},"categories":[10],"tags":[],"class_list":["post-311","post","type-post","status-publish","format-standard","has-post-thumbnail","hentry","category-bibliofilia"],"_links":{"self":[{"href":"https:\/\/www.upo.es\/investiga\/enredars\/blog\/wp-json\/wp\/v2\/posts\/311"}],"collection":[{"href":"https:\/\/www.upo.es\/investiga\/enredars\/blog\/wp-json\/wp\/v2\/posts"}],"about":[{"href":"https:\/\/www.upo.es\/investiga\/enredars\/blog\/wp-json\/wp\/v2\/types\/post"}],"author":[{"embeddable":true,"href":"https:\/\/www.upo.es\/investiga\/enredars\/blog\/wp-json\/wp\/v2\/users\/1"}],"replies":[{"embeddable":true,"href":"https:\/\/www.upo.es\/investiga\/enredars\/blog\/wp-json\/wp\/v2\/comments?post=311"}],"version-history":[{"count":2,"href":"https:\/\/www.upo.es\/investiga\/enredars\/blog\/wp-json\/wp\/v2\/posts\/311\/revisions"}],"predecessor-version":[{"id":314,"href":"https:\/\/www.upo.es\/investiga\/enredars\/blog\/wp-json\/wp\/v2\/posts\/311\/revisions\/314"}],"wp:featuredmedia":[{"embeddable":true,"href":"https:\/\/www.upo.es\/investiga\/enredars\/blog\/wp-json\/wp\/v2\/media\/312"}],"wp:attachment":[{"href":"https:\/\/www.upo.es\/investiga\/enredars\/blog\/wp-json\/wp\/v2\/media?parent=311"}],"wp:term":[{"taxonomy":"category","embeddable":true,"href":"https:\/\/www.upo.es\/investiga\/enredars\/blog\/wp-json\/wp\/v2\/categories?post=311"},{"taxonomy":"post_tag","embeddable":true,"href":"https:\/\/www.upo.es\/investiga\/enredars\/blog\/wp-json\/wp\/v2\/tags?post=311"}],"curies":[{"name":"wp","href":"https:\/\/api.w.org\/{rel}","templated":true}]}}