{"id":328,"date":"2020-10-26T15:54:46","date_gmt":"2020-10-26T14:54:46","guid":{"rendered":"https:\/\/www.upo.es\/investiga\/enredars\/blog\/?p=328"},"modified":"2020-10-26T16:17:14","modified_gmt":"2020-10-26T15:17:14","slug":"el-abrazo-de-un-sueno","status":"publish","type":"post","link":"https:\/\/www.upo.es\/investiga\/enredars\/blog\/2020\/10\/26\/el-abrazo-de-un-sueno\/","title":{"rendered":"El abrazo de un sue\u00f1o&#8230;"},"content":{"rendered":"\n<p>Los sue\u00f1os son caudales de energ\u00edas poderosas que abrazan lo recordado y se expresan m\u00e1gicamente a trav\u00e9s de fuerzas narrativas de lo a\u00f1orado y deseado. Imposible no pensar en el legado que nos dej\u00f3 Leticia de Oyuela cuando hizo referencia al almario y apunt\u00f3 que en \u00e9l: \u201cno solo hay cosas, sino tambi\u00e9n gimen almas de los descansados que son nuestros amigos de la soledad\u201d. En una sociedad que d\u00eda a d\u00eda pierde la esperanza, en un pa\u00eds de carencias y violencia, donde los sue\u00f1os se vuelven lejanos, imaginar para construir un futuro digno es una responsabilidad, nos recuerda Sandra Herrera Dean (2013).<\/p>\n\n\n\n<p>Si se trata de hacer referencia al acervo del legado espiritual y material de nuestra Honduras, desde este espacio se extiende una convocatoria para participar en la producci\u00f3n de un libro que visibilice una muestra, no de cosas que se guardan, como ejemplo los armarios de Tegucigalpa, haciendo referencia nuevamente a Oyuela; en donde se refugian las almas de los que no tienen consuelo. Por el contrario, la apuesta se dirige a crear un muestrario vivo \u2014en transformaci\u00f3n permanente, presente\/ausente a la vez\u2014 cantado con todo el cuerpo. Rastros de verdad que brotan cuando se examina la vida propia y nuestra, el transitar el sabor de los \u00e9xitos, los sinsabores de las ca\u00eddas y sus aprendizajes \u2014la hipocres\u00eda cotidiana, la deshumanizaci\u00f3n, la solidaridad, la compasi\u00f3n y los afectos\u2014. Es por ello y mucho m\u00e1s que actualmente se invita a formar parte de un coro polif\u00f3nico, objeto\/libro virtual: <strong>Honduras, sabor de sue\u00f1o.<\/strong><\/p>\n\n\n\n<div class=\"wp-block-image\"><figure class=\"aligncenter size-large is-resized\"><img loading=\"lazy\" decoding=\"async\" src=\"https:\/\/www.upo.es\/investiga\/enredars\/blog\/wp-content\/uploads\/2020\/10\/3-Portada-Palack-Daniel-735x1024.png\" alt=\"\" class=\"wp-image-330\" width=\"467\" height=\"650\" srcset=\"https:\/\/www.upo.es\/investiga\/enredars\/blog\/wp-content\/uploads\/2020\/10\/3-Portada-Palack-Daniel-735x1024.png 735w, https:\/\/www.upo.es\/investiga\/enredars\/blog\/wp-content\/uploads\/2020\/10\/3-Portada-Palack-Daniel-215x300.png 215w, https:\/\/www.upo.es\/investiga\/enredars\/blog\/wp-content\/uploads\/2020\/10\/3-Portada-Palack-Daniel-768x1070.png 768w, https:\/\/www.upo.es\/investiga\/enredars\/blog\/wp-content\/uploads\/2020\/10\/3-Portada-Palack-Daniel-1103x1536.png 1103w, https:\/\/www.upo.es\/investiga\/enredars\/blog\/wp-content\/uploads\/2020\/10\/3-Portada-Palack-Daniel.png 1130w\" sizes=\"(max-width: 467px) 100vw, 467px\" \/><\/figure><\/div>\n\n\n\n<p>\u201cLa tierra en mi pa\u00eds tiene olor de recuerdos\u201d, nos dice Claudio Barrera en <em>El pa\u00eds p\u00e1rvulo<\/em>. Remite a nuestro pueblo de corta edad y a pesar de ello ha vivenciado el desconsuelo, similar a los <em>Cipotes<\/em> de Ramon Amaya Amador que inscriben sus <em>Huellas descalzas por las aceras.<\/em> No obstante, los sue\u00f1os que son una especie de interpretaci\u00f3n y representaci\u00f3n no consciente de los recuerdos, los propios y por tanto nuestros, rompen el silencio juntando los pedazos; el alma con el cuerpo y la raz\u00f3n con el coraz\u00f3n, en acto <em>sentipensante<\/em> como dir\u00eda Eduardo Galeano. As\u00ed lo expresa Barrera cuando hace referencia a que Honduras tiene olor de recuerdos:<\/p>\n\n\n\n<blockquote class=\"wp-block-quote is-layout-flow wp-block-quote-is-layout-flow\"><p>\u2026Si el p\u00e1jaro hace un \u00e1ngulo de heridas circulares,<\/p><p>los \u00e1rboles meci\u00e9ndose<\/p><p>le abren el coraz\u00f3n al viento<\/p><p>y cantan<\/p><p>\u2014como si fuera un arpa de cristal y de plata.<\/p><p>La tierra de mi pa\u00eds tiene sabor de sue\u00f1o.<\/p><\/blockquote>\n\n\n\n<p>Desde este universo, <strong>Honduras, sabor de sue\u00f1o<\/strong>, trae al presente pand\u00e9mico que vivimos la memoria sonora, la <em>llamada<\/em> de los tambores, como se le conoce en el universo musical de la di\u00e1spora africana en Nuestra Am\u00e9rica, cuyo dispositivo se activa cuando el sonido se dispersa en los barrios y llega al o\u00eddo de otras y otros tamborileros atra\u00eddos por sus se\u00f1ales. As\u00ed, acuden una tamborera, un tamborero a la invitaci\u00f3n \u2014<em>respuesta<\/em>\u2014, simult\u00e1neamente llega otro, y otro, hasta crear una polifon\u00eda y polirr\u00edtmia de voces, sonidos, cuerpos que otorgan sentido a los sue\u00f1os.<\/p>\n\n\n\n<p>Sobrevolando b\u00fasquedas que conduzcan a di\u00e1logos con y desde el coraz\u00f3n y la palabra plural, sentipensar. En esta oportunidad, el \u00e1rea de Historia del Arte de la Universidad Pablo Olavide, Sevilla Espa\u00f1a, a trav\u00e9s de EnRedArs y Mujeres en las Artes (MUA) Honduras, convocan a toda la comunidad de investigadores(as), artistas, creadores(as), dise\u00f1adores(as) cineastas, gestores(as) culturales de Honduras a participar del libro <strong>Honduras, sabor de sue\u00f1o<\/strong>.<\/p>\n\n\n\n<p>Ya sea a trav\u00e9s de un ensayo cr\u00edtico o de opini\u00f3n, as\u00ed como tambi\u00e9n con una muestra de su trabajo creativo audiovisual: fotograf\u00eda, video y audio.<\/p>\n\n\n\n<blockquote class=\"wp-block-quote is-layout-flow wp-block-quote-is-layout-flow\"><p>\u201cPoseemos una cultura, como objeto de un pasado hecho por nuestros antepasados. Tal cultura nos pertenece\u201d.<\/p><p><em>Leticia de Oyuela.<\/em><\/p><\/blockquote>\n\n\n\n<p>\u2014 <strong>Josefina Dobinger-\u00c1lvarez Quioto<\/strong>. Mujeres en las Artes Leticia de Oyuela (Honduras).<\/p>\n\n\n\n<p>\u00b7 Antigua Casa Presidencial, Tegucigalpa. Acuarela de Jacobo Bertrand Aguilar.<\/p>\n\n\n\n<p>\u00b7 Portada del libro. Acuarela de Palack Daniel.<\/p>\n\n\n\n<p><strong>De reciente convocatoria.<\/strong><\/p>\n","protected":false},"excerpt":{"rendered":"<p>Los sue\u00f1os son caudales de energ\u00edas poderosas que abrazan lo recordado y se expresan m\u00e1gicamente a trav\u00e9s de fuerzas narrativas de lo a\u00f1orado y deseado. Imposible no pensar en el legado que nos dej\u00f3 Leticia<\/p>\n","protected":false},"author":1,"featured_media":329,"comment_status":"closed","ping_status":"closed","sticky":false,"template":"","format":"standard","meta":{"footnotes":""},"categories":[7],"tags":[],"class_list":["post-328","post","type-post","status-publish","format-standard","has-post-thumbnail","hentry","category-novedades"],"_links":{"self":[{"href":"https:\/\/www.upo.es\/investiga\/enredars\/blog\/wp-json\/wp\/v2\/posts\/328"}],"collection":[{"href":"https:\/\/www.upo.es\/investiga\/enredars\/blog\/wp-json\/wp\/v2\/posts"}],"about":[{"href":"https:\/\/www.upo.es\/investiga\/enredars\/blog\/wp-json\/wp\/v2\/types\/post"}],"author":[{"embeddable":true,"href":"https:\/\/www.upo.es\/investiga\/enredars\/blog\/wp-json\/wp\/v2\/users\/1"}],"replies":[{"embeddable":true,"href":"https:\/\/www.upo.es\/investiga\/enredars\/blog\/wp-json\/wp\/v2\/comments?post=328"}],"version-history":[{"count":3,"href":"https:\/\/www.upo.es\/investiga\/enredars\/blog\/wp-json\/wp\/v2\/posts\/328\/revisions"}],"predecessor-version":[{"id":352,"href":"https:\/\/www.upo.es\/investiga\/enredars\/blog\/wp-json\/wp\/v2\/posts\/328\/revisions\/352"}],"wp:featuredmedia":[{"embeddable":true,"href":"https:\/\/www.upo.es\/investiga\/enredars\/blog\/wp-json\/wp\/v2\/media\/329"}],"wp:attachment":[{"href":"https:\/\/www.upo.es\/investiga\/enredars\/blog\/wp-json\/wp\/v2\/media?parent=328"}],"wp:term":[{"taxonomy":"category","embeddable":true,"href":"https:\/\/www.upo.es\/investiga\/enredars\/blog\/wp-json\/wp\/v2\/categories?post=328"},{"taxonomy":"post_tag","embeddable":true,"href":"https:\/\/www.upo.es\/investiga\/enredars\/blog\/wp-json\/wp\/v2\/tags?post=328"}],"curies":[{"name":"wp","href":"https:\/\/api.w.org\/{rel}","templated":true}]}}