{"id":366,"date":"2020-11-02T17:24:24","date_gmt":"2020-11-02T16:24:24","guid":{"rendered":"https:\/\/www.upo.es\/investiga\/enredars\/blog\/?p=366"},"modified":"2020-11-02T17:52:12","modified_gmt":"2020-11-02T16:52:12","slug":"cuando-la-musica-suena","status":"publish","type":"post","link":"https:\/\/www.upo.es\/investiga\/enredars\/blog\/2020\/11\/02\/cuando-la-musica-suena\/","title":{"rendered":"Cuando la m\u00fasica suena&#8230;"},"content":{"rendered":"\n<p>Tuvo fama Orfeo, entre los griegos, de lograr amansar las fieras al toque de su lira. Valga como testimonio gr\u00e1fico de ello el mosaico de Cesaragusta. Nuestro refranero lo expres\u00f3 en estos t\u00e9rminos: \u00abla m\u00fasica amasa a las fieras\u00bb.<\/p>\n\n\n\n<div class=\"wp-block-image\"><figure class=\"aligncenter size-large is-resized\"><img loading=\"lazy\" decoding=\"async\" src=\"https:\/\/www.upo.es\/investiga\/enredars\/blog\/wp-content\/uploads\/2020\/11\/1-Zaragoza_Museo_Mosaico_de_Orfeo-489x1024.jpg\" alt=\"\" class=\"wp-image-368\" width=\"352\" height=\"738\" srcset=\"https:\/\/www.upo.es\/investiga\/enredars\/blog\/wp-content\/uploads\/2020\/11\/1-Zaragoza_Museo_Mosaico_de_Orfeo-489x1024.jpg 489w, https:\/\/www.upo.es\/investiga\/enredars\/blog\/wp-content\/uploads\/2020\/11\/1-Zaragoza_Museo_Mosaico_de_Orfeo-143x300.jpg 143w, https:\/\/www.upo.es\/investiga\/enredars\/blog\/wp-content\/uploads\/2020\/11\/1-Zaragoza_Museo_Mosaico_de_Orfeo-768x1609.jpg 768w, https:\/\/www.upo.es\/investiga\/enredars\/blog\/wp-content\/uploads\/2020\/11\/1-Zaragoza_Museo_Mosaico_de_Orfeo-733x1536.jpg 733w, https:\/\/www.upo.es\/investiga\/enredars\/blog\/wp-content\/uploads\/2020\/11\/1-Zaragoza_Museo_Mosaico_de_Orfeo-977x2048.jpg 977w, https:\/\/www.upo.es\/investiga\/enredars\/blog\/wp-content\/uploads\/2020\/11\/1-Zaragoza_Museo_Mosaico_de_Orfeo-scaled.jpg 1222w\" sizes=\"(max-width: 352px) 100vw, 352px\" \/><figcaption>\u00abOrfeo amansando a las fieras\u00bb. Zaragoza, Museo del Mosaico de Orfeo.<\/figcaption><\/figure><\/div>\n\n\n\n<p>Nada nuevo a\u00f1adimos, despu\u00e9s de siglos en que se ha constatado esta ben\u00e9fica influencia, ejerciendo como b\u00e1lsamo en el conflicto. Hoy tenemos claro que ello es as\u00ed, que los quiebros emocionales y la fiereza siempre sucumbir\u00e1n a la gracia de la m\u00fasica. Y de tiempo en tiempo se ha podido constatar en contextos muy determinados.<\/p>\n\n\n\n<p>Desde la banda de m\u00fasica que ha reunido a su alrededor a una comunidad de vecinos que pugnaba por la defensa de su barrio amenazado por la especulaci\u00f3n. A situaciones personales, como la de ancianos y ancianas que en la oscuridad de su Alzheimer lograron sonre\u00edr con melod\u00edas familiares, las de canciones disfrutadas e incluso bailadas en la mocedad.<\/p>\n\n\n\n<p>Unos a\u00f1os atr\u00e1s emprendimos la edici\u00f3n de un libro que lleva por t\u00edtulo <em>Como b\u00e1lsamo de Fierabr\u00e1s. Cultura en tiempos y territorios en conflicto<\/em>. Para su elaboraci\u00f3n pudimos contactar con profesionales que ten\u00edan fe en el poder de la cultura para atenuar conflictos. As\u00ed sea en Espa\u00f1a, como en tierras americanas.<\/p>\n\n\n\n<p>Y hoy, con el respaldo de la Fundaci\u00f3n P\u00fablica Andaluza Barenboim-Said, hemos decidido dar un paso m\u00e1s y avanzar en este camino de esperanza, porque la m\u00fasica siempre estar\u00e1 para ayudar a allanar obst\u00e1culos y fortalecer confianzas, para seguir avanzando, en el convencimiento de que \u00abla condici\u00f3n humana vale la pena, porque hemos sido mal hechos, pero no estamos terminados [&#8230;y as\u00ed] ojal\u00e1 podamos ser capaces de seguir caminando los caminos del viento, a pesar de las ca\u00eddas y las traiciones y las derrotas, porque la historia contin\u00faa, m\u00e1s all\u00e1 de nosotros, y cuando ella dice adi\u00f3s, est\u00e1 diciendo: hasta luego\u00bb (E. Galeano).<\/p>\n\n\n\n<div class=\"wp-block-image\"><figure class=\"aligncenter size-large is-resized\"><img loading=\"lazy\" decoding=\"async\" src=\"https:\/\/www.upo.es\/investiga\/enredars\/blog\/wp-content\/uploads\/2020\/11\/3-Captura-de-pantalla-2020-11-02-a-las-12.34.16-1024x539.png\" alt=\"\" class=\"wp-image-369\" width=\"569\" height=\"299\" srcset=\"https:\/\/www.upo.es\/investiga\/enredars\/blog\/wp-content\/uploads\/2020\/11\/3-Captura-de-pantalla-2020-11-02-a-las-12.34.16-1024x539.png 1024w, https:\/\/www.upo.es\/investiga\/enredars\/blog\/wp-content\/uploads\/2020\/11\/3-Captura-de-pantalla-2020-11-02-a-las-12.34.16-300x158.png 300w, https:\/\/www.upo.es\/investiga\/enredars\/blog\/wp-content\/uploads\/2020\/11\/3-Captura-de-pantalla-2020-11-02-a-las-12.34.16-768x404.png 768w, https:\/\/www.upo.es\/investiga\/enredars\/blog\/wp-content\/uploads\/2020\/11\/3-Captura-de-pantalla-2020-11-02-a-las-12.34.16.png 1140w\" sizes=\"(max-width: 569px) 100vw, 569px\" \/><figcaption>D\u00eda de Convivencia Musical (25\/03\/2015). Pol\u00edgono Sur. Fundaci\u00f3n Barenboim-Said (<a href=\"https:\/\/www.barenboim-said.es\/es\/dia-de-convivencia-musical\/\" target=\"_blank\" rel=\"noreferrer noopener\">x<\/a>).<\/figcaption><\/figure><\/div>\n\n\n\n<p>Pronto lanzaremos la convocatoria p\u00fablica, con la invitaci\u00f3n a participar en el libro. Va a ser conjuntamente con la Fundaci\u00f3n Barenboim-Said, que desde hace a\u00f1os est\u00e1 demostrando la capacidad de la m\u00fasica para resolver conflicto.<\/p>\n\n\n\n<p>\u00b7 Dibujo de portada: <strong>Ver\u00f3nica Granados<\/strong>. Nicaragua.<\/p>\n\n\n\n<blockquote class=\"wp-block-quote is-layout-flow wp-block-quote-is-layout-flow\"><p>Sobre el dibujo, puedo decir que tanto el arte visual como el musical\u00a0 van de la mano, al realizar este dibujo me hizo pensar mucho en tantos artistas musicales que sienten esa pasi\u00f3n por su talento y ponen todo su esfuerzo cada d\u00eda en ser mejores m\u00fasicos. Al dibujarlo me transport\u00e9 a ese mundo maravilloso de los sonidos.<\/p><p>A ra\u00edz de una enfermedad que me dej\u00f3 sin poder trabajar 2016, retom\u00e9 mi sue\u00f1o de ni\u00f1a (ser artista) empec\u00e9 desde cero a experimentar con la pintura descubriendo este mundo maravilloso, estudiando de manera autodidacta a los grandes maestros del arte, a la fecha desde el 2017, tengo 5 exposiciones individuales en mi pa\u00eds natal y varias colectivas, tambi\u00e9n particip\u00e9 en Verona-Italia 2019 en un concurso de pintura.\u00a0 Mis cuadros est\u00e1n llenos de diferentes sentimientos plasmados en el momento del trabajo, quiero expresar en ellos mi sentir y que la gente se identifique de manera personal con ellos.<\/p><p>Sue\u00f1o poder representar a mi pa\u00eds y a las mujeres en general en el arte, ser una voz visual que pueda ser o\u00edda y trastornar con mi arte el mundo actual.<\/p><\/blockquote>\n\n\n\n<p><\/p>\n","protected":false},"excerpt":{"rendered":"<p>Tuvo fama Orfeo, entre los griegos, de lograr amansar las fieras al toque de su lira. Valga como testimonio gr\u00e1fico de ello el mosaico de Cesaragusta. Nuestro refranero lo expres\u00f3 en estos t\u00e9rminos: \u00abla m\u00fasica<\/p>\n","protected":false},"author":1,"featured_media":367,"comment_status":"closed","ping_status":"closed","sticky":false,"template":"","format":"standard","meta":{"footnotes":""},"categories":[1],"tags":[],"class_list":["post-366","post","type-post","status-publish","format-standard","has-post-thumbnail","hentry","category-acervo"],"_links":{"self":[{"href":"https:\/\/www.upo.es\/investiga\/enredars\/blog\/wp-json\/wp\/v2\/posts\/366"}],"collection":[{"href":"https:\/\/www.upo.es\/investiga\/enredars\/blog\/wp-json\/wp\/v2\/posts"}],"about":[{"href":"https:\/\/www.upo.es\/investiga\/enredars\/blog\/wp-json\/wp\/v2\/types\/post"}],"author":[{"embeddable":true,"href":"https:\/\/www.upo.es\/investiga\/enredars\/blog\/wp-json\/wp\/v2\/users\/1"}],"replies":[{"embeddable":true,"href":"https:\/\/www.upo.es\/investiga\/enredars\/blog\/wp-json\/wp\/v2\/comments?post=366"}],"version-history":[{"count":3,"href":"https:\/\/www.upo.es\/investiga\/enredars\/blog\/wp-json\/wp\/v2\/posts\/366\/revisions"}],"predecessor-version":[{"id":373,"href":"https:\/\/www.upo.es\/investiga\/enredars\/blog\/wp-json\/wp\/v2\/posts\/366\/revisions\/373"}],"wp:featuredmedia":[{"embeddable":true,"href":"https:\/\/www.upo.es\/investiga\/enredars\/blog\/wp-json\/wp\/v2\/media\/367"}],"wp:attachment":[{"href":"https:\/\/www.upo.es\/investiga\/enredars\/blog\/wp-json\/wp\/v2\/media?parent=366"}],"wp:term":[{"taxonomy":"category","embeddable":true,"href":"https:\/\/www.upo.es\/investiga\/enredars\/blog\/wp-json\/wp\/v2\/categories?post=366"},{"taxonomy":"post_tag","embeddable":true,"href":"https:\/\/www.upo.es\/investiga\/enredars\/blog\/wp-json\/wp\/v2\/tags?post=366"}],"curies":[{"name":"wp","href":"https:\/\/api.w.org\/{rel}","templated":true}]}}