{"id":383,"date":"2020-11-12T15:50:19","date_gmt":"2020-11-12T14:50:19","guid":{"rendered":"https:\/\/www.upo.es\/investiga\/enredars\/blog\/?p=383"},"modified":"2020-11-12T15:50:21","modified_gmt":"2020-11-12T14:50:21","slug":"sin-palabras-sshhhtt-no-hables","status":"publish","type":"post","link":"https:\/\/www.upo.es\/investiga\/enredars\/blog\/2020\/11\/12\/sin-palabras-sshhhtt-no-hables\/","title":{"rendered":"Sin palabras (SShhhtt, no hables)"},"content":{"rendered":"\n<p>Acerca de esta obra no hay nada que decir, de hecho, no hay nada que decir acerca de ninguna obra, ni siquiera nombrarla con un t\u00edtulo a menos que como mera identificaci\u00f3n as\u00ed lo amerite.<\/p>\n\n\n\n<p>El solo t\u00edtulo en una obra encausa al observador a un derrotero prefijado forzadamente por el artista, mientras que la obra sola y sin intervenciones de lenguajes que no le son propios produce un disfrute puro y natural, es entonces cuando alguien del p\u00fablico pregunta, \u00bfQu\u00e9 significa?, \u00bfQu\u00e9 quiere decir?, y como artista yo respondo, \u00bfQu\u00e9 te dice la obra? \u00bfte hace sentir algo?, y mas presto te digo, \u00a1calla!, no me respondas, no con palabras, no quiero profanar con otro lenguaje el c\u00f3digo del lenguaje de \u00e9stas obras, ellas solo hablan con colores, formas, l\u00edneas, puntos, tonos, valores, ah s\u00ed, pero no son mudos; tienen lenguaje propio es lo que sucede, no de sonidos, no de letras, talvez algo de una gestualizaci\u00f3n que qued\u00f3 plasmada y hoy es solo se\u00f1al impresa de un movimiento corporal del artista que en su momento qued\u00f3 grabado en la tela, pero ese cinetismo ya fue y solo huella de \u00e9l qued\u00f3.<\/p>\n\n\n\n<p>He visto y le\u00eddo textos de textos de arte, no es que quiera ser o parecer docto ni tampoco ignorante, pero el arte de pintar me impulsa a solo verlo, digerirlo a trav\u00e9s de la vista, que penetre a mi interior y como un b\u00e1lsamo o un veneno, irrigue mis interioridades espirituales y me haga sentir; si produce una reacci\u00f3n, algo hizo all\u00ed, pero no lo traduzco con palabras, guardo el instinto y hago que se convierta en disfrute, esto me ha funcionado a nivel de arte formal o informal, ya sea un paisaje, un retrato, \u00bfa mi que me importa quien sea?, o que lugar representa, me concentro mejor en cada detalle de ese retrato, de ese paisaje pero por su distribuci\u00f3n de colores, de su fluidez en el manejo de la t\u00e9cnica, de su magistralidad, su composici\u00f3n\u2026y es all\u00ed justo en la confluencia de tantas cosas inherentes al puro arte que empieza mi disfrute y es por esto que supongo (a veces mal) que all\u00ed comenzar\u00e1 tambi\u00e9n el disfrute de los que observan las obras.<\/p>\n\n\n\n<div class=\"wp-block-image\"><figure class=\"aligncenter size-large\"><img loading=\"lazy\" decoding=\"async\" width=\"1024\" height=\"719\" src=\"https:\/\/www.upo.es\/investiga\/enredars\/blog\/wp-content\/uploads\/2020\/11\/processed1-1024x719.jpeg\" alt=\"\" class=\"wp-image-385\" srcset=\"https:\/\/www.upo.es\/investiga\/enredars\/blog\/wp-content\/uploads\/2020\/11\/processed1-1024x719.jpeg 1024w, https:\/\/www.upo.es\/investiga\/enredars\/blog\/wp-content\/uploads\/2020\/11\/processed1-300x211.jpeg 300w, https:\/\/www.upo.es\/investiga\/enredars\/blog\/wp-content\/uploads\/2020\/11\/processed1-768x539.jpeg 768w, https:\/\/www.upo.es\/investiga\/enredars\/blog\/wp-content\/uploads\/2020\/11\/processed1-1536x1078.jpeg 1536w, https:\/\/www.upo.es\/investiga\/enredars\/blog\/wp-content\/uploads\/2020\/11\/processed1.jpeg 1906w\" sizes=\"(max-width: 1024px) 100vw, 1024px\" \/><\/figure><\/div>\n\n\n\n<p>He observado que el disfrute depende de varios factores tales como la formaci\u00f3n art\u00edstica de la persona que observa, pero \u00a1oh sorpresa! No siempre es as\u00ed, porque donde menos se espera \u00a1salta la liebre!, los estudios acad\u00e9micos no nos facultan a tener sensibilidad art\u00edstica, existen esos entes agraciados como por regalo natural que tienen esos gustos exquisitos sin m\u00e1s ni m\u00e1s, solo porque s\u00ed y ya, personas que tienen su sensibilidad a flor de piel y se extas\u00edan ya creando, ya disfrutando al observar, trasladadas moment\u00e1neamente a mundos diversos generados por color y forma.<\/p>\n\n\n\n<p>De los insensibles ni me preocupo, es una enfermedad de la cual no soy doctor ni hay cura para ello creo.<\/p>\n\n\n\n<p>\u00b7 Im\u00e1genes y texto de <strong>Leonel Gustavo del Cid D\u00edaz<\/strong>.<\/p>\n\n\n\n<p>\u00b7 Dimensiones de las obras: 0.36 x 0.26 cm\/T\u00e9cnica mixta tintas gouache y acuarelas\/ a\u00f1o de realizaci\u00f3n: 2020.<\/p>\n","protected":false},"excerpt":{"rendered":"<p>Acerca de esta obra no hay nada que decir, de hecho, no hay nada que decir acerca de ninguna obra, ni siquiera nombrarla con un t\u00edtulo a menos que como mera identificaci\u00f3n as\u00ed lo amerite.<\/p>\n","protected":false},"author":1,"featured_media":384,"comment_status":"closed","ping_status":"closed","sticky":false,"template":"","format":"standard","meta":{"footnotes":""},"categories":[9],"tags":[],"class_list":["post-383","post","type-post","status-publish","format-standard","has-post-thumbnail","hentry","category-autorias"],"_links":{"self":[{"href":"https:\/\/www.upo.es\/investiga\/enredars\/blog\/wp-json\/wp\/v2\/posts\/383"}],"collection":[{"href":"https:\/\/www.upo.es\/investiga\/enredars\/blog\/wp-json\/wp\/v2\/posts"}],"about":[{"href":"https:\/\/www.upo.es\/investiga\/enredars\/blog\/wp-json\/wp\/v2\/types\/post"}],"author":[{"embeddable":true,"href":"https:\/\/www.upo.es\/investiga\/enredars\/blog\/wp-json\/wp\/v2\/users\/1"}],"replies":[{"embeddable":true,"href":"https:\/\/www.upo.es\/investiga\/enredars\/blog\/wp-json\/wp\/v2\/comments?post=383"}],"version-history":[{"count":1,"href":"https:\/\/www.upo.es\/investiga\/enredars\/blog\/wp-json\/wp\/v2\/posts\/383\/revisions"}],"predecessor-version":[{"id":386,"href":"https:\/\/www.upo.es\/investiga\/enredars\/blog\/wp-json\/wp\/v2\/posts\/383\/revisions\/386"}],"wp:featuredmedia":[{"embeddable":true,"href":"https:\/\/www.upo.es\/investiga\/enredars\/blog\/wp-json\/wp\/v2\/media\/384"}],"wp:attachment":[{"href":"https:\/\/www.upo.es\/investiga\/enredars\/blog\/wp-json\/wp\/v2\/media?parent=383"}],"wp:term":[{"taxonomy":"category","embeddable":true,"href":"https:\/\/www.upo.es\/investiga\/enredars\/blog\/wp-json\/wp\/v2\/categories?post=383"},{"taxonomy":"post_tag","embeddable":true,"href":"https:\/\/www.upo.es\/investiga\/enredars\/blog\/wp-json\/wp\/v2\/tags?post=383"}],"curies":[{"name":"wp","href":"https:\/\/api.w.org\/{rel}","templated":true}]}}