{"id":388,"date":"2020-11-29T15:34:48","date_gmt":"2020-11-29T14:34:48","guid":{"rendered":"https:\/\/www.upo.es\/investiga\/enredars\/blog\/?p=388"},"modified":"2020-11-29T15:43:15","modified_gmt":"2020-11-29T14:43:15","slug":"una-nueva-colaboracion","status":"publish","type":"post","link":"https:\/\/www.upo.es\/investiga\/enredars\/blog\/2020\/11\/29\/una-nueva-colaboracion\/","title":{"rendered":"Una nueva colaboraci\u00f3n"},"content":{"rendered":"\n<p>Hablando de cultura, he de reconocer que me gusta aventurarme por nuevos caminos. Pareciera que uno se adocena cuando pisa sobre su propia huella una y otra vez, hasta abrir surcos en el suelo, como atado por coyunda. Cada comienzo suscita temores y entra\u00f1a riesgos, y no duele poco cuando se yerra en el intento. Pero no es m\u00e1s que eso: un intento. El fracaso ha de ser fin y principio: trayendo consigo la simiente de un nuevo fruto. Y al fin nada mejor que acumular experiencias que, todas juntas, permiten contar una historia propia que, cuando menos, produce satisfacci\u00f3n.<\/p>\n\n\n\n<p>Llevo tiempo repensando mi trayectoria, considerando que tal vez debiera buscar un apeadero, para disfrutar en \u00e9l de un tiempo de calma, cerrar los ojos y callar. No es tanto una necesidad como una prudente actitud, porque siento que me agoto y a\u00fan me queda mucho por hacer.<\/p>\n\n\n\n<p>En ello estaba, decidido a dar el paso a un lado, cuando llam\u00f3 a mi puerta otro esp\u00edritu inquieto, en realidad un t\u00e1ndem que cargaba a sus espaldas un proyecto que despert\u00f3 en m\u00ed nuevas ganas de hacer: Me refiero a Eva Bravo (<a rel=\"noreferrer noopener\" href=\"https:\/\/evabravogarcia.com\/\" target=\"_blank\">x<\/a>) y Aline Lara Galicia, ambas de la Universidad de Sevilla, quienes compartieron conmigo su gran proyecto, que me trajo de retorno a mi normalidad.<\/p>\n\n\n\n<div class=\"wp-block-image\"><figure class=\"aligncenter size-large\"><img loading=\"lazy\" decoding=\"async\" width=\"1024\" height=\"567\" src=\"https:\/\/www.upo.es\/investiga\/enredars\/blog\/wp-content\/uploads\/2020\/11\/Captura-de-pantalla-2020-11-29-a-las-11.57.53-1024x567.png\" alt=\"\" class=\"wp-image-391\" srcset=\"https:\/\/www.upo.es\/investiga\/enredars\/blog\/wp-content\/uploads\/2020\/11\/Captura-de-pantalla-2020-11-29-a-las-11.57.53-1024x567.png 1024w, https:\/\/www.upo.es\/investiga\/enredars\/blog\/wp-content\/uploads\/2020\/11\/Captura-de-pantalla-2020-11-29-a-las-11.57.53-300x166.png 300w, https:\/\/www.upo.es\/investiga\/enredars\/blog\/wp-content\/uploads\/2020\/11\/Captura-de-pantalla-2020-11-29-a-las-11.57.53-768x425.png 768w, https:\/\/www.upo.es\/investiga\/enredars\/blog\/wp-content\/uploads\/2020\/11\/Captura-de-pantalla-2020-11-29-a-las-11.57.53-1536x850.png 1536w, https:\/\/www.upo.es\/investiga\/enredars\/blog\/wp-content\/uploads\/2020\/11\/Captura-de-pantalla-2020-11-29-a-las-11.57.53.png 1578w\" sizes=\"(max-width: 1024px) 100vw, 1024px\" \/><\/figure><\/div>\n\n\n\n<p>Sab\u00eda por Aline de la existencia del <strong>IEAL<\/strong> (Instituto universitario de Estudios sobre Am\u00e9rica Latina [<a rel=\"noreferrer noopener\" href=\"https:\/\/institucionales.us.es\/ieal\/\" target=\"_blank\">x<\/a>]). Tuve incluso la oportunidad de colaborar en una atractiva iniciativa que tuvo sobre las lenguas originarias. Junto con Eva me propusieron compartir con <strong>Enredars<\/strong> la publicaci\u00f3n de la Tesis Doctoral sobre temas americanos premiada en un concurso que hab\u00edan convocado meses atr\u00e1s. Me gust\u00f3 la idea. En esta sociedad ten\u00edamos mucho que ganar en compa\u00f1\u00eda de tan activos miembros.<\/p>\n\n\n\n<p>Al fin, tras la resoluci\u00f3n de la prueba, y despu\u00e9s de mucho pensarlo, se decidi\u00f3 que, en lugar de una, ser\u00edan dos tesis doctorales las que se publicaran, porque el premio se dio ex-aequo a los ensayos realizados por sendas doctoras noveles: Esperanza M\u00e1rquez L\u00f3pez, que hab\u00eda realizado su ensayo sobre <em>Ed\u00facame Primero. Per\u00fa y la prevenci\u00f3n del trabajo infantil<\/em>; y Marta Rodr\u00edguez Manzano, cuyo trabajo, de car\u00e1cter filol\u00f3gico se centr\u00f3 en el <em>Estudio de testamentos e inventarios de bienes de difuntos novohispanos (siglos XVI-XVIII)<\/em>, llevando por t\u00edtulo principal <em>Vida y muerte en el M\u00e9xico colonial.<\/em><\/p>\n\n\n\n<div class=\"wp-block-image\"><figure class=\"aligncenter size-large is-resized\"><img loading=\"lazy\" decoding=\"async\" src=\"https:\/\/www.upo.es\/investiga\/enredars\/blog\/wp-content\/uploads\/2020\/11\/Captura-de-pantalla-2020-11-27-a-las-12.45.26.png\" alt=\"\" class=\"wp-image-390\" width=\"469\" height=\"662\" srcset=\"https:\/\/www.upo.es\/investiga\/enredars\/blog\/wp-content\/uploads\/2020\/11\/Captura-de-pantalla-2020-11-27-a-las-12.45.26.png 679w, https:\/\/www.upo.es\/investiga\/enredars\/blog\/wp-content\/uploads\/2020\/11\/Captura-de-pantalla-2020-11-27-a-las-12.45.26-213x300.png 213w\" sizes=\"(max-width: 469px) 100vw, 469px\" \/><\/figure><\/div>\n\n\n\n<p>Pusimos manos a la obra, estudiamos las condiciones de la colaboraci\u00f3n y definimos nuestros libros en un buen acuerdo. Se trabaj\u00f3 el dise\u00f1o integral de los mismos, que afectaba a textos, im\u00e1genes, maquetas y portadas. Al cabo fueron los detalles los que m\u00e1s alargaron el proceso editorial. Las autoras tuvieron una participaci\u00f3n muy activa. Las coeditoras no dejaron nada al albur. Al fin, en esta semana que concluye, despu\u00e9s de muchas otras dedicadas a la labor editorial, hemos podido compartir a trav\u00e9s de nuestras respectivas webs las versiones digitales de los libros. Con un resultado muy satisfactorio que nos hace pensar en haber cumplido nuestra misi\u00f3n, que no s\u00f3lo es la de materializar los ensayos doctorales, sino en hacer un nuevo aporte al conocimiento de nuestra cultura.<\/p>\n\n\n\n<p>Seguiremos hablando sobre esta empresa y otras apreciables muestras de la solidaridad cultural, pero ahora, en este silencioso oto\u00f1o, toca concluir. Y lo hago con el verso de Basilio Fern\u00e1ndez:<\/p>\n\n\n\n<blockquote class=\"wp-block-quote is-layout-flow wp-block-quote-is-layout-flow\"><p>\u00ab&#8230;<\/p><p>Es preciso amar al sembrador<\/p><p>que confunde los d\u00edas, las amapolas,<\/p><p>que no sabe si sus heredades<\/p><p>son riberas del tiempo<\/p><p>o est\u00e9riles s\u00e1banas,<\/p><p>que ignora si la yunta y el arado<\/p><p>son las asas l\u00edcitas del trabajo<\/p><p>o el rubor de los trigos.<\/p><p>&#8211;<\/p><p>Vedle caminar as\u00ed, a tientas, entre complots,<\/p><p>rozando pe\u00f1ascos de olvido<\/p><p>con el alma desfigurada,<\/p><p>sintiendo c\u00f3mo los soles se levantan<\/p><p>del fondo de s\u00ed mismos,<\/p><p>y prolongan su hiedra hasta el anochecer<\/p><p>en que la luna<\/p><p>configura de acantilados sus mejillas. &#8230;\u00bb (\u00abEn oto\u00f1o\u00bb)<\/p><\/blockquote>\n\n\n\n<p>\u2014 Fernando Quiles.<\/p>\n","protected":false},"excerpt":{"rendered":"<p>Hablando de cultura, he de reconocer que me gusta aventurarme por nuevos caminos. Pareciera que uno se adocena cuando pisa sobre su propia huella una y otra vez, hasta abrir surcos en el suelo, como<\/p>\n","protected":false},"author":1,"featured_media":389,"comment_status":"closed","ping_status":"closed","sticky":false,"template":"","format":"standard","meta":{"footnotes":""},"categories":[7],"tags":[],"class_list":["post-388","post","type-post","status-publish","format-standard","has-post-thumbnail","hentry","category-novedades"],"_links":{"self":[{"href":"https:\/\/www.upo.es\/investiga\/enredars\/blog\/wp-json\/wp\/v2\/posts\/388"}],"collection":[{"href":"https:\/\/www.upo.es\/investiga\/enredars\/blog\/wp-json\/wp\/v2\/posts"}],"about":[{"href":"https:\/\/www.upo.es\/investiga\/enredars\/blog\/wp-json\/wp\/v2\/types\/post"}],"author":[{"embeddable":true,"href":"https:\/\/www.upo.es\/investiga\/enredars\/blog\/wp-json\/wp\/v2\/users\/1"}],"replies":[{"embeddable":true,"href":"https:\/\/www.upo.es\/investiga\/enredars\/blog\/wp-json\/wp\/v2\/comments?post=388"}],"version-history":[{"count":2,"href":"https:\/\/www.upo.es\/investiga\/enredars\/blog\/wp-json\/wp\/v2\/posts\/388\/revisions"}],"predecessor-version":[{"id":393,"href":"https:\/\/www.upo.es\/investiga\/enredars\/blog\/wp-json\/wp\/v2\/posts\/388\/revisions\/393"}],"wp:featuredmedia":[{"embeddable":true,"href":"https:\/\/www.upo.es\/investiga\/enredars\/blog\/wp-json\/wp\/v2\/media\/389"}],"wp:attachment":[{"href":"https:\/\/www.upo.es\/investiga\/enredars\/blog\/wp-json\/wp\/v2\/media?parent=388"}],"wp:term":[{"taxonomy":"category","embeddable":true,"href":"https:\/\/www.upo.es\/investiga\/enredars\/blog\/wp-json\/wp\/v2\/categories?post=388"},{"taxonomy":"post_tag","embeddable":true,"href":"https:\/\/www.upo.es\/investiga\/enredars\/blog\/wp-json\/wp\/v2\/tags?post=388"}],"curies":[{"name":"wp","href":"https:\/\/api.w.org\/{rel}","templated":true}]}}