{"id":395,"date":"2020-12-08T19:16:27","date_gmt":"2020-12-08T18:16:27","guid":{"rendered":"https:\/\/www.upo.es\/investiga\/enredars\/blog\/?p=395"},"modified":"2020-12-08T19:16:28","modified_gmt":"2020-12-08T18:16:28","slug":"las-artes-en-el-reino-de-sevilla-durante-el-barroco-en-razon-de-sus-centralidad-es-y-periferia-s","status":"publish","type":"post","link":"https:\/\/www.upo.es\/investiga\/enredars\/blog\/2020\/12\/08\/las-artes-en-el-reino-de-sevilla-durante-el-barroco-en-razon-de-sus-centralidad-es-y-periferia-s\/","title":{"rendered":"Las artes en el reino de Sevilla durante el Barroco. En raz\u00f3n de sus centralidad\/es y periferia\/s"},"content":{"rendered":"\n<p>Pronto tendremos concluida la edici\u00f3n del libro <em>Utrera. Un enclave art\u00edstico en la Sevilla de 1650 a 1750<\/em>, una actualizaci\u00f3n del texto original publicado por Padilla Libros en 1999, con revisi\u00f3n de contenidos a cargo de Salvador Hern\u00e1ndez Gonz\u00e1lez. Con la reedici\u00f3n de este libro iniciamos una serie de actividades que se producir\u00e1n a lo largo del a\u00f1o pr\u00f3ximo y del que sigue, dedicadas al Barroco en el Reino de Sevilla. Pronto haremos la presentaci\u00f3n del proyecto editorial, estructurado en una serie de cap\u00edtulos -posiblemente vol\u00famenes-, en que abordaremos la historia del arte barroco sevillano considerado desde sus vertientes sociales, territoriales y temporales. Y as\u00ed clientela y demanda art\u00edsticas se abordar\u00e1n desde esa diversidad.<\/p>\n\n\n\n<div class=\"wp-block-image\"><figure class=\"aligncenter size-large is-resized\"><img loading=\"lazy\" decoding=\"async\" src=\"https:\/\/www.upo.es\/investiga\/enredars\/blog\/wp-content\/uploads\/2020\/12\/Portada-libro-Utrera-753x1024.jpg\" alt=\"\" class=\"wp-image-397\" width=\"461\" height=\"626\" srcset=\"https:\/\/www.upo.es\/investiga\/enredars\/blog\/wp-content\/uploads\/2020\/12\/Portada-libro-Utrera-753x1024.jpg 753w, https:\/\/www.upo.es\/investiga\/enredars\/blog\/wp-content\/uploads\/2020\/12\/Portada-libro-Utrera-221x300.jpg 221w, https:\/\/www.upo.es\/investiga\/enredars\/blog\/wp-content\/uploads\/2020\/12\/Portada-libro-Utrera-768x1044.jpg 768w, https:\/\/www.upo.es\/investiga\/enredars\/blog\/wp-content\/uploads\/2020\/12\/Portada-libro-Utrera-1130x1536.jpg 1130w, https:\/\/www.upo.es\/investiga\/enredars\/blog\/wp-content\/uploads\/2020\/12\/Portada-libro-Utrera-1507x2048.jpg 1507w, https:\/\/www.upo.es\/investiga\/enredars\/blog\/wp-content\/uploads\/2020\/12\/Portada-libro-Utrera-scaled.jpg 1883w\" sizes=\"(max-width: 461px) 100vw, 461px\" \/><\/figure><\/div>\n\n\n\n<p>Seg\u00fan el Catastro de Ensenada (1749), el reino de Sevilla -uno de los cuatro de Andaluc\u00eda- estaba integrado por 235 poblaciones, repartidas por las actuales provincias de C\u00e1diz, Huelva, M\u00e1laga y Badajoz. Un territorio vasto que tuvo un complejo entramado art\u00edstico, dada la heterogeneidad de la demanda que ven\u00eda determinada por esa realidad f\u00edsica, al igual que los obradores art\u00edsticos. Sin embargo, existi\u00f3 una poblaci\u00f3n que atrajo hacia sus talleres los principales encargos de la \u00e9poca: Sevilla. La metr\u00f3poli del sur peninsular capitaliz\u00f3 la creaci\u00f3n art\u00edstica del primer siglo del barroco. Dio las pautas y medidas del quehacer art\u00edstico, condicion\u00f3 la demanda, motiv\u00f3 y formul\u00f3 los principios creativos que dieron forma a la creaci\u00f3n de escuela.<\/p>\n\n\n\n<p>Los talleres sevillanos pautaron \u00a0durante gran parte del XVII la acci\u00f3n art\u00edstica. Aunque en respuesta a lo demandado por una amplia clientela, que ten\u00eda en la ciudad la m\u00e1s influyente y rica representaci\u00f3n, desde el alto clero, representado por el arzobispado, la catedral, as\u00ed como una nutrida representaci\u00f3n de las \u00f3rdenes religiosas y posiblemente las m\u00e1s ricas cofrad\u00edas del reino. Y sin restar importancia a las altas instancias del poder civil asentado en el lugar, desde las m\u00e1s conspicuas casas nobiliares hasta la \u00a0representaci\u00f3n de la corona en materia de negocios indianos, la casa de contrataci\u00f3n, sin olvidar el cabildo secular. Y por tanto l\u00f3gicamente all\u00ed se instalaron los talleres art\u00edstico que atendieron esa demanda.<\/p>\n\n\n\n<div class=\"wp-block-image\"><figure class=\"aligncenter size-large\"><img loading=\"lazy\" decoding=\"async\" width=\"1024\" height=\"787\" src=\"https:\/\/www.upo.es\/investiga\/enredars\/blog\/wp-content\/uploads\/2020\/12\/Reino_de_Sevilla_1748-1024x787.jpg\" alt=\"\" class=\"wp-image-398\" srcset=\"https:\/\/www.upo.es\/investiga\/enredars\/blog\/wp-content\/uploads\/2020\/12\/Reino_de_Sevilla_1748-1024x787.jpg 1024w, https:\/\/www.upo.es\/investiga\/enredars\/blog\/wp-content\/uploads\/2020\/12\/Reino_de_Sevilla_1748-300x230.jpg 300w, https:\/\/www.upo.es\/investiga\/enredars\/blog\/wp-content\/uploads\/2020\/12\/Reino_de_Sevilla_1748-768x590.jpg 768w, https:\/\/www.upo.es\/investiga\/enredars\/blog\/wp-content\/uploads\/2020\/12\/Reino_de_Sevilla_1748-1536x1180.jpg 1536w, https:\/\/www.upo.es\/investiga\/enredars\/blog\/wp-content\/uploads\/2020\/12\/Reino_de_Sevilla_1748-2048x1574.jpg 2048w\" sizes=\"(max-width: 1024px) 100vw, 1024px\" \/><figcaption>\u00abMapa del reinado de Sevilla\u00bb, por el Ingeniero Jefe Francisco Llobet bajo la direcci\u00f3n del marqu\u00e9s de Pozoblanco, Ingeniero General de Espa\u00f1a. 1748.<\/figcaption><\/figure><\/div>\n\n\n\n<p>Podemos tratar de reconstruir este denso entramado, explicar c\u00f3mo funcion\u00f3 esta demanda y c\u00f3mo respondieron los artistas. Y fijar una red de relaciones entre sectores de poblaci\u00f3n y obradores art\u00edsticos. La realidad social es clave para entender la configuraci\u00f3n de las artes sevillanas del barroco, pero tambi\u00e9n lo fue la componente f\u00edsica. El territorio estuvo muy presente en la vida de clientes y artistas.<\/p>\n\n\n\n<p>Asimismo hemos de considerar el la temporalidad, con el cambio sustancial que se produjo en el XVIII, al sufrir el centro hegem\u00f3nico sevillano importantes mermas con el surgimiento de centros menores que tuvieron sus propias dependencias territoriales y jurisdiccionales, es decir, otras periferias. De manera que en la obra que ahora anunciamos hablaremos de un territorio con toda su complejidad, una jurisdicci\u00f3n igualmente diversa, con una vasta demanda y una rica producci\u00f3n. Y ello sin olvidar que fueron dos siglos de barroco en cuyo tr\u00e1nsito se dio un claro proceso de \u00abcomarcalizaci\u00f3n\u00bb. Desde el centro hegem\u00f3nico se produjo un deslizamiento hacia espacios subsidiarios, centros menores y sus periferias.<\/p>\n\n\n\n<div class=\"wp-block-image\"><figure class=\"aligncenter size-large\"><img loading=\"lazy\" decoding=\"async\" width=\"1024\" height=\"751\" src=\"https:\/\/www.upo.es\/investiga\/enredars\/blog\/wp-content\/uploads\/2020\/12\/civitates-orbis-terrarum-braun-y-hogenbert-1598-vista-de-sevilla-desde-el-aljarafe-1-1024x751.jpg\" alt=\"\" class=\"wp-image-399\" srcset=\"https:\/\/www.upo.es\/investiga\/enredars\/blog\/wp-content\/uploads\/2020\/12\/civitates-orbis-terrarum-braun-y-hogenbert-1598-vista-de-sevilla-desde-el-aljarafe-1-1024x751.jpg 1024w, https:\/\/www.upo.es\/investiga\/enredars\/blog\/wp-content\/uploads\/2020\/12\/civitates-orbis-terrarum-braun-y-hogenbert-1598-vista-de-sevilla-desde-el-aljarafe-1-300x220.jpg 300w, https:\/\/www.upo.es\/investiga\/enredars\/blog\/wp-content\/uploads\/2020\/12\/civitates-orbis-terrarum-braun-y-hogenbert-1598-vista-de-sevilla-desde-el-aljarafe-1-768x564.jpg 768w, https:\/\/www.upo.es\/investiga\/enredars\/blog\/wp-content\/uploads\/2020\/12\/civitates-orbis-terrarum-braun-y-hogenbert-1598-vista-de-sevilla-desde-el-aljarafe-1-1536x1127.jpg 1536w, https:\/\/www.upo.es\/investiga\/enredars\/blog\/wp-content\/uploads\/2020\/12\/civitates-orbis-terrarum-braun-y-hogenbert-1598-vista-de-sevilla-desde-el-aljarafe-1.jpg 1600w\" sizes=\"(max-width: 1024px) 100vw, 1024px\" \/><figcaption>Civitates Orbis Terrarum. Braun y Hogenbert. 1598.<\/figcaption><\/figure><\/div>\n","protected":false},"excerpt":{"rendered":"<p>Pronto tendremos concluida la edici\u00f3n del libro Utrera. Un enclave art\u00edstico en la Sevilla de 1650 a 1750, una actualizaci\u00f3n del texto original publicado por Padilla Libros en 1999, con revisi\u00f3n de contenidos a cargo<\/p>\n","protected":false},"author":1,"featured_media":396,"comment_status":"closed","ping_status":"closed","sticky":false,"template":"","format":"standard","meta":{"footnotes":""},"categories":[7],"tags":[],"class_list":["post-395","post","type-post","status-publish","format-standard","has-post-thumbnail","hentry","category-novedades"],"_links":{"self":[{"href":"https:\/\/www.upo.es\/investiga\/enredars\/blog\/wp-json\/wp\/v2\/posts\/395"}],"collection":[{"href":"https:\/\/www.upo.es\/investiga\/enredars\/blog\/wp-json\/wp\/v2\/posts"}],"about":[{"href":"https:\/\/www.upo.es\/investiga\/enredars\/blog\/wp-json\/wp\/v2\/types\/post"}],"author":[{"embeddable":true,"href":"https:\/\/www.upo.es\/investiga\/enredars\/blog\/wp-json\/wp\/v2\/users\/1"}],"replies":[{"embeddable":true,"href":"https:\/\/www.upo.es\/investiga\/enredars\/blog\/wp-json\/wp\/v2\/comments?post=395"}],"version-history":[{"count":1,"href":"https:\/\/www.upo.es\/investiga\/enredars\/blog\/wp-json\/wp\/v2\/posts\/395\/revisions"}],"predecessor-version":[{"id":400,"href":"https:\/\/www.upo.es\/investiga\/enredars\/blog\/wp-json\/wp\/v2\/posts\/395\/revisions\/400"}],"wp:featuredmedia":[{"embeddable":true,"href":"https:\/\/www.upo.es\/investiga\/enredars\/blog\/wp-json\/wp\/v2\/media\/396"}],"wp:attachment":[{"href":"https:\/\/www.upo.es\/investiga\/enredars\/blog\/wp-json\/wp\/v2\/media?parent=395"}],"wp:term":[{"taxonomy":"category","embeddable":true,"href":"https:\/\/www.upo.es\/investiga\/enredars\/blog\/wp-json\/wp\/v2\/categories?post=395"},{"taxonomy":"post_tag","embeddable":true,"href":"https:\/\/www.upo.es\/investiga\/enredars\/blog\/wp-json\/wp\/v2\/tags?post=395"}],"curies":[{"name":"wp","href":"https:\/\/api.w.org\/{rel}","templated":true}]}}