{"id":402,"date":"2020-12-21T16:20:44","date_gmt":"2020-12-21T15:20:44","guid":{"rendered":"https:\/\/www.upo.es\/investiga\/enredars\/blog\/?p=402"},"modified":"2020-12-21T16:32:16","modified_gmt":"2020-12-21T15:32:16","slug":"que-no-me-falte-el-aire","status":"publish","type":"post","link":"https:\/\/www.upo.es\/investiga\/enredars\/blog\/2020\/12\/21\/que-no-me-falte-el-aire\/","title":{"rendered":"Que no me falte el aire&#8230;"},"content":{"rendered":"\n<p>El ni\u00f1o que llevo dentro, al descubrirme en el espejo a trav\u00e9s de mis propios ojos, me pregunt\u00f3: \u00ab\u00bfQu\u00e9 ser\u00e1 de m\u00ed cuando ese viejo cuerpo se pudra del todo? Ser\u00e1, sin duda, mi mortaja. Apenas vivo y ya me arrastra consigo -en su deterioro- hacia un ocaso que ni siquiera imagino\u00bb.<\/p>\n\n\n\n<p>No supe qu\u00e9 responderle. Desconozco su edad, pero tengo la certeza de que ha sido mi apoyo en muchas de mis expresiones de inconsciencia a lo largo de mi vida. Con su imprudente manera de medir los riesgos e incluso su ceguera ante el peligro, me ha empujado a actuar. Alg\u00fan traspi\u00e9 he dado por ello, pero ha sido m\u00e1s lo ganado que lo perdido.<\/p>\n\n\n\n<p>Y al fin me ha aclarado la mirada, rejuveneci\u00e9ndola, m\u00e1s all\u00e1 del lastre corporal. Y por eso mismo, hoy, con el proyecto que me ilusiona y alienta, <em>Enredars<\/em>, tengo muy presente ese sentido vital: lejos del talante prevalente que restringe la virtud a la experiencia y la edad, creo que este otro tiempo puede contribuir sobremanera al quehacer cultural. En ese sentido hemos tratado desde el principio de nuestro caminar apoyarnos en la juventud.<\/p>\n\n\n\n<div class=\"wp-block-image is-style-rounded\"><figure class=\"alignright size-large is-resized\"><img loading=\"lazy\" decoding=\"async\" src=\"https:\/\/www.upo.es\/investiga\/enredars\/blog\/wp-content\/uploads\/2020\/12\/1-1.jpg\" alt=\"\" class=\"wp-image-408\" width=\"269\" height=\"269\" srcset=\"https:\/\/www.upo.es\/investiga\/enredars\/blog\/wp-content\/uploads\/2020\/12\/1-1.jpg 960w, https:\/\/www.upo.es\/investiga\/enredars\/blog\/wp-content\/uploads\/2020\/12\/1-1-300x300.jpg 300w, https:\/\/www.upo.es\/investiga\/enredars\/blog\/wp-content\/uploads\/2020\/12\/1-1-150x150.jpg 150w, https:\/\/www.upo.es\/investiga\/enredars\/blog\/wp-content\/uploads\/2020\/12\/1-1-768x768.jpg 768w\" sizes=\"(max-width: 269px) 100vw, 269px\" \/><\/figure><\/div>\n\n\n\n<p>Desde los primeros a\u00f1os trabaja en el proyecto Zara Mar\u00eda Ruiz, quien muy pronto hizo suyo, con una madurez que me sorprendi\u00f3, el libro <em>Abya Yala<\/em>, que coedit\u00f3 con quien nos brind\u00f3 generosamente el material que sirvi\u00f3 de base a la exposici\u00f3n montada al tiempo que el seminario que dio argumentos para la publicaci\u00f3n, Beatriz Carrera.<\/p>\n\n\n\n<div class=\"wp-block-image is-style-default\"><figure class=\"alignleft size-large is-resized\"><img loading=\"lazy\" decoding=\"async\" src=\"https:\/\/www.upo.es\/investiga\/enredars\/blog\/wp-content\/uploads\/2020\/12\/2-4-1024x768.jpg\" alt=\"\" class=\"wp-image-410\" width=\"318\" height=\"239\" srcset=\"https:\/\/www.upo.es\/investiga\/enredars\/blog\/wp-content\/uploads\/2020\/12\/2-4-1024x768.jpg 1024w, https:\/\/www.upo.es\/investiga\/enredars\/blog\/wp-content\/uploads\/2020\/12\/2-4-300x225.jpg 300w, https:\/\/www.upo.es\/investiga\/enredars\/blog\/wp-content\/uploads\/2020\/12\/2-4-768x576.jpg 768w, https:\/\/www.upo.es\/investiga\/enredars\/blog\/wp-content\/uploads\/2020\/12\/2-4-1536x1152.jpg 1536w, https:\/\/www.upo.es\/investiga\/enredars\/blog\/wp-content\/uploads\/2020\/12\/2-4.jpg 2048w\" sizes=\"(max-width: 318px) 100vw, 318px\" \/><\/figure><\/div>\n\n\n\n<p>Reciente es el libro que inaugur\u00f3 nuestra colecci\u00f3n <em>Visibilia<\/em>, de cuya edici\u00f3n se hizo cargo Rafael Gonz\u00e1lez Madrid, que \u00abhabit\u00f3\u00bb entre nosotros como T\u00e9cnico Superior de Apoyo a la Investigaci\u00f3n. Asumi\u00f3, sin dudarlo, la creaci\u00f3n de un libro que, adem\u00e1s, iba a definir la nueva l\u00ednea editorial. Hizo un gran trabajo y hoy podemos disfrutar de los resultados del mismo: <em>Do\u00f1ana y su entorno, como Zona Patrimonial<\/em>.<\/p>\n\n\n\n<div class=\"wp-block-image is-style-default\"><figure class=\"alignright size-large is-resized\"><img loading=\"lazy\" decoding=\"async\" src=\"https:\/\/www.upo.es\/investiga\/enredars\/blog\/wp-content\/uploads\/2020\/12\/3-1024x883.jpg\" alt=\"\" class=\"wp-image-411\" width=\"325\" height=\"280\" srcset=\"https:\/\/www.upo.es\/investiga\/enredars\/blog\/wp-content\/uploads\/2020\/12\/3-1024x883.jpg 1024w, https:\/\/www.upo.es\/investiga\/enredars\/blog\/wp-content\/uploads\/2020\/12\/3-300x259.jpg 300w, https:\/\/www.upo.es\/investiga\/enredars\/blog\/wp-content\/uploads\/2020\/12\/3-768x662.jpg 768w, https:\/\/www.upo.es\/investiga\/enredars\/blog\/wp-content\/uploads\/2020\/12\/3.jpg 1477w\" sizes=\"(max-width: 325px) 100vw, 325px\" \/><\/figure><\/div>\n\n\n\n<p>Otra obra que ya est\u00e1 en fase de edici\u00f3n y cuya convocatoria ha logrado ha logrado una gran adhesi\u00f3n, es el de <em>Catedrales Barrocas<\/em>. En el equipo coordinador, en que me encuentro, hay que resaltar el aporte de una joven toledana, que en los pronto ser\u00e1 Doctora por la Universidad de Salamanca, Laura Illescas. Ella ha tenido una labor primordial en la definici\u00f3n del tema, los lineamientos de la convocatoria, as\u00ed como en el llamamiento p\u00fablico,&nbsp; la gesti\u00f3n de la respuesta y la organizaci\u00f3n del material.<\/p>\n\n\n\n<div class=\"wp-block-image is-style-rounded\"><figure class=\"alignleft size-large is-resized\"><img loading=\"lazy\" decoding=\"async\" src=\"https:\/\/www.upo.es\/investiga\/enredars\/blog\/wp-content\/uploads\/2020\/12\/4-1024x1014.jpg\" alt=\"\" class=\"wp-image-412\" width=\"271\" height=\"267\" srcset=\"https:\/\/www.upo.es\/investiga\/enredars\/blog\/wp-content\/uploads\/2020\/12\/4-1024x1014.jpg 1024w, https:\/\/www.upo.es\/investiga\/enredars\/blog\/wp-content\/uploads\/2020\/12\/4-300x297.jpg 300w, https:\/\/www.upo.es\/investiga\/enredars\/blog\/wp-content\/uploads\/2020\/12\/4.jpg 1440w\" sizes=\"(max-width: 271px) 100vw, 271px\" \/><\/figure><\/div>\n\n\n\n<p>Siguen otros nombres que ahora han asumido parecidas tareas. En Cuba, trabajando en la Casa-Museo de Asia, en La Habana, se encuetra Yeni Yeisi Ad\u00e1n Casta\u00f1os, quien a pesar de su juventud ha sabido concretar una obra compleja, a la que ha dado el nombre de <em>Contrapunteo<\/em>. Tiene un gran talento y pese a la juventud est\u00e1 logrando reunir para su libro interesantes textos.<\/p>\n\n\n\n<div class=\"wp-block-image is-style-default\"><figure class=\"alignright size-large is-resized\"><img loading=\"lazy\" decoding=\"async\" src=\"https:\/\/www.upo.es\/investiga\/enredars\/blog\/wp-content\/uploads\/2020\/12\/5-1024x1024.jpg\" alt=\"\" class=\"wp-image-413\" width=\"293\" height=\"293\" srcset=\"https:\/\/www.upo.es\/investiga\/enredars\/blog\/wp-content\/uploads\/2020\/12\/5-1024x1024.jpg 1024w, https:\/\/www.upo.es\/investiga\/enredars\/blog\/wp-content\/uploads\/2020\/12\/5-300x300.jpg 300w, https:\/\/www.upo.es\/investiga\/enredars\/blog\/wp-content\/uploads\/2020\/12\/5-150x150.jpg 150w, https:\/\/www.upo.es\/investiga\/enredars\/blog\/wp-content\/uploads\/2020\/12\/5-768x768.jpg 768w, https:\/\/www.upo.es\/investiga\/enredars\/blog\/wp-content\/uploads\/2020\/12\/5-1536x1536.jpg 1536w, https:\/\/www.upo.es\/investiga\/enredars\/blog\/wp-content\/uploads\/2020\/12\/5.jpg 2048w\" sizes=\"(max-width: 293px) 100vw, 293px\" \/><\/figure><\/div>\n\n\n\n<p>En M\u00e9xico tenemos dos colaboradoras que han ideado sendos libros, de atrevida concepci\u00f3n y complejidad en su materializaci\u00f3n, pero tengo la seguridad de que en este a\u00f1o que llega lograremos que sean p\u00fablicos, tras del gran esfuerzo de edici\u00f3n. Paulina H. Vargas se incorpor\u00f3 al equipo &nbsp;para dar curso a su pasi\u00f3n por Am\u00e9rica Latina, por derroteros culturales e identitarios, centr\u00e1ndose en las relaciones intervirreinales.<\/p>\n\n\n\n<div class=\"wp-block-image is-style-rounded\"><figure class=\"alignleft size-large is-resized\"><img loading=\"lazy\" decoding=\"async\" src=\"https:\/\/www.upo.es\/investiga\/enredars\/blog\/wp-content\/uploads\/2020\/12\/6-1024x1024.jpg\" alt=\"\" class=\"wp-image-414\" width=\"274\" height=\"274\" srcset=\"https:\/\/www.upo.es\/investiga\/enredars\/blog\/wp-content\/uploads\/2020\/12\/6-1024x1024.jpg 1024w, https:\/\/www.upo.es\/investiga\/enredars\/blog\/wp-content\/uploads\/2020\/12\/6-300x300.jpg 300w, https:\/\/www.upo.es\/investiga\/enredars\/blog\/wp-content\/uploads\/2020\/12\/6-150x150.jpg 150w, https:\/\/www.upo.es\/investiga\/enredars\/blog\/wp-content\/uploads\/2020\/12\/6-768x768.jpg 768w, https:\/\/www.upo.es\/investiga\/enredars\/blog\/wp-content\/uploads\/2020\/12\/6-1536x1536.jpg 1536w, https:\/\/www.upo.es\/investiga\/enredars\/blog\/wp-content\/uploads\/2020\/12\/6.jpg 2048w\" sizes=\"(max-width: 274px) 100vw, 274px\" \/><\/figure><\/div>\n\n\n\n<p>A Erika Gonz\u00e1lez Le\u00f3n la conoc\u00ed en Sevilla, en una estancia de estudios que hizo en la UPO. Se involucr\u00f3 con entusiasmo en las tareas de equipo y lleg\u00f3 a tomar parte en varias de nuestras publicaciones. Y luego de la experiencia decidi\u00f3 proponernos un tema que nos entusiasm\u00f3: las relaciones art\u00edsticas en el virreina novohispano, durante el barroco, que concret\u00f3 en el enunciado <em>Discursos globales, escenarios locales<\/em>.<\/p>\n\n\n\n<div class=\"wp-block-image is-style-default\"><figure class=\"alignright size-large is-resized\"><img loading=\"lazy\" decoding=\"async\" src=\"https:\/\/www.upo.es\/investiga\/enredars\/blog\/wp-content\/uploads\/2020\/12\/7-1-768x1024.jpg\" alt=\"\" class=\"wp-image-416\" width=\"247\" height=\"329\" srcset=\"https:\/\/www.upo.es\/investiga\/enredars\/blog\/wp-content\/uploads\/2020\/12\/7-1-768x1024.jpg 768w, https:\/\/www.upo.es\/investiga\/enredars\/blog\/wp-content\/uploads\/2020\/12\/7-1-225x300.jpg 225w, https:\/\/www.upo.es\/investiga\/enredars\/blog\/wp-content\/uploads\/2020\/12\/7-1.jpg 1080w\" sizes=\"(max-width: 247px) 100vw, 247px\" \/><\/figure><\/div>\n\n\n\n<p>La \u00faltima incorporaci\u00f3n al equipo ha sido una historiadora del arte de la UVA., que recal\u00f3 en Sevilla para hacer nuestro m\u00e1ster, Elena de Vega, que da forma a una idea que refuerza la que vamos a desarrollar el pr\u00f3ximo a\u00f1o sobre el reino de Sevilla y su red de centros art\u00edsticos. Coordinar\u00e1 una obra colectiva, dedicada a otro de los grandes centros art\u00edsticos del barroco espa\u00f1ol, Valladolid.<\/p>\n\n\n\n<p>Con el pleno convencimiento de que este aporte ha sido y seguir\u00e1 siendo muy beneficioso a nuestro proyecto, s\u00f3lo espero que nunca nos falte porque es aire revivificador.<\/p>\n\n\n\n<p>\u2014 F. Quiles.<\/p>\n","protected":false},"excerpt":{"rendered":"<p>El ni\u00f1o que llevo dentro, al descubrirme en el espejo a trav\u00e9s de mis propios ojos, me pregunt\u00f3: \u00ab\u00bfQu\u00e9 ser\u00e1 de m\u00ed cuando ese viejo cuerpo se pudra del todo? Ser\u00e1, sin duda, mi mortaja.<\/p>\n","protected":false},"author":1,"featured_media":403,"comment_status":"closed","ping_status":"closed","sticky":false,"template":"","format":"standard","meta":{"footnotes":""},"categories":[1],"tags":[],"class_list":["post-402","post","type-post","status-publish","format-standard","has-post-thumbnail","hentry","category-acervo"],"_links":{"self":[{"href":"https:\/\/www.upo.es\/investiga\/enredars\/blog\/wp-json\/wp\/v2\/posts\/402"}],"collection":[{"href":"https:\/\/www.upo.es\/investiga\/enredars\/blog\/wp-json\/wp\/v2\/posts"}],"about":[{"href":"https:\/\/www.upo.es\/investiga\/enredars\/blog\/wp-json\/wp\/v2\/types\/post"}],"author":[{"embeddable":true,"href":"https:\/\/www.upo.es\/investiga\/enredars\/blog\/wp-json\/wp\/v2\/users\/1"}],"replies":[{"embeddable":true,"href":"https:\/\/www.upo.es\/investiga\/enredars\/blog\/wp-json\/wp\/v2\/comments?post=402"}],"version-history":[{"count":2,"href":"https:\/\/www.upo.es\/investiga\/enredars\/blog\/wp-json\/wp\/v2\/posts\/402\/revisions"}],"predecessor-version":[{"id":418,"href":"https:\/\/www.upo.es\/investiga\/enredars\/blog\/wp-json\/wp\/v2\/posts\/402\/revisions\/418"}],"wp:featuredmedia":[{"embeddable":true,"href":"https:\/\/www.upo.es\/investiga\/enredars\/blog\/wp-json\/wp\/v2\/media\/403"}],"wp:attachment":[{"href":"https:\/\/www.upo.es\/investiga\/enredars\/blog\/wp-json\/wp\/v2\/media?parent=402"}],"wp:term":[{"taxonomy":"category","embeddable":true,"href":"https:\/\/www.upo.es\/investiga\/enredars\/blog\/wp-json\/wp\/v2\/categories?post=402"},{"taxonomy":"post_tag","embeddable":true,"href":"https:\/\/www.upo.es\/investiga\/enredars\/blog\/wp-json\/wp\/v2\/tags?post=402"}],"curies":[{"name":"wp","href":"https:\/\/api.w.org\/{rel}","templated":true}]}}