{"id":420,"date":"2020-12-31T16:51:05","date_gmt":"2020-12-31T15:51:05","guid":{"rendered":"https:\/\/www.upo.es\/investiga\/enredars\/blog\/?p=420"},"modified":"2020-12-31T16:51:06","modified_gmt":"2020-12-31T15:51:06","slug":"y-pese-a-la-fragilidad-de-estos-instantes-seguimos","status":"publish","type":"post","link":"https:\/\/www.upo.es\/investiga\/enredars\/blog\/2020\/12\/31\/y-pese-a-la-fragilidad-de-estos-instantes-seguimos\/","title":{"rendered":"Y, pese a la fragilidad de estos instantes, seguimos."},"content":{"rendered":"\n<p><em>(Enredars Publicaciones, 2020).<\/em><\/p>\n\n\n\n<p>En los tiempos que corren se me ocurre evocar el sentir de la poetisa asturiana \u00c1ngeles Carbajal, al pensar en el agotamiento de \u00abestos fr\u00e1giles instantes que caminan hacia el olvido\u00bb. En esta fragilidad que nos hace y deshace a la vez, ni tan siquiera la obra habr\u00e1 de conjurar el olvido. Y sin embargo, no me resisto a tratar de asumir la fragilidad mientras camino&#8230;<\/p>\n\n\n\n<blockquote class=\"wp-block-quote is-layout-flow wp-block-quote-is-layout-flow\"><p>\u00abRecuerda: estos fr\u00e1giles instantes<br>que caminan hacia el olvido<br>no son la vida, somos nosotros.<br>Ella seguir\u00e1 distante,<br>no va a pedir disculpas<br>ni ha de volvernos a ver.\u00bb<\/p><\/blockquote>\n\n\n\n<p>Hoy, al filo del nuevo a\u00f1o, 2021, puedo decir que hemos conseguido en cierto modo afianzar una idea, materializ\u00e1ndola con libros. Libros que se sit\u00faan en este arranque creativo que habr\u00eda de conducirnos a la formalizaci\u00f3n de una editorial, al tiempo que nos ayudan a definir el sello que ha de singularizarse por el car\u00e1cter de esta producci\u00f3n. Libros que son fruto del trabajo intelectual de sus autores y autoras, al tiempo que espero sirvan de est\u00edmulo a nuevas producciones ensay\u00edsticas, para mayor beneficio en el conocimiento de la cultura art\u00edstica en el \u00e1mbito latinoamericano.<\/p>\n\n\n\n<div class=\"wp-block-image is-style-default\"><figure class=\"alignleft size-large is-resized\"><img loading=\"lazy\" decoding=\"async\" src=\"https:\/\/www.upo.es\/investiga\/enredars\/blog\/wp-content\/uploads\/2020\/12\/1-2-1024x683.jpg\" alt=\"\" class=\"wp-image-422\" width=\"400\" height=\"266\" srcset=\"https:\/\/www.upo.es\/investiga\/enredars\/blog\/wp-content\/uploads\/2020\/12\/1-2-1024x683.jpg 1024w, https:\/\/www.upo.es\/investiga\/enredars\/blog\/wp-content\/uploads\/2020\/12\/1-2-300x200.jpg 300w, https:\/\/www.upo.es\/investiga\/enredars\/blog\/wp-content\/uploads\/2020\/12\/1-2-768x512.jpg 768w, https:\/\/www.upo.es\/investiga\/enredars\/blog\/wp-content\/uploads\/2020\/12\/1-2-1536x1024.jpg 1536w, https:\/\/www.upo.es\/investiga\/enredars\/blog\/wp-content\/uploads\/2020\/12\/1-2.jpg 2048w\" sizes=\"(max-width: 400px) 100vw, 400px\" \/><figcaption><em>Foto Fundaci\u00f3n Banco de Alimentos de Sevilla. 13\/06\/2019.<\/em><\/figcaption><\/figure><\/div>\n\n\n\n<p>El cat\u00e1logo, hasta la fecha, se compone de 41 t\u00edtulos repartidos en cinco colecciones, entre los que se encuentra una decena de t\u00edtulos editados conjuntamente con otras instituciones. Y prevemos incrementarlo con entre 10 y 15 libros m\u00e1s. Asimismo, preparamos varios acuerdos de edici\u00f3n con otras instituciones culturales. En este punto quiero poner en valor las conversaciones iniciadas con la <strong>Fundaci\u00f3n Baremboin-Said<\/strong>, para promover una serie de actividades relativas a la m\u00fasica y la interculturalidad. El primer libro que se convocar\u00e1 a principios de a\u00f1os, est\u00e1 dedicado a la m\u00fasica como b\u00e1lsamo en lugares en conflicto (<em>Cuando la m\u00fasica suena&#8230;<\/em>).<\/p>\n\n\n\n<p>He de decir que el sistema de &#8216;convocatorias&#8217; ha funcionado en la mayor\u00eda de las ocasiones. Y por ello seguir\u00e1 en vigor, con parecida amplitud y apertura, a la espera incluso de contribuciones que, por no esperadas, resultan sorprendentes. No son pocos los libros que han podido confeccionarse con aportes tan valiosos como inesperados.<\/p>\n\n\n\n<div class=\"wp-block-image is-style-default\"><figure class=\"alignleft size-large is-resized\"><img loading=\"lazy\" decoding=\"async\" src=\"https:\/\/www.upo.es\/investiga\/enredars\/blog\/wp-content\/uploads\/2020\/12\/Captura-de-pantalla-2020-12-31-a-las-13.00.37.png\" alt=\"\" class=\"wp-image-423\" width=\"271\" height=\"383\" srcset=\"https:\/\/www.upo.es\/investiga\/enredars\/blog\/wp-content\/uploads\/2020\/12\/Captura-de-pantalla-2020-12-31-a-las-13.00.37.png 677w, https:\/\/www.upo.es\/investiga\/enredars\/blog\/wp-content\/uploads\/2020\/12\/Captura-de-pantalla-2020-12-31-a-las-13.00.37-212x300.png 212w\" sizes=\"(max-width: 271px) 100vw, 271px\" \/><\/figure><\/div>\n\n\n\n<p>Las convocatorias nos han permitido fortalecer nuestro proyecto en el sentido de dar apoyo a j\u00f3venes emprendedores que han sabido articular sus propuestas y materializarlas en algunos de los libros del cat\u00e1logo, como se confirmar\u00e1 en las nuevas incorporaciones de los pr\u00f3ximos meses. Este apoyo a los j\u00f3venes, que en modo alguno contrasta con nuestro inter\u00e9s por trabajar con quienes est\u00e1n concluyendo sus carreras profesionales, da sentido a nuestro proyecto, que queremos pleno de valores. Valores como <strong>el r<\/strong>espeto a la diversidad, el apoyo a las pol\u00edticas de igualdad, el reconocimiento de los derechos de culturas originarias, la defensa de la identidad y el patrimonio cultural de los pueblos, y, m\u00e1s en nuestro \u00e1mbito, el fomento del trabajo en equipo, por referir algunos de los que de un modo u otro han estado en el origen de muchos de nuestros libros. El est\u00edmulo al trabajo en equipo es tan importante como el apoyo a quienes empiezan. Ya me he ocupado de exaltar a estos noveles que nos han acompa\u00f1ado y seguir\u00e1n acompa\u00f1\u00e1ndonos en la elaboraci\u00f3n de los libros. Ellos tienen mucho que aprender con estas aventuras editoriales, tanto como nosotros, los veteranos, lo estamos haciendo.<\/p>\n\n\n\n<p>Libros en abierto, siempre. Disponible siempre en nuestra p\u00e1gina para descarga completa. Por a\u00f1adidura, como se referir\u00e1 m\u00e1s abajo, hemos compartido algunos de ellos con editoras comerciales para su distribuci\u00f3n en su versi\u00f3n impresa, dado el inter\u00e9s suscitado.<\/p>\n\n\n\n<p>Entre los libros nuevos, aparte de los que se ir\u00e1n definiendo de acuerdo con las instituciones asociadas, varios son los que se convocar\u00e1n en los pr\u00f3ximos meses, como se comunicar\u00e1 a su debido tiempo.<\/p>\n\n\n\n<p>Este a\u00f1o tuvimos una fruct\u00edfera colaboraci\u00f3n con el <strong>Instituto Universitario de Estudios sobre Am\u00e9rica Latina<\/strong> (IEAL), para la edici\u00f3n del premio que dieron en 2019 a la mejor Tesis Doctoral en Temas Americanos de la Universidad de Sevilla. Dos libros se publicaron en raz\u00f3n de ello, firmados respectivamente por Marta Rodr\u00edguez Manzano (<em>Vida y muerte en el M\u00e9xico colonial<\/em>) y Esperanza M\u00e1rquez L\u00f3pez (<em>Ed\u00facame primero<\/em>). (<a rel=\"noreferrer noopener\" href=\"https:\/\/investigacion.us.es\/noticias\/4647\" target=\"_blank\">x<\/a>)<\/p>\n\n\n\n<div class=\"wp-block-image\"><figure class=\"alignright size-large\"><img loading=\"lazy\" decoding=\"async\" width=\"225\" height=\"225\" src=\"https:\/\/www.upo.es\/investiga\/enredars\/blog\/wp-content\/uploads\/2020\/12\/2-5.jpg\" alt=\"\" class=\"wp-image-424\" srcset=\"https:\/\/www.upo.es\/investiga\/enredars\/blog\/wp-content\/uploads\/2020\/12\/2-5.jpg 225w, https:\/\/www.upo.es\/investiga\/enredars\/blog\/wp-content\/uploads\/2020\/12\/2-5-150x150.jpg 150w\" sizes=\"(max-width: 225px) 100vw, 225px\" \/><\/figure><\/div>\n\n\n\n<p>Han sido las \u00faltimas piezas de este puzzle, que se compone de muchas otras fruto de la colaboraci\u00f3n con entidades culturales y educativas espa\u00f1olas o americanas. Con dos universidades brasile\u00f1as hemos materializado sendas obras, la primera con la <strong>Faculdade de Arquitetura e Urbanismo. Universidade de S\u00e3o Paulo<\/strong>, <em>No embalo da rede<\/em>, coordinada por Renata Martins y Leonardo Migliaccio. Y la segunda con el <strong>Grupo de Pesquisa<em> Perspectiva Pictorum<\/em>, de la Universidade Federal de Minas Gerais<\/strong>, una colaboraci\u00f3n dedicada a <em>La pintura ilusionista entre Europa y Am\u00e9rica<\/em>, al cuidado de Magno Mello, Jos\u00e9 Manuel Almansa y Rafael Mart\u00edn. Incluso vamos a ampliar nuestro radio de acci\u00f3n en Brasil cerrando acuerdo de colaboraci\u00f3n editorial con <strong>Clio Gest\u00e3o Cultural e Editora<\/strong>. Con ellos pretendemos editar en los pr\u00f3ximos a\u00f1os una serie de t\u00edtulos sobre cultura art\u00edstica de ida y vuelta.<\/p>\n\n\n\n<div class=\"wp-block-image\"><figure class=\"alignright size-large is-resized\"><img loading=\"lazy\" decoding=\"async\" src=\"https:\/\/www.upo.es\/investiga\/enredars\/blog\/wp-content\/uploads\/2020\/12\/3a-1024x576.jpg\" alt=\"\" class=\"wp-image-425\" width=\"322\" height=\"181\" srcset=\"https:\/\/www.upo.es\/investiga\/enredars\/blog\/wp-content\/uploads\/2020\/12\/3a-1024x576.jpg 1024w, https:\/\/www.upo.es\/investiga\/enredars\/blog\/wp-content\/uploads\/2020\/12\/3a-300x169.jpg 300w, https:\/\/www.upo.es\/investiga\/enredars\/blog\/wp-content\/uploads\/2020\/12\/3a-768x432.jpg 768w, https:\/\/www.upo.es\/investiga\/enredars\/blog\/wp-content\/uploads\/2020\/12\/3a.jpg 1280w\" sizes=\"(max-width: 322px) 100vw, 322px\" \/><\/figure><\/div>\n\n\n\n<p>En Colombia hemos dado curso al libro coordinado por Ana Cielo Qui\u00f1ones\u00a0 <em>Mundos de creaci\u00f3n de los pueblos ind\u00edgenas<\/em>, junto con la <strong>Facultad de Arquitectura y Dise\u00f1os y la Editorial de la Pontificia Universidad Javeriana<\/strong>. A \u00e9l se unir\u00e1 otra obra que se prepara de acuerdo con la direcci\u00f3n del <strong>Museo de Antioquia<\/strong> (Medell\u00edn), para dar forma el a\u00f1o pr\u00f3ximo al cat\u00e1logo de la exposici\u00f3n <em>La Persistencia del dogma: Sala de Di\u00e1logos Decoloniales<\/em>, que se organiz\u00f3 en 2019 en el reemplazo de la sala de Arte Colonial que hasta la fecha ten\u00eda dispuesta. Jaime Borja y Sol Astrid Giraldo curaron la muestra con 150 obras y documentos, la mayor\u00eda de ellos pertenecientes a la propia colecci\u00f3n. Tambi\u00e9n dedicamos a Colombia otro t\u00edtulo que est\u00e1 ya edit\u00e1ndose bajo la supervisi\u00f3n de Jaime Borja y de Adri\u00e1n Contreras: <em>Esencias y pervivencias barrocas<\/em>. Sin olvidar, el viaje que hemos realizado de la mano de Juan Felipe P\u00e9rez por el Magdalena, desde el Caribe a Mompox (<em>Comercio colonial del puerto fluvial de Santa Cruz de Mompox<\/em>).<\/p>\n\n\n\n<div class=\"wp-block-image\"><figure class=\"aligncenter size-large is-resized\"><img loading=\"lazy\" decoding=\"async\" src=\"https:\/\/www.upo.es\/investiga\/enredars\/blog\/wp-content\/uploads\/2020\/12\/4-2-1024x768.jpg\" alt=\"\" class=\"wp-image-427\" width=\"462\" height=\"347\" srcset=\"https:\/\/www.upo.es\/investiga\/enredars\/blog\/wp-content\/uploads\/2020\/12\/4-2-1024x768.jpg 1024w, https:\/\/www.upo.es\/investiga\/enredars\/blog\/wp-content\/uploads\/2020\/12\/4-2-300x225.jpg 300w, https:\/\/www.upo.es\/investiga\/enredars\/blog\/wp-content\/uploads\/2020\/12\/4-2-768x576.jpg 768w, https:\/\/www.upo.es\/investiga\/enredars\/blog\/wp-content\/uploads\/2020\/12\/4-2-1536x1152.jpg 1536w, https:\/\/www.upo.es\/investiga\/enredars\/blog\/wp-content\/uploads\/2020\/12\/4-2.jpg 2048w\" sizes=\"(max-width: 462px) 100vw, 462px\" \/><\/figure><\/div>\n\n\n\n<p>Para este a\u00f1o tambi\u00e9n preparamos la salida inmediata del \u00faltimo de los tres vol\u00famenes que integran la obra <em>A la luz de Roma. Santos y santidad en el barroco iberoamericano<\/em>, que se ha editado conjuntamente con la <strong>Universidade degli Studi Roma Tre<\/strong>. M\u00e1s de cincuenta art\u00edculos que testimonian el \u00e9xito de convocatoria del Simposio que, con el mismo t\u00edtulo, se celebr\u00f3 un a\u00f1o antes en la ciudad de Roma, entre los Museos Vaticanos, la Biblioteca Nazionale y la Academia de Espa\u00f1a.<\/p>\n\n\n\n<div class=\"wp-block-image\"><figure class=\"alignright size-large is-resized\"><img loading=\"lazy\" decoding=\"async\" src=\"https:\/\/www.upo.es\/investiga\/enredars\/blog\/wp-content\/uploads\/2020\/12\/5.png\" alt=\"\" class=\"wp-image-428\" width=\"278\" height=\"118\" srcset=\"https:\/\/www.upo.es\/investiga\/enredars\/blog\/wp-content\/uploads\/2020\/12\/5.png 448w, https:\/\/www.upo.es\/investiga\/enredars\/blog\/wp-content\/uploads\/2020\/12\/5-300x127.png 300w\" sizes=\"(max-width: 278px) 100vw, 278px\" \/><\/figure><\/div>\n\n\n\n<p>Tambi\u00e9n ser\u00e1 inmediata la salida de <em>\u00c1nimas Altas, \u00c1nimas Bajas. Arch\u00e9ologie d\u2019un centre urbain paracas.\u00a0 Andes centrales (400 av. J.- C. \u2013 100\u00a0 ap. J.- C.)<\/em>, obra de A\u00efcha Bachir Bacha y \u00d3scar D. Llanos Jacinto, coeditada con el <strong><em>Programme Arch\u00e9ologique Animas Altas. Icas Perou<\/em><\/strong>\u00a0(PAAA-IP), de l&#8217;<strong>Ecole de Hautes Etudies en Sciente Sociales<\/strong> (EHSS).<\/p>\n\n\n\n<p>Pronto tambi\u00e9n estar\u00e1 disponible, para su descarga, el libro de Abner Alberda sobre <em>El patrimonio cultural subacu\u00e1tico del Caribe de Panam\u00e1<\/em>, para el que hemos concretado un acuerdo de coedici\u00f3n con la <strong>Universidad Panam\u00e1<\/strong>. No es el \u00fanico testimonio de nuestro inter\u00e9s por Centroam\u00e9rica, que ha motivado diversos trabajos de edici\u00f3n. Es posible que con el <strong>Programa de Investigaci\u00f3n en cultura, pensamiento e identidad de la sociedad guatemalteca. Direcci\u00f3n General de Investigaci\u00f3n. Universidad de San Carlos de Guatemala<\/strong>, trabajemos en la coedici\u00f3n de un libro dedicado al antiguo arzobispado de Guatemala, de elaboraci\u00f3n colectiva y bajo la tutela de Antonio S\u00e1nchez de Mora (AGI), Jos\u00e9 Cal (USAC) y Cristina Padilla. Y no ser\u00e1 el \u00fanico producto de nuestro acuerdo de colaboraci\u00f3n con la <strong>USAC<\/strong>, puesto que se prepara una monograf\u00eda sobre arquitectura guatemalteca, al cuidado de Danilo Call\u00e9n, de la <strong>Facultad de Arquitectura \/ FARUSAC<\/strong>.<\/p>\n\n\n\n<p>Con mirada en Honduras y su patrimonio cultural hemos convocado un libro, de cuya coordinaci\u00f3n se ocupar\u00e1 Carmen Yadira Cruz: <em>Honduras, sabor de sue\u00f1o<\/em>, para cuya elaboraci\u00f3n esperamos el respaldo de <strong>Mujeres en las Artes<\/strong>\/<strong>M.U.A.<\/strong><\/p>\n\n\n\n<div class=\"wp-block-image\"><figure class=\"alignright size-large is-resized\"><img loading=\"lazy\" decoding=\"async\" src=\"https:\/\/www.upo.es\/investiga\/enredars\/blog\/wp-content\/uploads\/2020\/12\/6.png\" alt=\"\" class=\"wp-image-429\" width=\"256\" height=\"188\" srcset=\"https:\/\/www.upo.es\/investiga\/enredars\/blog\/wp-content\/uploads\/2020\/12\/6.png 402w, https:\/\/www.upo.es\/investiga\/enredars\/blog\/wp-content\/uploads\/2020\/12\/6-300x220.png 300w\" sizes=\"(max-width: 256px) 100vw, 256px\" \/><figcaption><em>Roxana \u00c1vila (Grupo Abya Yala), Vac\u00edo, 2013. Teatro de la Aduana.<\/em><\/figcaption><\/figure><\/div>\n\n\n\n<p>En l\u00ednea con ello podr\u00edamos situar el libro que se prepara para salir a mediados de a\u00f1o, al cuidado tambi\u00e9n del <strong>Centro de Investigaci\u00f3n en Cultura y Desarrollo CICDE<\/strong> \/ <strong>UNED<\/strong>, de Costa Rica libro <em>Desde lo profundo de sus obras. Un an\u00e1lisis feminista sobre la expropiaci\u00f3n del cuerpo de las mujeres<\/em>, de Patricia Oliva. Y tambi\u00e9n la producci\u00f3n boliviana <em>Ellas hacen Arte<\/em>, a cargo de la artista pl\u00e1stica Giovanna J\u00e1uregui, con el apoyo del colectivo de <strong>Artistas Bolivianas<\/strong>.<\/p>\n\n\n\n<div class=\"wp-block-image\"><figure class=\"alignleft size-large is-resized\"><img loading=\"lazy\" decoding=\"async\" src=\"https:\/\/www.upo.es\/investiga\/enredars\/blog\/wp-content\/uploads\/2020\/12\/7-2-741x1024.jpg\" alt=\"\" class=\"wp-image-430\" width=\"224\" height=\"310\" srcset=\"https:\/\/www.upo.es\/investiga\/enredars\/blog\/wp-content\/uploads\/2020\/12\/7-2-741x1024.jpg 741w, https:\/\/www.upo.es\/investiga\/enredars\/blog\/wp-content\/uploads\/2020\/12\/7-2-217x300.jpg 217w, https:\/\/www.upo.es\/investiga\/enredars\/blog\/wp-content\/uploads\/2020\/12\/7-2-768x1062.jpg 768w, https:\/\/www.upo.es\/investiga\/enredars\/blog\/wp-content\/uploads\/2020\/12\/7-2-1111x1536.jpg 1111w, https:\/\/www.upo.es\/investiga\/enredars\/blog\/wp-content\/uploads\/2020\/12\/7-2-1481x2048.jpg 1481w, https:\/\/www.upo.es\/investiga\/enredars\/blog\/wp-content\/uploads\/2020\/12\/7-2-scaled.jpg 1852w\" sizes=\"(max-width: 224px) 100vw, 224px\" \/><\/figure><\/div>\n\n\n\n<p>Desde Brasil nos lleg\u00f3 una sugerente propuesta, que de inmediato hicimos p\u00fablica en la secci\u00f3n de \u00abConvocatorias\u00bb. Se trata de la idea de Maria Cl\u00e1udia Almeida Orlando para dar forma a un libro sobre <em>Mulheres do Brasil: Artes e Artistas<\/em>. En la presentaci\u00f3n del documento hemos tenido que agradecer el aporte de una dise\u00f1adora de modas, que nos regal\u00f3 el motivo de la portada, J\u00falia Orlando Magnani. Este texto se agregar\u00e1 a la l\u00ednea que estamos impulsando relativa a las relaciones culturales de los mundos ib\u00e9ricos. En \u00e9l ya se incluyeron con anterioridad algunas publicaciones y preparamos para este a\u00f1o otra de cuya edici\u00f3n se ocupan Silvia Ferreira y Patr\u00edcia Urias (<em>Barroco em movimiento<\/em>).<\/p>\n\n\n\n<p>De M\u00e9xico, un pa\u00eds por el que sentimos especial admiraci\u00f3n, hemos publicado diversas obras con anterioridad. Y ahora tenemos comprometida otra, que en breve empezaremos a diagramar: la tesis doctoral de la antrop\u00f3loga del INAH, M\u00aa. del Carmen Castillo, que fue distiguida por el Instituto con el premio Fray Bernardino de Sahag\u00fan. Est\u00e1 dedicada a la <em>Ritualidad &#8216;ayuujk&#8217; Tlahuitoltepec, Oaxaca<\/em>. Adem\u00e1s esperamos ver materializadas dos hermosas ideas que aportaron dos j\u00f3venes investigadoras: Erika Gonz\u00e1lez y Paulina H. Vargas, quienes han asumido la edici\u00f3n de sendos libros sobre el virreinato de Nueva Espa\u00f1a. Uno dedicado a la actividad art\u00edstica en el seno de sus talleres (<em>Discursos globales, escenarios locales<\/em>) y otro al v\u00ednculo con el virreinato del Per\u00fa (<em>Relaciones intervirreinales en Am\u00e9rica 1521-1821<\/em>).<\/p>\n\n\n\n<p>Igualmente, muy sugerente fue la iniciativa de Yeni Yeisi Ad\u00e1n, para dar forma a una obra colectiva sobre el patrimonio cubano, con el t\u00edtulo de <em>Contrapunteo<\/em>.<\/p>\n\n\n\n<p>A nivel peninsular hemos de recordar el proyecto <em>A Raia Barroca<\/em>, que probablemente se reactive este a\u00f1o, con apoyo de organismos portugueses, posiblemente la <strong>Universidade de \u00c9vora<\/strong> y el <strong>Instituto de Cultura Ibero-Atlantica<\/strong> con la <strong>Universidade do Algarve<\/strong>. Ya tuvimos experiencia con ellos en la publicaci\u00f3n conjunta <em>Sevilla Lusa<\/em> y esperamos seguir con esta provechosa relaci\u00f3n. De ah\u00ed que estemos madurando una propuesta de libro sobre las relaciones de Andaluc\u00eda y las regiones meridionales de Portugal, con el hecho fronterizo muy presente. Un tema preferente para nosotros, que tambi\u00e9n ingresa en el cap\u00edtulo de trabajos en proceso, es el relativo al <em>Reino de Sevilla. De Centro\/s y Periferia\/s<\/em>, para cuyo desarrollo hemos previsto un gran equipo con un plazo largo de, al menos, dos a\u00f1os.<\/p>\n\n\n\n<p>A prop\u00f3sito de este acercamiento al hecho sevillano y andaluz, no puedo menos de referir nuestra nueva colecci\u00f3n <strong><em>Visibilia. Patrimonio Cultural Andaluz<\/em><\/strong>. La inauguramos este a\u00f1o con una primera obra, coordinada por Rafael Gonz\u00e1lez, que se titul\u00f3 <em>Do\u00f1ana y su entorno, como zona patrimonial<\/em>. Do\u00f1ana es un\u00a0 enclave id\u00f3neo para operar con otra perspectiva, la que pretendemos aplicar en el tratamiento del conjunto del patrimonio cultural andaluz en los libros que compondr\u00e1n esta serie. Y por precisar un poco m\u00e1s el perfil de este dise\u00f1o, anuncio otra obra que est\u00e1 ahora mismo en proceso de definici\u00f3n: <em>Mediterr\u00e1neo andaluz. De lo hecho y lo hablado<\/em>, en cuyo planteamiento inicial se involucra Hanan Saleh, profesora de \u00e1rabe de la UPO y miembro del <strong>CIHAR. C\u00edrculo Intercultural Hispano \u00c1rabe<\/strong>, que tambi\u00e9n tomar\u00e1 parte en la edici\u00f3n del libro, y con ello participaremos en la celebraci\u00f3n de una efem\u00e9ride, la que hace del 2021 \u00abA\u00f1o de la Lengua \u00c1rabe en Espa\u00f1a\u00bb.<\/p>\n\n\n\n<p>Y con otra temporalidad, pero con Andaluc\u00eda y concreto Sevilla como marco de referencia: el estudio que sale en unos meses sobre el sistema del arte sevillano, realizado por un miembro del equipo <em>Enredars<\/em>, Juan Ram\u00f3n Rodr\u00edguez-Mateo. Llevar\u00e1 por t\u00edtulo <em>Las traves\u00edas del desierto<\/em> y en su edici\u00f3n tomar\u00e1 parte tambi\u00e9n el <strong>Servicio de Archivo y Publicaciones de la Diputaci\u00f3n de Sevilla<\/strong>.<\/p>\n\n\n\n<p>Concluyo haciendo referencia a un cambio sustancial en nuestro modo de compartir los materiales. Hasta ahora hemos cumplido escrupulosamente la f\u00f3rmula de publicaci\u00f3n en abierto (<em>Open Access<\/em>), a trav\u00e9s de nuestra web. Pero en este mismo a\u00f1o hemos dado un paso adelante en la difusi\u00f3n de los libros en su versi\u00f3n impresa. Hemos acordado con dos editoras comerciales la cesi\u00f3n provisional de algunos textos para ello. Con la gallega<strong> Andavira<\/strong> hemos compartido los cuatro vol\u00famenes de las actas del III Simposio de J\u00f3venes Ceiba, as\u00ed como el libro <em>Tornaviaje<\/em>. Y con <strong>Lantia\/Libros CC<\/strong> ha sido media docena de t\u00edtulos. De momento se trata de una experiencia que en modo alguno ir\u00e1 contra nuestro esp\u00edritu de compartir las publicaciones en abierto. (<a rel=\"noreferrer noopener\" href=\"https:\/\/libros.cc\/catalog\/search.php?category=Ultimas&amp;publisher=1210\" target=\"_blank\">x<\/a>)<\/p>\n\n\n\n<p>Tengo el convencimiento de que este a\u00f1o pr\u00f3ximo va a ser importante para el proyecto <em>Enredars Publicaciones<\/em>. La consolidaci\u00f3n de la marca editora, que mantendr\u00e1 los valores arriba enunciados, como empresa universitaria, de esp\u00edritu abierto, talante solidario y con una mirada amplia y generosa con el mundo que nos rodea y nos procura temas de actualidad, facilit\u00e1ndonos el camino hacia la cooperaci\u00f3n con otras entidades culturales y educativas.<\/p>\n\n\n\n<p>\u2014 <strong>F. Quiles<\/strong>.<\/p>\n","protected":false},"excerpt":{"rendered":"<p>(Enredars Publicaciones, 2020). En los tiempos que corren se me ocurre evocar el sentir de la poetisa asturiana \u00c1ngeles Carbajal, al pensar en el agotamiento de \u00abestos fr\u00e1giles instantes que caminan hacia el olvido\u00bb. En<\/p>\n","protected":false},"author":1,"featured_media":421,"comment_status":"closed","ping_status":"closed","sticky":false,"template":"","format":"standard","meta":{"footnotes":""},"categories":[7],"tags":[],"class_list":["post-420","post","type-post","status-publish","format-standard","has-post-thumbnail","hentry","category-novedades"],"_links":{"self":[{"href":"https:\/\/www.upo.es\/investiga\/enredars\/blog\/wp-json\/wp\/v2\/posts\/420"}],"collection":[{"href":"https:\/\/www.upo.es\/investiga\/enredars\/blog\/wp-json\/wp\/v2\/posts"}],"about":[{"href":"https:\/\/www.upo.es\/investiga\/enredars\/blog\/wp-json\/wp\/v2\/types\/post"}],"author":[{"embeddable":true,"href":"https:\/\/www.upo.es\/investiga\/enredars\/blog\/wp-json\/wp\/v2\/users\/1"}],"replies":[{"embeddable":true,"href":"https:\/\/www.upo.es\/investiga\/enredars\/blog\/wp-json\/wp\/v2\/comments?post=420"}],"version-history":[{"count":1,"href":"https:\/\/www.upo.es\/investiga\/enredars\/blog\/wp-json\/wp\/v2\/posts\/420\/revisions"}],"predecessor-version":[{"id":431,"href":"https:\/\/www.upo.es\/investiga\/enredars\/blog\/wp-json\/wp\/v2\/posts\/420\/revisions\/431"}],"wp:featuredmedia":[{"embeddable":true,"href":"https:\/\/www.upo.es\/investiga\/enredars\/blog\/wp-json\/wp\/v2\/media\/421"}],"wp:attachment":[{"href":"https:\/\/www.upo.es\/investiga\/enredars\/blog\/wp-json\/wp\/v2\/media?parent=420"}],"wp:term":[{"taxonomy":"category","embeddable":true,"href":"https:\/\/www.upo.es\/investiga\/enredars\/blog\/wp-json\/wp\/v2\/categories?post=420"},{"taxonomy":"post_tag","embeddable":true,"href":"https:\/\/www.upo.es\/investiga\/enredars\/blog\/wp-json\/wp\/v2\/tags?post=420"}],"curies":[{"name":"wp","href":"https:\/\/api.w.org\/{rel}","templated":true}]}}