{"id":66,"date":"2020-01-31T17:05:37","date_gmt":"2020-01-31T16:05:37","guid":{"rendered":"https:\/\/www.upo.es\/investiga\/enredars\/blog\/?p=66"},"modified":"2020-02-02T14:29:00","modified_gmt":"2020-02-02T13:29:00","slug":"la-aventura-del-conocimiento","status":"publish","type":"post","link":"https:\/\/www.upo.es\/investiga\/enredars\/blog\/2020\/01\/31\/la-aventura-del-conocimiento\/","title":{"rendered":"La aventura del conocimiento"},"content":{"rendered":"\n<p>Este proyecto editorial, que naci\u00f3 casi sin pretenderlo, empez\u00f3 a definirse con una serie de libros publicados con el sello de la Red de Arquitectura Vern\u00e1cula. Cuatro libros publicados en 2013, con un primer t\u00edtulo que vino a fijar las pautas principales que habr\u00edan de seguir todos los libros que han seguido y seguir\u00e1n. Ante todo el establecimiento de un marco geogr\u00e1fico amplio, en que se insertan los pa\u00edses de habla espa\u00f1ola y portuguesa. Favoreciendo asimismo la apertura en temas y colaboraciones. En relaci\u00f3n con estas \u00faltimas, hemos de destacar nuestra especial sensibilidad con la diversidad, en cuanto a la formaci\u00f3n, la procedencia y la identidad de quienes han colaborado y seguir\u00e1n haci\u00e9ndolo a futuro. Ello sin especificar lo que ata\u00f1e a nuestros principios \u00e9ticos. En cuanto a los temas, hemos iniciado con cuatro colecciones que no son restrictivas. Tras los <em>Documentos Red AVI<\/em> siguen <em>Acervos<\/em>, <em>Cuadernos del Aula<\/em> y <em>Universo Barroco Iberoamericano<\/em>. Dentro de cada serie fomentamos igualmente la riqueza de perspectivas y la diversidad de criterios y de pensamiento.<\/p>\n\n\n\n<p>\tAl fin, antes concluir\nnuestra primera d\u00e9cada de vida podemos decir que hemos logrado\nconsolidar el proyecto que, en un futuro no muy lejano, habr\u00e1 de\nconcretarse como ente editor, que en modo alguno renunciar\u00e1 a los\nprincipios que hoy nos mueven, con base en las tecnolog\u00edas de la\ncomunicaci\u00f3n, facilitadoras de la interacci\u00f3n con quienes nos\nsiguen. Prentedemos mantener activa nuestra plataforma digital como\nbase de nuestra actividad, mejor\u00e1ndola en todo caso, para facilitar\nel acceso en abierto, que a nuestro entender es fundamental.<\/p>\n\n\n\n<p>\tPublicaciones Enredars\nes fruto de nuestra pasi\u00f3n por el conocimiento. Todos y cada uno de\nlos textos puestos a disposici\u00f3n del p\u00fablico se compusieron con el\naf\u00e1n por aprender y crecer en el conocimiento. Y esperamos no perder\nde vista este horizonte.<\/p>\n","protected":false},"excerpt":{"rendered":"<p>Este proyecto editorial, que naci\u00f3 casi sin pretenderlo, empez\u00f3 a definirse con una serie de libros publicados con el sello de la Red de Arquitectura Vern\u00e1cula. Cuatro libros publicados en 2013, con un primer t\u00edtulo<\/p>\n","protected":false},"author":1,"featured_media":46,"comment_status":"closed","ping_status":"closed","sticky":true,"template":"","format":"standard","meta":{"footnotes":""},"categories":[8],"tags":[],"class_list":["post-66","post","type-post","status-publish","format-standard","has-post-thumbnail","hentry","category-presentacion"],"_links":{"self":[{"href":"https:\/\/www.upo.es\/investiga\/enredars\/blog\/wp-json\/wp\/v2\/posts\/66"}],"collection":[{"href":"https:\/\/www.upo.es\/investiga\/enredars\/blog\/wp-json\/wp\/v2\/posts"}],"about":[{"href":"https:\/\/www.upo.es\/investiga\/enredars\/blog\/wp-json\/wp\/v2\/types\/post"}],"author":[{"embeddable":true,"href":"https:\/\/www.upo.es\/investiga\/enredars\/blog\/wp-json\/wp\/v2\/users\/1"}],"replies":[{"embeddable":true,"href":"https:\/\/www.upo.es\/investiga\/enredars\/blog\/wp-json\/wp\/v2\/comments?post=66"}],"version-history":[{"count":4,"href":"https:\/\/www.upo.es\/investiga\/enredars\/blog\/wp-json\/wp\/v2\/posts\/66\/revisions"}],"predecessor-version":[{"id":102,"href":"https:\/\/www.upo.es\/investiga\/enredars\/blog\/wp-json\/wp\/v2\/posts\/66\/revisions\/102"}],"wp:featuredmedia":[{"embeddable":true,"href":"https:\/\/www.upo.es\/investiga\/enredars\/blog\/wp-json\/wp\/v2\/media\/46"}],"wp:attachment":[{"href":"https:\/\/www.upo.es\/investiga\/enredars\/blog\/wp-json\/wp\/v2\/media?parent=66"}],"wp:term":[{"taxonomy":"category","embeddable":true,"href":"https:\/\/www.upo.es\/investiga\/enredars\/blog\/wp-json\/wp\/v2\/categories?post=66"},{"taxonomy":"post_tag","embeddable":true,"href":"https:\/\/www.upo.es\/investiga\/enredars\/blog\/wp-json\/wp\/v2\/tags?post=66"}],"curies":[{"name":"wp","href":"https:\/\/api.w.org\/{rel}","templated":true}]}}