{"id":81,"date":"2020-02-01T11:40:44","date_gmt":"2020-02-01T10:40:44","guid":{"rendered":"https:\/\/www.upo.es\/investiga\/enredars\/blog\/?p=81"},"modified":"2020-02-01T13:40:44","modified_gmt":"2020-02-01T12:40:44","slug":"de-%e2%9d%9dpinceles-y-gubias%e2%9d%9e-y-otros-libros","status":"publish","type":"post","link":"https:\/\/www.upo.es\/investiga\/enredars\/blog\/2020\/02\/01\/de-%e2%9d%9dpinceles-y-gubias%e2%9d%9e-y-otros-libros\/","title":{"rendered":"De \u275d Pinceles y gubias \u275e y otros libros"},"content":{"rendered":"\n<p>El d\u00eda 14 de febrero se presenta, dentro de otras <em>Horas Barrocas<\/em>, los nuevos t\u00edtulos de la colecci\u00f3n \u00abUniverso Barroco Iberoamericano\u00bb (ns. 6-9), con los t\u00edtulos <em>Pinceles y gubias<\/em>, <em>Discursos e im\u00e1genes<\/em>, <em>Fastos y ceremonias<\/em> y <em>Espacios y muros<\/em>.  Se trata de la compilaci\u00f3n de m\u00e1s de un centenar de trabajos presentados en el <em>III Simposio Internacional de J\u00f3venes Investigadores del Barroco Iberoamericano<\/em>, que han editado Mar\u00eda de los \u00c1ngeles Fern\u00e1ndez, Carme Calder\u00f3n e Inmaculada Rodr\u00edguez. Una de las editoras, la profesora Fern\u00e1ndez Valle har\u00e1 la semblanza del libro y nos pondr\u00e1 al d\u00eda de los avances del grupo de J\u00f3venes Investigadores del Barroco Iberoamericano, con noticias sobre la pr\u00f3xima convocatoria. Le acompa\u00f1ar\u00e1 el director de la colecci\u00f3n que asimismo dar\u00e1 cuenta del progreso de la colecci\u00f3n, tanto de los libros en proceso de edici\u00f3n, como los convocados recientemente. La presentaci\u00f3n tendr\u00e1 lugar en la sede centro de la Universidad Pablo de Olavide, a las 12.00 hs.<\/p>\n","protected":false},"excerpt":{"rendered":"<p>El d\u00eda 14 de febrero se presenta, dentro de otras Horas Barrocas, los nuevos t\u00edtulos de la colecci\u00f3n \u00abUniverso Barroco Iberoamericano\u00bb (ns. 6-9), con los t\u00edtulos Pinceles y gubias, Discursos e im\u00e1genes, Fastos y ceremonias<\/p>\n","protected":false},"author":1,"featured_media":82,"comment_status":"closed","ping_status":"closed","sticky":false,"template":"","format":"standard","meta":{"footnotes":""},"categories":[7],"tags":[],"class_list":["post-81","post","type-post","status-publish","format-standard","has-post-thumbnail","hentry","category-novedades"],"_links":{"self":[{"href":"https:\/\/www.upo.es\/investiga\/enredars\/blog\/wp-json\/wp\/v2\/posts\/81"}],"collection":[{"href":"https:\/\/www.upo.es\/investiga\/enredars\/blog\/wp-json\/wp\/v2\/posts"}],"about":[{"href":"https:\/\/www.upo.es\/investiga\/enredars\/blog\/wp-json\/wp\/v2\/types\/post"}],"author":[{"embeddable":true,"href":"https:\/\/www.upo.es\/investiga\/enredars\/blog\/wp-json\/wp\/v2\/users\/1"}],"replies":[{"embeddable":true,"href":"https:\/\/www.upo.es\/investiga\/enredars\/blog\/wp-json\/wp\/v2\/comments?post=81"}],"version-history":[{"count":2,"href":"https:\/\/www.upo.es\/investiga\/enredars\/blog\/wp-json\/wp\/v2\/posts\/81\/revisions"}],"predecessor-version":[{"id":98,"href":"https:\/\/www.upo.es\/investiga\/enredars\/blog\/wp-json\/wp\/v2\/posts\/81\/revisions\/98"}],"wp:featuredmedia":[{"embeddable":true,"href":"https:\/\/www.upo.es\/investiga\/enredars\/blog\/wp-json\/wp\/v2\/media\/82"}],"wp:attachment":[{"href":"https:\/\/www.upo.es\/investiga\/enredars\/blog\/wp-json\/wp\/v2\/media?parent=81"}],"wp:term":[{"taxonomy":"category","embeddable":true,"href":"https:\/\/www.upo.es\/investiga\/enredars\/blog\/wp-json\/wp\/v2\/categories?post=81"},{"taxonomy":"post_tag","embeddable":true,"href":"https:\/\/www.upo.es\/investiga\/enredars\/blog\/wp-json\/wp\/v2\/tags?post=81"}],"curies":[{"name":"wp","href":"https:\/\/api.w.org\/{rel}","templated":true}]}}