{"id":1295,"date":"2026-02-17T08:57:43","date_gmt":"2026-02-17T07:57:43","guid":{"rendered":"https:\/\/www.upo.es\/investiga\/frihousing\/?p=1295"},"modified":"2026-03-03T10:50:37","modified_gmt":"2026-03-03T09:50:37","slug":"mapeo-recursos-de-alojamiento-para-personas-con-discapacidad-intelectual","status":"publish","type":"post","link":"https:\/\/www.upo.es\/investiga\/frihousing\/mapeo-recursos-de-alojamiento-para-personas-con-discapacidad-intelectual\/","title":{"rendered":"Mapeo abierto de recursos de alojamiento para personas con discapacidad intelectual en Espa\u00f1a. Cartograf\u00eda inclusiva y digitalizaci\u00f3n c\u00edvica"},"content":{"rendered":"\n<h3 class=\"wp-block-heading\">Este trabajo describe una <strong>experiencia de innovaci\u00f3n digital y social<\/strong> orientada a la <strong>recopilaci\u00f3n, sistematizaci\u00f3n y visualizaci\u00f3n<\/strong> de los recursos habitacionales existentes para personas con discapacidad intelectual (DI) en Espa\u00f1a.<\/h3>\n\n\n\n<p>En el marco del proyecto Fri-Housing, se desarroll\u00f3 un <strong>mapeo abierto e interactivo<\/strong> que integra datos procedentes de <strong>portales de transparencia auton\u00f3micos<\/strong>, <strong>solicitudes formales de acceso a la informaci\u00f3n y fuentes abiertas en l\u00ednea<\/strong>. El proceso afront\u00f3 desaf\u00edos significativos derivados de la dispersi\u00f3n normativa, la heterogeneidad de los registros auton\u00f3micos y la falta de datos espec\u00edficos sobre DI.<\/p>\n\n\n\n<p>Estas limitaciones condicionaron la construcci\u00f3n de una base de datos homog\u00e9nea, pero finalmente se consiguieron integrar en un visor georreferenciado dise\u00f1ado en <strong>ArcGIS Pro<\/strong> y publicado mediante <strong>Google MyMaps<\/strong>.<\/p>\n\n\n\n<p>M\u00e1s all\u00e1 de reflejar <strong>desigualdades territoriales en la oferta residencial<\/strong>, el trabajo pone el acento en la <strong>opacidad institucional<\/strong> y en la necesidad de establecer <strong>protocolos comunes para la publicaci\u00f3n de datos abiertos.<\/strong> El mapa resultante se concibe como una herramienta p\u00fablica, accesible y replicable que contribuye a la planificaci\u00f3n territorial, fomenta la transparencia institucional y favorece la inclusi\u00f3n social de las personas con DI.<\/p>\n\n\n\n<h4 class=\"wp-block-heading\"><\/h4>\n\n\n\n<h2 class=\"wp-block-heading\"><strong>Presentado como<\/strong> <strong>Comunicaci\u00f3n en el XII Congreso Internacional Ciudades Comunicativas<\/strong><\/h2>\n\n\n\n<p>La investigaci\u00f3n fue presentada como <strong>Comunicaci\u00f3n cient\u00edfica en el XII Congreso Internacional Ciudades Comunicativas<\/strong>, un foro acad\u00e9mico dedicado a analizar las relaciones entre ciudad, cultura, innovaci\u00f3n y transformaci\u00f3n social.<\/p>\n\n\n\n<p>La participaci\u00f3n en el congreso permiti\u00f3 contextualizar el proyecto dentro del debate actual sobre <strong>digitalizaci\u00f3n c\u00edvica, gobernanza abierta y justicia espacial<\/strong>, generando un espacio de intercambio con investigadores y profesionales de distintas disciplinas. Durante la sesi\u00f3n se abordaron tanto los resultados del mapeo como los retos metodol\u00f3gicos asociados a la obtenci\u00f3n y normalizaci\u00f3n de datos en el \u00e1mbito de los servicios sociales.<\/p>\n\n\n\n<p>El inter\u00e9s suscitado evidenci\u00f3 la necesidad de avanzar hacia modelos de informaci\u00f3n p\u00fablica m\u00e1s estandarizados y accesibles, as\u00ed como el potencial de las herramientas cartogr\u00e1ficas abiertas para incidir en pol\u00edticas p\u00fablicas m\u00e1s equitativas.<\/p>\n\n\n\n<p><br>\ud83d\udd17 Congreso: <a href=\"https:\/\/congresociudadescomunicativas.es\/\">https:\/\/congresociudadescomunicativas.es\/<\/a><\/p>\n\n\n\n<figure class=\"wp-block-gallery has-nested-images columns-default is-cropped wp-block-gallery-1 is-layout-flex wp-block-gallery-is-layout-flex\">\n<figure class=\"wp-block-image size-full\"><img fetchpriority=\"high\" decoding=\"async\" width=\"800\" height=\"600\" data-id=\"1292\" src=\"https:\/\/www.upo.es\/investiga\/frihousing\/wp-content\/uploads\/2026\/02\/mapeo02.jpg\" alt=\"Presentaci\u00f3n de comunicaci\u00f3n en el XII Congreso Internacional Ciudades Comunicativas\" class=\"wp-image-1292\" srcset=\"https:\/\/www.upo.es\/investiga\/frihousing\/wp-content\/uploads\/2026\/02\/mapeo02.jpg 800w, https:\/\/www.upo.es\/investiga\/frihousing\/wp-content\/uploads\/2026\/02\/mapeo02-300x225.jpg 300w, https:\/\/www.upo.es\/investiga\/frihousing\/wp-content\/uploads\/2026\/02\/mapeo02-768x576.jpg 768w\" sizes=\"(max-width: 800px) 100vw, 800px\" \/><\/figure>\n\n\n\n<figure class=\"wp-block-image size-full\"><img decoding=\"async\" width=\"800\" height=\"600\" data-id=\"1293\" src=\"https:\/\/www.upo.es\/investiga\/frihousing\/wp-content\/uploads\/2026\/02\/mapeo01.jpg\" alt=\"Presentaci\u00f3n de comunicaci\u00f3n en el XII Congreso Internacional Ciudades Comunicativas\" class=\"wp-image-1293\" srcset=\"https:\/\/www.upo.es\/investiga\/frihousing\/wp-content\/uploads\/2026\/02\/mapeo01.jpg 800w, https:\/\/www.upo.es\/investiga\/frihousing\/wp-content\/uploads\/2026\/02\/mapeo01-300x225.jpg 300w, https:\/\/www.upo.es\/investiga\/frihousing\/wp-content\/uploads\/2026\/02\/mapeo01-768x576.jpg 768w\" sizes=\"(max-width: 800px) 100vw, 800px\" \/><\/figure>\n<\/figure>\n\n\n\n<p><strong><a href=\"https:\/\/www.upo.es\/investiga\/frihousing\/wp-content\/uploads\/2026\/02\/Mapeo-recursos-alojamiento-y-discapacidad-intelectual_McGraw-Hill_.pdf\">Publicado en el libro \u201cInnovaci\u00f3n social y patrimonio en la sociedad contempor\u00e1nea\u201d. McGraw Hill.<\/a><\/strong><\/p>\n\n\n\n<p>La publicaci\u00f3n muestra la metodolog\u00eda seguida y los resultados obtenidos del <strong>mapeo de recursos de alojamiento para personas con discapacidad intelectual <\/strong>realizado a nivel estatal. As\u00ed mismo, realiza un primer an\u00e1lisis sobre la transparencia institucional y la calidad de los datos obtenidos tras el proceso de b\u00fasqueda de informaci\u00f3n en abierto.<\/p>\n\n\n\n<p><strong>Referencia bibliogr\u00e1fica y acceso al texto del art\u00edculo<\/strong>:<\/p>\n\n\n\n<p>Gonz\u00e1lez \u00c1lvarez, S., &amp; Del Enjuto, M. R. (2025).\u00a0<strong>Mapeo abierto de recursos de alojamiento para personas con discapacidad intelectual en Espa\u00f1a. Cartograf\u00eda inclusiva y digitalizaci\u00f3n c\u00edvica.<\/strong>\u00a0En J. Sierra S\u00e1nchez &amp; M. Garc\u00eda Lirio (Eds.), Cultura, ciudad y educaci\u00f3n: Innovaci\u00f3n social y patrimonio en la sociedad contempor\u00e1nea. McGraw Hill.\u00a0<\/p>\n\n\n<div class=\"wp-block-image\">\n<figure class=\"aligncenter size-full is-resized\"><a href=\"https:\/\/www.upo.es\/investiga\/frihousing\/wp-content\/uploads\/2026\/02\/Mapeo-recursos-alojamiento-y-discapacidad-intelectual_McGraw-Hill_.pdf\"><img decoding=\"async\" width=\"688\" height=\"960\" src=\"https:\/\/www.upo.es\/investiga\/frihousing\/wp-content\/uploads\/2026\/02\/Captura-de-pantalla-2026-02-25-a-las-8.57.03.png\" alt=\"\" class=\"wp-image-1328\" style=\"width:483px;height:auto\" srcset=\"https:\/\/www.upo.es\/investiga\/frihousing\/wp-content\/uploads\/2026\/02\/Captura-de-pantalla-2026-02-25-a-las-8.57.03.png 688w, https:\/\/www.upo.es\/investiga\/frihousing\/wp-content\/uploads\/2026\/02\/Captura-de-pantalla-2026-02-25-a-las-8.57.03-215x300.png 215w\" sizes=\"(max-width: 688px) 100vw, 688px\" \/><\/a><\/figure>\n<\/div>\n\n\n<blockquote class=\"wp-block-quote is-layout-flow wp-block-quote-is-layout-flow\">\n<p><em>Los contenidos pueden ser descargados, reproducidos, difundidos e impresos <strong>con fines de estudio privado, investigaci\u00f3n y docencia, o para su utilizaci\u00f3n en productos o servicios no comerciales<\/strong>, siempre que:<\/em><\/p>\n<\/blockquote>\n\n\n\n<ol start=\"1\" class=\"wp-block-list\">\n<li><em>Se reconozca adecuadamente a los autores como fuente y titulares de los derechos de propiedad intelectual.<\/em><\/li>\n\n\n\n<li><em>No se d\u00e9 a entender que los autores aprueban productos, opiniones o servicios derivados.<\/em><\/li>\n\n\n\n<li><em>En caso de contenidos de terceros, se gestionen los permisos con la fuente original correspondiente.<\/em><\/li>\n<\/ol>\n\n\n\n<p><\/p>\n\n\n\n<p><strong>Sara Gonz\u00e1lez \u00c1lvarez<\/strong><\/p>\n\n\n\n<p><strong>M. Rosario del Caz Enjuto<\/strong><\/p>\n\n\n\n<p><strong>Universidad Implicada:&nbsp;<\/strong>Universidad de Valladolid<\/p>\n\n\n\n<p><\/p>\n","protected":false},"excerpt":{"rendered":"<p>Este trabajo describe una experiencia de innovaci\u00f3n digital y social orientada a la recopilaci\u00f3n, sistematizaci\u00f3n y visualizaci\u00f3n de los recursos habitacionales existentes para personas con discapacidad intelectual (DI) en Espa\u00f1a.<\/p>\n","protected":false},"author":1,"featured_media":1292,"comment_status":"open","ping_status":"open","sticky":false,"template":"","format":"standard","meta":{"_acf_changed":false,"footnotes":""},"categories":[4,14],"tags":[28,30,31,29,26,27],"class_list":["post-1295","post","type-post","status-publish","format-standard","has-post-thumbnail","hentry","category-noticias","category-noticias-sin-enlace","tag-alojamiento","tag-cartografia-inclusiva","tag-digitalizacion-civica","tag-discapacidad-intelectal-espana","tag-mapeo","tag-recursos"],"acf":[],"_links":{"self":[{"href":"https:\/\/www.upo.es\/investiga\/frihousing\/wp-json\/wp\/v2\/posts\/1295","targetHints":{"allow":["GET"]}}],"collection":[{"href":"https:\/\/www.upo.es\/investiga\/frihousing\/wp-json\/wp\/v2\/posts"}],"about":[{"href":"https:\/\/www.upo.es\/investiga\/frihousing\/wp-json\/wp\/v2\/types\/post"}],"author":[{"embeddable":true,"href":"https:\/\/www.upo.es\/investiga\/frihousing\/wp-json\/wp\/v2\/users\/1"}],"replies":[{"embeddable":true,"href":"https:\/\/www.upo.es\/investiga\/frihousing\/wp-json\/wp\/v2\/comments?post=1295"}],"version-history":[{"count":11,"href":"https:\/\/www.upo.es\/investiga\/frihousing\/wp-json\/wp\/v2\/posts\/1295\/revisions"}],"predecessor-version":[{"id":1348,"href":"https:\/\/www.upo.es\/investiga\/frihousing\/wp-json\/wp\/v2\/posts\/1295\/revisions\/1348"}],"wp:featuredmedia":[{"embeddable":true,"href":"https:\/\/www.upo.es\/investiga\/frihousing\/wp-json\/wp\/v2\/media\/1292"}],"wp:attachment":[{"href":"https:\/\/www.upo.es\/investiga\/frihousing\/wp-json\/wp\/v2\/media?parent=1295"}],"wp:term":[{"taxonomy":"category","embeddable":true,"href":"https:\/\/www.upo.es\/investiga\/frihousing\/wp-json\/wp\/v2\/categories?post=1295"},{"taxonomy":"post_tag","embeddable":true,"href":"https:\/\/www.upo.es\/investiga\/frihousing\/wp-json\/wp\/v2\/tags?post=1295"}],"curies":[{"name":"wp","href":"https:\/\/api.w.org\/{rel}","templated":true}]}}