{"id":1300,"date":"2026-02-17T08:57:36","date_gmt":"2026-02-17T07:57:36","guid":{"rendered":"https:\/\/www.upo.es\/investiga\/frihousing\/?p=1300"},"modified":"2026-02-17T08:57:36","modified_gmt":"2026-02-17T07:57:36","slug":"influencia-modelos-habitacionales-personas-con-discapacidad-intelectual-representantes-politicos-entidades","status":"publish","type":"post","link":"https:\/\/www.upo.es\/investiga\/frihousing\/influencia-modelos-habitacionales-personas-con-discapacidad-intelectual-representantes-politicos-entidades\/","title":{"rendered":"Influencia de los modelos habitacionales en la vida independiente de las personas con discapacidad intelectual: discursos de representantes pol\u00edticos y entidades"},"content":{"rendered":"\n<h3 class=\"wp-block-heading\">Presentaci\u00f3n de un breve avance de resultados del proyecto Fri-Housing durante el III Congreso Europeo sobre Vida Independiente y Asistencia Personal organizado por la Oficina de Vida Independiente (OVI) de Valencia.<\/h3>\n\n\n\n<p>Miembros del proyecto Fri-Housing de las universidades de Santiago de Compostela y Vigo han presentado un peque\u00f1o avance de resultados respecto a la <strong>influencia que los modelos habitacionales tienen en la vida independiente de las personas con discapacidad intelectual<\/strong>.<\/p>\n\n\n\n<p>En esta comunicaci\u00f3n, recogi\u00f3 los hallazgos de la realizaci\u00f3n de <strong>7 grupos focales<\/strong> organizados en <strong>6 comunidades aut\u00f3nomas diferentes<\/strong> con la participaci\u00f3n de representantes pol\u00edticos y de representantes de entidades del \u00e1mbito de la discapacidad intelectual. En concreto, la comunicaci\u00f3n se enfoc\u00f3 en sus discursos sobre las <strong>dimensiones pol\u00edtica y social<\/strong>, englobando indicadores como: la ciudadan\u00eda social y pol\u00edtica; los espacios habitacionales y modelos residenciales desde la perspectiva de las <strong>relaciones sociales<\/strong>; o la <strong>inclusi\u00f3n<\/strong> y <strong>participaci\u00f3n del colectivo en la comunidad<\/strong>.<\/p>\n\n\n\n<figure class=\"wp-block-image size-full\"><img fetchpriority=\"high\" decoding=\"async\" width=\"900\" height=\"600\" src=\"https:\/\/www.upo.es\/investiga\/frihousing\/wp-content\/uploads\/2026\/02\/residencial-DI.jpg\" alt=\"Influencia de los modelos habitacionales en la vida independiente de las personas con discapacidad intelectual: discursos de representantes pol\u00edticos y entidades\" class=\"wp-image-1301\" srcset=\"https:\/\/www.upo.es\/investiga\/frihousing\/wp-content\/uploads\/2026\/02\/residencial-DI.jpg 900w, https:\/\/www.upo.es\/investiga\/frihousing\/wp-content\/uploads\/2026\/02\/residencial-DI-300x200.jpg 300w, https:\/\/www.upo.es\/investiga\/frihousing\/wp-content\/uploads\/2026\/02\/residencial-DI-768x512.jpg 768w\" sizes=\"(max-width: 900px) 100vw, 900px\" \/><\/figure>\n\n\n\n<p>Los resultados mostraron la existencia de una importante <strong>contradicci\u00f3n entre los discursos pol\u00edticos<\/strong> y las <strong>pol\u00edticas sociales <\/strong>que se llevan a la pr\u00e1ctica al respecto, confrontando autonom\u00eda e independencia con la reproducci\u00f3n de modelos tradicionales poco favorecedores.<\/p>\n\n\n\n<p><strong>Breog\u00e1n Riob\u00f3o-Lois<\/strong><\/p>\n\n\n\n<p><strong>Rub\u00e9n Gonz\u00e1lez-Rodr\u00edguez<\/strong><\/p>\n\n\n\n<p><strong>Sabela P\u00e9rez-Mart\u00edn<\/strong><\/p>\n\n\n\n<p><strong>Ana Mar\u00eda Rodr\u00edguez-Gonz\u00e1lez<\/strong><\/p>\n\n\n\n<p><strong>Universidad Implicada: <\/strong>Universidad de Santiago de Compostela &#8211; Universidad de Vigo<\/p>\n\n\n\n<p><\/p>\n","protected":false},"excerpt":{"rendered":"<p>Presentaci\u00f3n de un breve avance de resultados del proyecto Fri-Housing durante el III Congreso Europeo sobre Vida Independiente y Asistencia Personal organizado por la Oficina de Vida Independiente (OVI) de Valencia.<\/p>\n","protected":false},"author":1,"featured_media":1301,"comment_status":"open","ping_status":"open","sticky":false,"template":"","format":"standard","meta":{"_acf_changed":false,"footnotes":""},"categories":[4,14],"tags":[35,32,34,33],"class_list":["post-1300","post","type-post","status-publish","format-standard","has-post-thumbnail","hentry","category-noticias","category-noticias-sin-enlace","tag-entidades","tag-modelos-habitacionales","tag-politicos","tag-vida-independiente-personas-con-discapacidad-intelectual"],"acf":[],"_links":{"self":[{"href":"https:\/\/www.upo.es\/investiga\/frihousing\/wp-json\/wp\/v2\/posts\/1300","targetHints":{"allow":["GET"]}}],"collection":[{"href":"https:\/\/www.upo.es\/investiga\/frihousing\/wp-json\/wp\/v2\/posts"}],"about":[{"href":"https:\/\/www.upo.es\/investiga\/frihousing\/wp-json\/wp\/v2\/types\/post"}],"author":[{"embeddable":true,"href":"https:\/\/www.upo.es\/investiga\/frihousing\/wp-json\/wp\/v2\/users\/1"}],"replies":[{"embeddable":true,"href":"https:\/\/www.upo.es\/investiga\/frihousing\/wp-json\/wp\/v2\/comments?post=1300"}],"version-history":[{"count":1,"href":"https:\/\/www.upo.es\/investiga\/frihousing\/wp-json\/wp\/v2\/posts\/1300\/revisions"}],"predecessor-version":[{"id":1302,"href":"https:\/\/www.upo.es\/investiga\/frihousing\/wp-json\/wp\/v2\/posts\/1300\/revisions\/1302"}],"wp:featuredmedia":[{"embeddable":true,"href":"https:\/\/www.upo.es\/investiga\/frihousing\/wp-json\/wp\/v2\/media\/1301"}],"wp:attachment":[{"href":"https:\/\/www.upo.es\/investiga\/frihousing\/wp-json\/wp\/v2\/media?parent=1300"}],"wp:term":[{"taxonomy":"category","embeddable":true,"href":"https:\/\/www.upo.es\/investiga\/frihousing\/wp-json\/wp\/v2\/categories?post=1300"},{"taxonomy":"post_tag","embeddable":true,"href":"https:\/\/www.upo.es\/investiga\/frihousing\/wp-json\/wp\/v2\/tags?post=1300"}],"curies":[{"name":"wp","href":"https:\/\/api.w.org\/{rel}","templated":true}]}}