{"id":1303,"date":"2026-02-17T08:56:48","date_gmt":"2026-02-17T07:56:48","guid":{"rendered":"https:\/\/www.upo.es\/investiga\/frihousing\/?p=1303"},"modified":"2026-02-17T08:56:48","modified_gmt":"2026-02-17T07:56:48","slug":"mejora-de-la-accesibilidad-cognitiva-en-el-turismo-termal-de-la-provincia-de-ourense","status":"publish","type":"post","link":"https:\/\/www.upo.es\/investiga\/frihousing\/mejora-de-la-accesibilidad-cognitiva-en-el-turismo-termal-de-la-provincia-de-ourense\/","title":{"rendered":"Mejora de la accesibilidad cognitiva en el turismo termal de la provincia de Ourense"},"content":{"rendered":"\n<h3 class=\"wp-block-heading\">Un equipo del <a href=\"https:\/\/portalcientifico.uvigo.gal\/grupos\/17831\/detalle\">Grupo de Estudios en Trabajo Social: Investigaci\u00f3n y Transferencia (GETS-IT) <\/a>de la Universidad de Vigo organiza una jornada cient\u00edfico-divulgativa sobre el proyecto Ourense TermalAcces, centrado en la promoci\u00f3n de la accesibilidad cognitiva en balnearios de la provincia de Ourense.<\/h3>\n\n\n\n<figure class=\"wp-block-image size-full\"><img fetchpriority=\"high\" decoding=\"async\" width=\"900\" height=\"600\" src=\"https:\/\/www.upo.es\/investiga\/frihousing\/wp-content\/uploads\/2026\/02\/mejora-accesibilidad-turismo-termal-orense.jpg\" alt=\"Mejora de la accesibilidad cognitiva en el turismo termal de la provincia de Ourense\" class=\"wp-image-1304\" srcset=\"https:\/\/www.upo.es\/investiga\/frihousing\/wp-content\/uploads\/2026\/02\/mejora-accesibilidad-turismo-termal-orense.jpg 900w, https:\/\/www.upo.es\/investiga\/frihousing\/wp-content\/uploads\/2026\/02\/mejora-accesibilidad-turismo-termal-orense-300x200.jpg 300w, https:\/\/www.upo.es\/investiga\/frihousing\/wp-content\/uploads\/2026\/02\/mejora-accesibilidad-turismo-termal-orense-768x512.jpg 768w\" sizes=\"(max-width: 900px) 100vw, 900px\" \/><\/figure>\n\n\n\n<p>Esta iniciativa est\u00e1 apoyada por las <strong>Ayudas a grupos de investigaci\u00f3n del campus de Ourense <\/strong>(INOU 2025), financiadas por la Diputaci\u00f3n de Ourense a ra\u00edz del convenio anual firmado entre este \u00f3rgano provincial y la Universidad de Vigo para el desarrollo de actividades de <strong>difusi\u00f3n cultural, investigaci\u00f3n, formaci\u00f3n y deportes<\/strong>.<\/p>\n\n\n\n<p>En la investigaci\u00f3n dirigida y realizada por miembros de GETS-IT, participan Fademga-Plena Inclusi\u00f3n Galicia y los balnearios Hotel OCA Vila de Allariz y Laias Caldaria Hotel Balneario. El <strong>turismo termal<\/strong> es un eje estrat\u00e9gico para la <strong>provincia de Ourense<\/strong> por su <strong>potencial econ\u00f3mico y sus beneficios para la salud y el bienestar<\/strong>. Por ello, el objetivo del proyecto de la UVigo es <strong>ampliar el acceso de personas con discapacidad cognitiva a los establecimientos termales<\/strong>, mediante la identificaci\u00f3n y propuesta de mejoras en la accesibilidad. <\/p>\n\n\n\n<p>El proyecto parte del reconocimiento de que<strong> la accesibilidad cognitiva es un derecho clave y a\u00fan desatendido<\/strong>, a pesar de su incidencia directa en la participaci\u00f3n social. De este modo, con un enfoque interseccional con variables como la <strong>discapacidad, la edad, el g\u00e9nero y el territorio<\/strong>, la investigaci\u00f3n se propuso analizar las barreras invisibilizadas que enfrentan las personas con discapacidad intelectual o psicosocial en balnearios, desde el enfoque del dise\u00f1o universal.<\/p>\n\n\n\n<figure class=\"wp-block-image size-full\"><img decoding=\"async\" width=\"900\" height=\"600\" src=\"https:\/\/www.upo.es\/investiga\/frihousing\/wp-content\/uploads\/2026\/02\/mejora-accesibilidad-turismo-termal-orense2.jpg\" alt=\"Mejora de la accesibilidad cognitiva en el turismo termal de la provincia de Ourense\" class=\"wp-image-1305\" srcset=\"https:\/\/www.upo.es\/investiga\/frihousing\/wp-content\/uploads\/2026\/02\/mejora-accesibilidad-turismo-termal-orense2.jpg 900w, https:\/\/www.upo.es\/investiga\/frihousing\/wp-content\/uploads\/2026\/02\/mejora-accesibilidad-turismo-termal-orense2-300x200.jpg 300w, https:\/\/www.upo.es\/investiga\/frihousing\/wp-content\/uploads\/2026\/02\/mejora-accesibilidad-turismo-termal-orense2-768x512.jpg 768w\" sizes=\"(max-width: 900px) 100vw, 900px\" \/><\/figure>\n\n\n\n<p><strong>Rub\u00e9n Gonz\u00e1lez-Rodr\u00edguez<\/strong><\/p>\n\n\n\n<p><strong>Sabela P\u00e9rez-Mart\u00edn<\/strong><\/p>\n\n\n\n<p><strong>Universidad Implicada: <\/strong>Universidad de Vigo <\/p>\n\n\n\n<p><\/p>\n","protected":false},"excerpt":{"rendered":"<p>Un equipo del Grupo de Estudios en Trabajo Social: Investigaci\u00f3n y Transferencia (GETS-IT) de la Universidad de Vigo organiza una jornada cient\u00edfico-divulgativa sobre el proyecto Ourense TermalAcces, centrado en la promoci\u00f3n de la accesibilidad cognitiva en balnearios de la provincia de Ourense.<\/p>\n","protected":false},"author":1,"featured_media":1304,"comment_status":"open","ping_status":"open","sticky":false,"template":"","format":"standard","meta":{"_acf_changed":false,"footnotes":""},"categories":[4,14],"tags":[],"class_list":["post-1303","post","type-post","status-publish","format-standard","has-post-thumbnail","hentry","category-noticias","category-noticias-sin-enlace"],"acf":[],"_links":{"self":[{"href":"https:\/\/www.upo.es\/investiga\/frihousing\/wp-json\/wp\/v2\/posts\/1303","targetHints":{"allow":["GET"]}}],"collection":[{"href":"https:\/\/www.upo.es\/investiga\/frihousing\/wp-json\/wp\/v2\/posts"}],"about":[{"href":"https:\/\/www.upo.es\/investiga\/frihousing\/wp-json\/wp\/v2\/types\/post"}],"author":[{"embeddable":true,"href":"https:\/\/www.upo.es\/investiga\/frihousing\/wp-json\/wp\/v2\/users\/1"}],"replies":[{"embeddable":true,"href":"https:\/\/www.upo.es\/investiga\/frihousing\/wp-json\/wp\/v2\/comments?post=1303"}],"version-history":[{"count":1,"href":"https:\/\/www.upo.es\/investiga\/frihousing\/wp-json\/wp\/v2\/posts\/1303\/revisions"}],"predecessor-version":[{"id":1306,"href":"https:\/\/www.upo.es\/investiga\/frihousing\/wp-json\/wp\/v2\/posts\/1303\/revisions\/1306"}],"wp:featuredmedia":[{"embeddable":true,"href":"https:\/\/www.upo.es\/investiga\/frihousing\/wp-json\/wp\/v2\/media\/1304"}],"wp:attachment":[{"href":"https:\/\/www.upo.es\/investiga\/frihousing\/wp-json\/wp\/v2\/media?parent=1303"}],"wp:term":[{"taxonomy":"category","embeddable":true,"href":"https:\/\/www.upo.es\/investiga\/frihousing\/wp-json\/wp\/v2\/categories?post=1303"},{"taxonomy":"post_tag","embeddable":true,"href":"https:\/\/www.upo.es\/investiga\/frihousing\/wp-json\/wp\/v2\/tags?post=1303"}],"curies":[{"name":"wp","href":"https:\/\/api.w.org\/{rel}","templated":true}]}}