{"id":1307,"date":"2026-02-17T08:56:35","date_gmt":"2026-02-17T07:56:35","guid":{"rendered":"https:\/\/www.upo.es\/investiga\/frihousing\/?p=1307"},"modified":"2026-02-17T08:56:35","modified_gmt":"2026-02-17T07:56:35","slug":"proyecto-frihousing-personas-con-discapacidad-intelectual-y-vivienda-inclusiva-barreras-psicosociales-y-politicas","status":"publish","type":"post","link":"https:\/\/www.upo.es\/investiga\/frihousing\/proyecto-frihousing-personas-con-discapacidad-intelectual-y-vivienda-inclusiva-barreras-psicosociales-y-politicas\/","title":{"rendered":"Proyecto FriHousing: personas con discapacidad intelectual y vivienda inclusiva. Barreras psicosociales y pol\u00edticas"},"content":{"rendered":"\n<h3 class=\"wp-block-heading\">Resumen de la comunicaci\u00f3n integrada en el libro de actas: <em>Advances in Clinical Psychology <\/em>Vol.5.<\/h3>\n\n\n\n<p>El derecho de las personas con discapacidad intelectual (PDI) a <strong>vivir de forma independiente <\/strong>y a ser incluidas en la comunidad est\u00e1 reconocido en normativas internacionales como la <strong>Convenci\u00f3n sobre los Derechos de las Personas con Discapacidad<\/strong>. Sin embargo, la aplicaci\u00f3n de estos principios dista de ser una realidad.<\/p>\n\n\n\n<p>El derecho de las personas con discapacidad intelectual (PDI) a <strong>vivir de forma independiente<\/strong> y a ser incluidas en la comunidad est\u00e1 reconocido en normativas internacionales como la <strong>Convenci\u00f3n sobre los Derechos de las Personas con Discapacidad<\/strong>. Sin embargo, la aplicaci\u00f3n de estos principios dista de ser una realidad.<\/p>\n\n\n\n<figure class=\"wp-block-image size-full\"><img fetchpriority=\"high\" decoding=\"async\" width=\"900\" height=\"600\" src=\"https:\/\/www.upo.es\/investiga\/frihousing\/wp-content\/uploads\/2026\/02\/frihousing-discapacidad-intelectual-vivienda-inclusiva.jpg\" alt=\"Proyecto FriHousing: personas con discapacidad intelectual y vivienda inclusiva. Barreras psicosociales y pol\u00edticas\" class=\"wp-image-1308\" srcset=\"https:\/\/www.upo.es\/investiga\/frihousing\/wp-content\/uploads\/2026\/02\/frihousing-discapacidad-intelectual-vivienda-inclusiva.jpg 900w, https:\/\/www.upo.es\/investiga\/frihousing\/wp-content\/uploads\/2026\/02\/frihousing-discapacidad-intelectual-vivienda-inclusiva-300x200.jpg 300w, https:\/\/www.upo.es\/investiga\/frihousing\/wp-content\/uploads\/2026\/02\/frihousing-discapacidad-intelectual-vivienda-inclusiva-768x512.jpg 768w\" sizes=\"(max-width: 900px) 100vw, 900px\" \/><\/figure>\n\n\n\n<p>El derecho de las personas con discapacidad intelectual (PDI) a <strong>vivir de forma independiente y a ser incluidas en la comunidad<\/strong> est\u00e1 reconocido en normativas internacionales como la Convenci\u00f3n sobre los Derechos de las Personas con Discapacidad. Sin embargo, la aplicaci\u00f3n de estos principios dista de ser una realidad.<\/p>\n\n\n\n<p><strong>M\u00f3nica Rodr\u00edguez-Enr\u00edquez <\/strong><\/p>\n\n\n\n<p><strong>Rub\u00e9n Gonz\u00e1lez-Rodr\u00edguez<\/strong><\/p>\n\n\n\n<p><strong>Universidad Implicada: <\/strong>Universidade de Vigo <\/p>\n","protected":false},"excerpt":{"rendered":"<p>Resumen de la comunicaci\u00f3n integrada en el libro de actas: Advances in Clinical Psychology Vol.5.<\/p>\n","protected":false},"author":1,"featured_media":1308,"comment_status":"open","ping_status":"open","sticky":false,"template":"","format":"standard","meta":{"_acf_changed":false,"footnotes":""},"categories":[4,14],"tags":[39,38,29,36,37],"class_list":["post-1307","post","type-post","status-publish","format-standard","has-post-thumbnail","hentry","category-noticias","category-noticias-sin-enlace","tag-barreras-politicas","tag-barreras-psicosociales","tag-discapacidad-intelectal-espana","tag-frihousing","tag-vivienda-inclusiva"],"acf":[],"_links":{"self":[{"href":"https:\/\/www.upo.es\/investiga\/frihousing\/wp-json\/wp\/v2\/posts\/1307","targetHints":{"allow":["GET"]}}],"collection":[{"href":"https:\/\/www.upo.es\/investiga\/frihousing\/wp-json\/wp\/v2\/posts"}],"about":[{"href":"https:\/\/www.upo.es\/investiga\/frihousing\/wp-json\/wp\/v2\/types\/post"}],"author":[{"embeddable":true,"href":"https:\/\/www.upo.es\/investiga\/frihousing\/wp-json\/wp\/v2\/users\/1"}],"replies":[{"embeddable":true,"href":"https:\/\/www.upo.es\/investiga\/frihousing\/wp-json\/wp\/v2\/comments?post=1307"}],"version-history":[{"count":1,"href":"https:\/\/www.upo.es\/investiga\/frihousing\/wp-json\/wp\/v2\/posts\/1307\/revisions"}],"predecessor-version":[{"id":1309,"href":"https:\/\/www.upo.es\/investiga\/frihousing\/wp-json\/wp\/v2\/posts\/1307\/revisions\/1309"}],"wp:featuredmedia":[{"embeddable":true,"href":"https:\/\/www.upo.es\/investiga\/frihousing\/wp-json\/wp\/v2\/media\/1308"}],"wp:attachment":[{"href":"https:\/\/www.upo.es\/investiga\/frihousing\/wp-json\/wp\/v2\/media?parent=1307"}],"wp:term":[{"taxonomy":"category","embeddable":true,"href":"https:\/\/www.upo.es\/investiga\/frihousing\/wp-json\/wp\/v2\/categories?post=1307"},{"taxonomy":"post_tag","embeddable":true,"href":"https:\/\/www.upo.es\/investiga\/frihousing\/wp-json\/wp\/v2\/tags?post=1307"}],"curies":[{"name":"wp","href":"https:\/\/api.w.org\/{rel}","templated":true}]}}