{"id":1410,"date":"2021-06-25T10:12:36","date_gmt":"2021-06-25T10:12:36","guid":{"rendered":"https:\/\/www.upo.es\/investiga\/globalhistory\/?p=1410"},"modified":"2021-06-25T10:32:16","modified_gmt":"2021-06-25T10:32:16","slug":"entrevista-al-profesor-bartolome-yun-upo-el-viernes-25-de-junio-de-2021-a-las-1900-horas-cest","status":"publish","type":"post","link":"https:\/\/www.upo.es\/investiga\/globalhistory\/en\/entrevista-al-profesor-bartolome-yun-upo-el-viernes-25-de-junio-de-2021-a-las-1900-horas-cest\/","title":{"rendered":"Interview with Professor Bartolom\u00e9 Yun (UPO) on Friday, June 25, 2021 at 7:00 p.m. (CEST)"},"content":{"rendered":"<p>Professor Bartolom\u00e9 Yun Casalilla (UPO) will be interviewed next Friday, June 25 at 7 p.m. (CEST), as part of the Jornadas Conjuntas de Historia, a program organized by La Escuela de Historia de la Universidad Nacional de C\u00f3rdoba (Argentina), entitled \u201cLa formaci\u00f3n de investigadores y docentes en Historia en la Universidad P\u00fablica\u201d (\u201cThe training of researchers and teachers in History at the Public University\u201d\u201d.<\/p>\n\n\n\n<p>In this event, the professor will talk about the Iberian Empires and the globalization of Europe, Global History, \ntrans-national history and the history of empires in the Early Modern period.<br>historia trans-nacional e Historia de los imperios en la temprana modernidad.<\/p>\n\n\n\n<p>If you wish to attend the event, you can do so without prior registration and through the <a href=\"https:\/\/www.youtube.com\/historiaunc\">Youtube channel of the Escuela de Historia<\/a>.<\/p>\n\n\n\n<p>For further information, please see the <a href=\"https:\/\/www.upo.es\/investiga\/globalhistory\/wp-content\/uploads\/2021\/06\/ConHistoria-2-cronograma-21_06.pdf\">full program <\/a>of the event.<\/p>\n\n\n\n<div class=\"wp-block-file\"><a href=\"https:\/\/www.upo.es\/investiga\/globalhistory\/wp-content\/uploads\/2021\/06\/ConHistoria-2-cronograma-21_06.pdf\">ConHistoria-2-cronograma-21_06<\/a><a href=\"https:\/\/www.upo.es\/investiga\/globalhistory\/wp-content\/uploads\/2021\/06\/ConHistoria-2-cronograma-21_06.pdf\" class=\"wp-block-file__button\" download>Descarga<\/a><\/div>","protected":false},"excerpt":{"rendered":"<p>El profesor Bartolom\u00e9 Yun Casalilla (UPO) ser\u00e1 entrevistado el pr\u00f3ximo viernes 25 de junio a las 19:00 horas (CEST), en el marco de las Jornadas Conjuntas de Historia, un programa organizado por La Escuela de Historia de la Universidad Nacional de C\u00f3rdoba (Argentina), que lleva por nombre \u201cLa formaci\u00f3n de [&hellip;]<\/p>","protected":false},"author":1,"featured_media":1412,"comment_status":"open","ping_status":"open","sticky":false,"template":"","format":"standard","meta":{"footnotes":""},"categories":[254,150,74,154,60,155],"tags":[246,159,589],"_links":{"self":[{"href":"https:\/\/www.upo.es\/investiga\/globalhistory\/en\/wp-json\/wp\/v2\/posts\/1410"}],"collection":[{"href":"https:\/\/www.upo.es\/investiga\/globalhistory\/en\/wp-json\/wp\/v2\/posts"}],"about":[{"href":"https:\/\/www.upo.es\/investiga\/globalhistory\/en\/wp-json\/wp\/v2\/types\/post"}],"author":[{"embeddable":true,"href":"https:\/\/www.upo.es\/investiga\/globalhistory\/en\/wp-json\/wp\/v2\/users\/1"}],"replies":[{"embeddable":true,"href":"https:\/\/www.upo.es\/investiga\/globalhistory\/en\/wp-json\/wp\/v2\/comments?post=1410"}],"version-history":[{"count":1,"href":"https:\/\/www.upo.es\/investiga\/globalhistory\/en\/wp-json\/wp\/v2\/posts\/1410\/revisions"}],"predecessor-version":[{"id":1413,"href":"https:\/\/www.upo.es\/investiga\/globalhistory\/en\/wp-json\/wp\/v2\/posts\/1410\/revisions\/1413"}],"wp:featuredmedia":[{"embeddable":true,"href":"https:\/\/www.upo.es\/investiga\/globalhistory\/en\/wp-json\/wp\/v2\/media\/1412"}],"wp:attachment":[{"href":"https:\/\/www.upo.es\/investiga\/globalhistory\/en\/wp-json\/wp\/v2\/media?parent=1410"}],"wp:term":[{"taxonomy":"category","embeddable":true,"href":"https:\/\/www.upo.es\/investiga\/globalhistory\/en\/wp-json\/wp\/v2\/categories?post=1410"},{"taxonomy":"post_tag","embeddable":true,"href":"https:\/\/www.upo.es\/investiga\/globalhistory\/en\/wp-json\/wp\/v2\/tags?post=1410"}],"curies":[{"name":"wp","href":"https:\/\/api.w.org\/{rel}","templated":true}]}}