{"id":1414,"date":"2021-06-28T10:05:00","date_gmt":"2021-06-28T10:05:00","guid":{"rendered":"https:\/\/www.upo.es\/investiga\/globalhistory\/?p=1414"},"modified":"2021-07-16T10:49:28","modified_gmt":"2021-07-16T10:49:28","slug":"el-profesor-jose-miguel-escribano-upo-comisario-de-la-exposicion-guerra-vivir-la-violencia-y-los-conflictos-en-la-navarra-de-1521-del-archivo-real-y-general-de-navarra","status":"publish","type":"post","link":"https:\/\/www.upo.es\/investiga\/globalhistory\/en\/el-profesor-jose-miguel-escribano-upo-comisario-de-la-exposicion-guerra-vivir-la-violencia-y-los-conflictos-en-la-navarra-de-1521-del-archivo-real-y-general-de-navarra\/","title":{"rendered":"Professor Jos\u00e9 Miguel Escribano (UPO), curator of the exhibition \"Guerra. Vivir la violencia y los conflictos en la Navarra de 1521\" of the Royal and General of Navarra"},"content":{"rendered":"<p>Professor <a href=\"https:\/\/www.upo.es\/investiga\/globalhistory\/en\/miembros\/jose-miguel-escribano-paez\/\">Jos\u00e9 Miguel Escribano P\u00e1ez<\/a> (UPO),  a member of the PAIDI research group History of Globalization, is the curator of the exhibition on the Battle of No\u00e1in (1521) at the Royal and General Archive of Navarre, inaugurated on 25th June.<\/p>\n\n\n\n<p>The professor of Early Modern History curates the exhibition that gathers documents and materials from the period, brought from different places, among which are the Royal and General Archive of Navarra, the General Archive of the Indies, the General Archive of Simancas, manuscripts from the Biblioth\u00e8que Nationale of France or the Archive of the Royal Chancellery of Valladolid. <\/p>\n\n\n\n<p>The exhibition aims to reflect on the historical event, as well as on the consequences it brought to Navarra at the time. To do so, it is divided into four blocks that narrate the development of the war itself, the echoes of the battle, the social implications, and the processes of peacebuilding after a violent episode. <\/p>\n\n\n\n<p>For further information, you can consult the<a href=\"https:\/\/www.upo.es\/investiga\/globalhistory\/wp-content\/uploads\/2021\/06\/Diario-de-Navarra.pdf\"> news<\/a> that echo the exhibition and the <a href=\"https:\/\/www.navarra.es\/home_es\/Temas\/Turismo+ocio+y+cultura\/Archivos\/Archivos\/Archivo+General+de+Navarra\/Historia\/Exposicion+Batalla+de+Noain.htm\">website of the Royal and General Archive of Navarra<\/a><\/p>\n\n\n\n<div class=\"wp-block-image\"><figure class=\"aligncenter size-large\"><img loading=\"lazy\" decoding=\"async\" width=\"645\" height=\"359\" src=\"https:\/\/www.upo.es\/investiga\/globalhistory\/wp-content\/uploads\/2021\/06\/escribano-navarra.jpg\" alt=\"\" class=\"wp-image-1416\" srcset=\"https:\/\/www.upo.es\/investiga\/globalhistory\/wp-content\/uploads\/2021\/06\/escribano-navarra.jpg 645w, https:\/\/www.upo.es\/investiga\/globalhistory\/wp-content\/uploads\/2021\/06\/escribano-navarra-300x167.jpg 300w, https:\/\/www.upo.es\/investiga\/globalhistory\/wp-content\/uploads\/2021\/06\/escribano-navarra-16x9.jpg 16w\" sizes=\"(max-width: 645px) 100vw, 645px\" \/><figcaption>Professor Jos\u00e9 Miguel Escribano P\u00e1ez outside the Royal and General Archive of Navarra. Photo  of<a href=\"https:\/\/www.diariodenavarra.es\/noticias\/cultura-ocio\/cultura\/2021\/06\/25\/batalla-noain-cuando-viene-guerra-encima-731449-1034.html\"> Diario de Navarra<\/a><\/figcaption><\/figure><\/div>\n\n\n\n<div class=\"wp-block-file\"><a href=\"https:\/\/www.upo.es\/investiga\/globalhistory\/wp-content\/uploads\/2021\/06\/Diario-de-Navarra.pdf\">Diario-de-Navarra<\/a><a href=\"https:\/\/www.upo.es\/investiga\/globalhistory\/wp-content\/uploads\/2021\/06\/Diario-de-Navarra.pdf\" class=\"wp-block-file__button\" download>Descarga<\/a><\/div>","protected":false},"excerpt":{"rendered":"<p>El profesor Jos\u00e9 Miguel Escribano P\u00e1ez (UPO), miembro del grupo PAI-HUM 1000 Historia de la Globalizaci\u00f3n, es el comisario de la exposici\u00f3n sobre la batalla de No\u00e1in (1521) en el Archivo Real y General de Navarra, inaugurada el d\u00eda 25 de junio de 2021. El profesor de Historia Moderna comisiona [&hellip;]<\/p>","protected":false},"author":1,"featured_media":1415,"comment_status":"open","ping_status":"open","sticky":false,"template":"","format":"standard","meta":{"footnotes":""},"categories":[254,60,156],"tags":[592,591,590],"_links":{"self":[{"href":"https:\/\/www.upo.es\/investiga\/globalhistory\/en\/wp-json\/wp\/v2\/posts\/1414"}],"collection":[{"href":"https:\/\/www.upo.es\/investiga\/globalhistory\/en\/wp-json\/wp\/v2\/posts"}],"about":[{"href":"https:\/\/www.upo.es\/investiga\/globalhistory\/en\/wp-json\/wp\/v2\/types\/post"}],"author":[{"embeddable":true,"href":"https:\/\/www.upo.es\/investiga\/globalhistory\/en\/wp-json\/wp\/v2\/users\/1"}],"replies":[{"embeddable":true,"href":"https:\/\/www.upo.es\/investiga\/globalhistory\/en\/wp-json\/wp\/v2\/comments?post=1414"}],"version-history":[{"count":2,"href":"https:\/\/www.upo.es\/investiga\/globalhistory\/en\/wp-json\/wp\/v2\/posts\/1414\/revisions"}],"predecessor-version":[{"id":1420,"href":"https:\/\/www.upo.es\/investiga\/globalhistory\/en\/wp-json\/wp\/v2\/posts\/1414\/revisions\/1420"}],"wp:featuredmedia":[{"embeddable":true,"href":"https:\/\/www.upo.es\/investiga\/globalhistory\/en\/wp-json\/wp\/v2\/media\/1415"}],"wp:attachment":[{"href":"https:\/\/www.upo.es\/investiga\/globalhistory\/en\/wp-json\/wp\/v2\/media?parent=1414"}],"wp:term":[{"taxonomy":"category","embeddable":true,"href":"https:\/\/www.upo.es\/investiga\/globalhistory\/en\/wp-json\/wp\/v2\/categories?post=1414"},{"taxonomy":"post_tag","embeddable":true,"href":"https:\/\/www.upo.es\/investiga\/globalhistory\/en\/wp-json\/wp\/v2\/tags?post=1414"}],"curies":[{"name":"wp","href":"https:\/\/api.w.org\/{rel}","templated":true}]}}