{"id":1783,"date":"2022-10-27T13:59:28","date_gmt":"2022-10-27T13:59:28","guid":{"rendered":"https:\/\/www.upo.es\/investiga\/globalhistory\/?p=1783"},"modified":"2022-10-27T14:06:21","modified_gmt":"2022-10-27T14:06:21","slug":"entrevista-al-profesor-bartolome-yun-upo-por-el-diario-vasco-sobre-su-participacion-en-el-congreso-elkano22-circunnavegando-la-historia-donostia-19-21-de-octubre-de-2022","status":"publish","type":"post","link":"https:\/\/www.upo.es\/investiga\/globalhistory\/en\/entrevista-al-profesor-bartolome-yun-upo-por-el-diario-vasco-sobre-su-participacion-en-el-congreso-elkano22-circunnavegando-la-historia-donostia-19-21-de-octubre-de-2022\/","title":{"rendered":"Entrevista al profesor Bartolom\u00e9 Yun (UPO) por El Diario Vasco sobre su participaci\u00f3n en el congreso Elkano\u201922. Circunnavegando la historia, Donostia, 19-21 de octubre de 2022"},"content":{"rendered":"<p>Bartolom\u00e9 Yun Casalilla, catedr\u00e1tico de Historia Moderna de la UPO e Investigador Principal del proyecto \u201cEn busca de aristocracias atl\u00e1nticas. Am\u00e9ricas y las \u00e9lites en la Espa\u00f1a peninsular, 1492-1824\u201d (ref: UPO-FEDER 1264973), fue entrevistado el pasado jueves 20 de octubre de 2022 por <em>El Diario Vasco<\/em> al calor de su conferencia \u201cHistoria global e historia de la globalizaci\u00f3n. Problemas, presente y usos\u201d, que inaugur\u00f3 el congreso <em>Elkano\u201922. Circunnavegando la historia<\/em>, celebrado en Donostia.&nbsp;<\/p>\n\n\n\n<p>En la entrevista, Yun reflexion\u00f3 sobre la contribuci\u00f3n vasca a la primera circunnavegaci\u00f3n del mundo, contextualiz\u00e1ndola en un marco m\u00e1s amplio relativo a la construcci\u00f3n de las narraciones de la historia global. La entrevista puede consultarse en el siguiente <a href=\"https:\/\/www.upo.es\/investiga\/globalhistory\/wp-content\/uploads\/2022\/10\/Entrevista-Yun.-El-Diario-Vasco.Oct_.-2022..pdfl\">link<\/a>.<\/p>\n\n\n\n<p>El congreso <em>Elkano\u201922. Circunnavegando la historia<\/em>, promovido por la Fundaci\u00f3n Elkano y organizado en colaboraci\u00f3n con la UPV\/EHU, tuvo lugar entre los d\u00edas 19 y 21 de octubre. En el mismo se reunieron diversos especialistas internacionales sobre la Primera Globalizaci\u00f3n. Para m\u00e1s informaci\u00f3n sobre el evento, se puede consultar el siguiente <a href=\"https:\/\/elkanofundazioa.eus\/proyectos-2\/congreso-internacional-elkano22-circunnavegando-la-historia\">link<\/a>.<\/p>\n\n\n\n<div class=\"wp-block-file\"><a href=\"https:\/\/www.upo.es\/investiga\/globalhistory\/wp-content\/uploads\/2022\/10\/Entrevista-Yun.-El-Diario-Vasco.Oct_.-2022..pdf\">Entrevista-Yun.-El-Diario-Vasco.Oct_.-2022.<\/a><a href=\"https:\/\/www.upo.es\/investiga\/globalhistory\/wp-content\/uploads\/2022\/10\/Entrevista-Yun.-El-Diario-Vasco.Oct_.-2022..pdf\" class=\"wp-block-file__button\" download>Descarga<\/a><\/div>\n\n\n\n<p><\/p>","protected":false},"excerpt":{"rendered":"<p>Bartolom\u00e9 Yun Casalilla, catedr\u00e1tico de Historia Moderna de la UPO e Investigador Principal del proyecto \u201cEn busca de aristocracias atl\u00e1nticas. Am\u00e9ricas y las \u00e9lites en la Espa\u00f1a peninsular, 1492-1824\u201d (ref: UPO-FEDER 1264973), fue entrevistado el pasado jueves 20 de octubre de 2022 por El Diario Vasco al calor de su [&hellip;]<\/p>","protected":false},"author":1,"featured_media":1784,"comment_status":"open","ping_status":"open","sticky":false,"template":"","format":"standard","meta":{"footnotes":""},"categories":[254,74,154,60,156],"tags":[246],"_links":{"self":[{"href":"https:\/\/www.upo.es\/investiga\/globalhistory\/en\/wp-json\/wp\/v2\/posts\/1783"}],"collection":[{"href":"https:\/\/www.upo.es\/investiga\/globalhistory\/en\/wp-json\/wp\/v2\/posts"}],"about":[{"href":"https:\/\/www.upo.es\/investiga\/globalhistory\/en\/wp-json\/wp\/v2\/types\/post"}],"author":[{"embeddable":true,"href":"https:\/\/www.upo.es\/investiga\/globalhistory\/en\/wp-json\/wp\/v2\/users\/1"}],"replies":[{"embeddable":true,"href":"https:\/\/www.upo.es\/investiga\/globalhistory\/en\/wp-json\/wp\/v2\/comments?post=1783"}],"version-history":[{"count":2,"href":"https:\/\/www.upo.es\/investiga\/globalhistory\/en\/wp-json\/wp\/v2\/posts\/1783\/revisions"}],"predecessor-version":[{"id":1787,"href":"https:\/\/www.upo.es\/investiga\/globalhistory\/en\/wp-json\/wp\/v2\/posts\/1783\/revisions\/1787"}],"wp:featuredmedia":[{"embeddable":true,"href":"https:\/\/www.upo.es\/investiga\/globalhistory\/en\/wp-json\/wp\/v2\/media\/1784"}],"wp:attachment":[{"href":"https:\/\/www.upo.es\/investiga\/globalhistory\/en\/wp-json\/wp\/v2\/media?parent=1783"}],"wp:term":[{"taxonomy":"category","embeddable":true,"href":"https:\/\/www.upo.es\/investiga\/globalhistory\/en\/wp-json\/wp\/v2\/categories?post=1783"},{"taxonomy":"post_tag","embeddable":true,"href":"https:\/\/www.upo.es\/investiga\/globalhistory\/en\/wp-json\/wp\/v2\/tags?post=1783"}],"curies":[{"name":"wp","href":"https:\/\/api.w.org\/{rel}","templated":true}]}}