{"id":1868,"date":"2023-03-13T11:15:52","date_gmt":"2023-03-13T11:15:52","guid":{"rendered":"https:\/\/www.upo.es\/investiga\/globalhistory\/?p=1868"},"modified":"2023-03-13T11:26:06","modified_gmt":"2023-03-13T11:26:06","slug":"proximo-seminario-sobre-perspectivas-de-genero-en-la-actualidad-con-motivo-del-8m-el-proximo-jueves-16-de-marzo-a-las-1700-h-cet","status":"publish","type":"post","link":"https:\/\/www.upo.es\/investiga\/globalhistory\/en\/proximo-seminario-sobre-perspectivas-de-genero-en-la-actualidad-con-motivo-del-8m-el-proximo-jueves-16-de-marzo-a-las-1700-h-cet\/","title":{"rendered":"Pr\u00f3ximo seminario sobre perspectivas de g\u00e9nero en la investigaci\u00f3n actual con motivo del 8M, el pr\u00f3ximo jueves 16 de marzo a las 17:00 h. (CET)"},"content":{"rendered":"<p>El pr\u00f3ximo jueves 16 de marzo, a las 17:00 h. (CET), en la Sede UPO Centro, tendr\u00e1 lugar el Seminario de Perspectivas de G\u00e9nero para la Investigaci\u00f3n Actual, una sesi\u00f3n promovida por el ProyectoFEDER-UPO-1380997,\u00bbG\u00e9nero y etnia en el istmo de Panam\u00e1, 1500-1700, y en otros \u00e1mbitos\u00bb, en colaboraci\u00f3n con el grupo PAI HUM 1000 \u00abHistoria de la Globalizaci\u00f3n\u00bb, el CINEF y la Escuela Doctoral UPO.<\/p>\n\n\n\n<p>El evento contar\u00e1 con la siguiente estructura:<\/p>\n\n\n\n<p class=\"has-text-align-left\"><strong>17:00<\/strong> Bienvenida a cargo de Bethany Aram (UPO) <br><strong>17:10<\/strong> Sara Vicu\u00f1a Guengerich (Texas Tech University): \u201cLas mujeres ind\u00edgenas en la historia global, siglos XVI-XVII\u201d<br><strong>17:50 <\/strong>Jorge D\u00edaz Ceballos (UPO): \u201cTequinas y venenos. Medicina ind\u00edgena y justicia en el imperio espa\u00f1ol\u201d<br><strong>18:30 <\/strong>Comentario a cargo de M\u00aa Soledad G\u00f3mez Navarro(Universidad de C\u00f3rdoba)<br><strong>18:45<\/strong> Debate<\/p>\n\n\n\n<p>El evento puede seguirse tanto de forma presencial en la Sede UPO Centro de Sevilla como de forma online a trav\u00e9s del siguiente enlace:<\/p>\n\n\n\n<p class=\"has-text-align-center\"><a href=\"https:\/\/eu.bbcollab.com\/collab\/ui\/session\/guest\/b8b235831a10403aa8e44cb83f6b7db0\">https:\/\/eu.bbcollab.com\/collab\/ui\/session\/guest\/b8b235831a10403aa8e44cb83f6b7db0<\/a><\/p>\n\n\n\n<p>Puede consultar el programa completo de la actividad <a href=\"https:\/\/www.upo.es\/investiga\/globalhistory\/wp-content\/uploads\/2023\/03\/Seminario-genero-16-marzo.pdf\">aqu\u00ed<\/a>. <\/p>\n\n\n\n<div class=\"wp-block-file\"><a href=\"https:\/\/www.upo.es\/investiga\/globalhistory\/wp-content\/uploads\/2023\/03\/Seminario-genero-16-marzo.pdf\">Seminario-genero-16-marzo<\/a><a href=\"https:\/\/www.upo.es\/investiga\/globalhistory\/wp-content\/uploads\/2023\/03\/Seminario-genero-16-marzo.pdf\" class=\"wp-block-file__button\" download>Descarga<\/a><\/div>","protected":false},"excerpt":{"rendered":"<p>El pr\u00f3ximo jueves 16 de marzo, a las 17:00 h. (CET), en la Sede UPO Centro, tendr\u00e1 lugar el Seminario de Perspectivas de G\u00e9nero para la Investigaci\u00f3n Actual, una sesi\u00f3n promovida por el ProyectoFEDER-UPO-1380997,\u00bbG\u00e9nero y etnia en el istmo de Panam\u00e1, 1500-1700, y en otros \u00e1mbitos\u00bb, en colaboraci\u00f3n con el [&hellip;]<\/p>","protected":false},"author":1,"featured_media":1827,"comment_status":"open","ping_status":"open","sticky":false,"template":"","format":"standard","meta":{"footnotes":""},"categories":[150,151],"tags":[108,136,601],"_links":{"self":[{"href":"https:\/\/www.upo.es\/investiga\/globalhistory\/en\/wp-json\/wp\/v2\/posts\/1868"}],"collection":[{"href":"https:\/\/www.upo.es\/investiga\/globalhistory\/en\/wp-json\/wp\/v2\/posts"}],"about":[{"href":"https:\/\/www.upo.es\/investiga\/globalhistory\/en\/wp-json\/wp\/v2\/types\/post"}],"author":[{"embeddable":true,"href":"https:\/\/www.upo.es\/investiga\/globalhistory\/en\/wp-json\/wp\/v2\/users\/1"}],"replies":[{"embeddable":true,"href":"https:\/\/www.upo.es\/investiga\/globalhistory\/en\/wp-json\/wp\/v2\/comments?post=1868"}],"version-history":[{"count":2,"href":"https:\/\/www.upo.es\/investiga\/globalhistory\/en\/wp-json\/wp\/v2\/posts\/1868\/revisions"}],"predecessor-version":[{"id":1872,"href":"https:\/\/www.upo.es\/investiga\/globalhistory\/en\/wp-json\/wp\/v2\/posts\/1868\/revisions\/1872"}],"wp:featuredmedia":[{"embeddable":true,"href":"https:\/\/www.upo.es\/investiga\/globalhistory\/en\/wp-json\/wp\/v2\/media\/1827"}],"wp:attachment":[{"href":"https:\/\/www.upo.es\/investiga\/globalhistory\/en\/wp-json\/wp\/v2\/media?parent=1868"}],"wp:term":[{"taxonomy":"category","embeddable":true,"href":"https:\/\/www.upo.es\/investiga\/globalhistory\/en\/wp-json\/wp\/v2\/categories?post=1868"},{"taxonomy":"post_tag","embeddable":true,"href":"https:\/\/www.upo.es\/investiga\/globalhistory\/en\/wp-json\/wp\/v2\/tags?post=1868"}],"curies":[{"name":"wp","href":"https:\/\/api.w.org\/{rel}","templated":true}]}}