{"id":2476,"date":"2025-05-06T11:14:20","date_gmt":"2025-05-06T11:14:20","guid":{"rendered":"https:\/\/www.upo.es\/investiga\/globalhistory\/?p=2476"},"modified":"2025-05-06T11:14:22","modified_gmt":"2025-05-06T11:14:22","slug":"proxima-sesion-del-seminario-permanente-los-mundos-ibericos-y-la-globalizacion-temprana-el-miercoles-14-de-mayo-a-las-1700-h-cest","status":"publish","type":"post","link":"https:\/\/www.upo.es\/investiga\/globalhistory\/en\/proxima-sesion-del-seminario-permanente-los-mundos-ibericos-y-la-globalizacion-temprana-el-miercoles-14-de-mayo-a-las-1700-h-cest\/","title":{"rendered":"Pr\u00f3xima sesi\u00f3n del\u00a0Seminario\u00a0Permanente\u00a0\u00abLos mundos ib\u00e9ricos y la globalizaci\u00f3n temprana\u00bb el miercoles 14 de mayo a las 17:00 h. (CEST)"},"content":{"rendered":"<p>El pr\u00f3ximo mi\u00e9rcoles 14 de mayo de 2025, a las 17:00 horas (CEST), contaremos con una nueva edici\u00f3n del Seminario Permanente \u00abLos mundos ib\u00e9ricos y la globalizaci\u00f3n temprana\u00bb con la presencia de la Prof. Susana Fr\u00edas (Academia Nacional de la Historia, Argentina) con una ponencia titulada  \u00abUn archivo para la globalizacion temprana. Archivo Hist\u00f3rico de la Provincia Dominica Argentina\u00bb y del Prof. Matteo Binasco (Universit\u00e0 per Stranieri di Siena), que presentar\u00e1 \u00abAll over the world. The archives of Propaganda Fide as a source for global missionary history\u00bb.<\/p>\n\n\n\n<p>La sesi\u00f3n tambi\u00e9n contar\u00e1 con los comentarios del Profesor Omar Svriz Wucherer (Universidad de La Laguna).<\/p>\n\n\n\n<p>El Prof. Igor P\u00e9rez Tostado (UPO) moderar\u00e1 la sesi\u00f3n que podr\u00e1 seguirse tanto en el campus de la UPO (Aula 4, Edificio 3), como por la plataforma Zoom&nbsp;a trav\u00e9s del siguiente enlace:<\/p>\n\n\n\n<figure class=\"wp-block-embed\"><div class=\"wp-block-embed__wrapper\">\nhttps:\/\/shorturl.at\/Dmkzg\n<\/div><\/figure>\n\n\n\n<p><\/p>\n\n\n\n<p>Para m\u00e1s informaci\u00f3n, puede consultar el programa\u00a0<a href=\"https:\/\/www.upo.es\/investiga\/globalhistory\/wp-content\/uploads\/2025\/05\/SP-14-V-2025.pdf\">aqu\u00ed<\/a>.<\/p>","protected":false},"excerpt":{"rendered":"<p>El pr\u00f3ximo mi\u00e9rcoles 14 de mayo de 2025, a las 17:00 horas (CEST), contaremos con una nueva edici\u00f3n del Seminario Permanente \u00abLos mundos ib\u00e9ricos y la globalizaci\u00f3n temprana\u00bb con la presencia de la Prof. Susana Fr\u00edas (Academia Nacional de la Historia, Argentina) con una ponencia titulada \u00abUn archivo para la [&hellip;]<\/p>","protected":false},"author":1,"featured_media":2477,"comment_status":"open","ping_status":"open","sticky":false,"template":"","format":"standard","meta":{"footnotes":""},"categories":[1],"tags":[],"_links":{"self":[{"href":"https:\/\/www.upo.es\/investiga\/globalhistory\/en\/wp-json\/wp\/v2\/posts\/2476"}],"collection":[{"href":"https:\/\/www.upo.es\/investiga\/globalhistory\/en\/wp-json\/wp\/v2\/posts"}],"about":[{"href":"https:\/\/www.upo.es\/investiga\/globalhistory\/en\/wp-json\/wp\/v2\/types\/post"}],"author":[{"embeddable":true,"href":"https:\/\/www.upo.es\/investiga\/globalhistory\/en\/wp-json\/wp\/v2\/users\/1"}],"replies":[{"embeddable":true,"href":"https:\/\/www.upo.es\/investiga\/globalhistory\/en\/wp-json\/wp\/v2\/comments?post=2476"}],"version-history":[{"count":4,"href":"https:\/\/www.upo.es\/investiga\/globalhistory\/en\/wp-json\/wp\/v2\/posts\/2476\/revisions"}],"predecessor-version":[{"id":2481,"href":"https:\/\/www.upo.es\/investiga\/globalhistory\/en\/wp-json\/wp\/v2\/posts\/2476\/revisions\/2481"}],"wp:featuredmedia":[{"embeddable":true,"href":"https:\/\/www.upo.es\/investiga\/globalhistory\/en\/wp-json\/wp\/v2\/media\/2477"}],"wp:attachment":[{"href":"https:\/\/www.upo.es\/investiga\/globalhistory\/en\/wp-json\/wp\/v2\/media?parent=2476"}],"wp:term":[{"taxonomy":"category","embeddable":true,"href":"https:\/\/www.upo.es\/investiga\/globalhistory\/en\/wp-json\/wp\/v2\/categories?post=2476"},{"taxonomy":"post_tag","embeddable":true,"href":"https:\/\/www.upo.es\/investiga\/globalhistory\/en\/wp-json\/wp\/v2\/tags?post=2476"}],"curies":[{"name":"wp","href":"https:\/\/api.w.org\/{rel}","templated":true}]}}