{"id":452,"date":"2018-04-26T06:48:06","date_gmt":"2018-04-26T06:48:06","guid":{"rendered":"https:\/\/www.upo.es\/investiga\/globalhistory\/?p=452"},"modified":"2018-04-26T08:40:03","modified_gmt":"2018-04-26T08:40:03","slug":"26-04-2018-publicacion-del-libro-pensar-en-el-poder-obra-de-bartolome-yun-y-jorge-luengo","status":"publish","type":"post","link":"https:\/\/www.upo.es\/investiga\/globalhistory\/en\/26-04-2018-publicacion-del-libro-pensar-en-el-poder-obra-de-bartolome-yun-y-jorge-luengo\/","title":{"rendered":"26\/04\/2018 Publicaci\u00f3n del libro \u00abPensar en el poder\u00bb, obra de Bartolom\u00e9 Yun y Jorge Luengo"},"content":{"rendered":"<p>Bartolom\u00e9 \u00a0Yun Casalilla, miembro del equipo, ha editado junto con Jorge Luengo (Universidad Pompeu Fabra) el libro \u00abPensar en el poder\u00bb (Universidad de Valencia) que aborda el tema del ejercicio del poder por parte de las \u00e9lites de las \u00e9lites espa\u00f1olas del siglo XIX en sus diversas manifestaciones: la din\u00e1mica interna de esas \u00e9lites, la forma en que construyen la memoria colectiva, los discursos de delimitaci\u00f3n de sus \u00e1reas de influencia (regionales, locales, etc.) y otros. El libro, asimismo, se centra en algunos de los temas a los que ha dedicado su atenci\u00f3n en el catedr\u00e1tico de Historia Contempor\u00e1nea de la Universidad de Valladolid Pedro Carasa, a quien se le dedica el volumen.<\/p>\n<p><img loading=\"lazy\" decoding=\"async\" class=\"size-medium wp-image-456 aligncenter\" src=\"https:\/\/www.upo.es\/investiga\/globalhistory\/wp-content\/uploads\/2018\/04\/pensar-el-poder-215x300.jpg\" alt=\"\" width=\"215\" height=\"300\" srcset=\"https:\/\/www.upo.es\/investiga\/globalhistory\/wp-content\/uploads\/2018\/04\/pensar-el-poder-215x300.jpg 215w, https:\/\/www.upo.es\/investiga\/globalhistory\/wp-content\/uploads\/2018\/04\/pensar-el-poder.jpg 300w\" sizes=\"(max-width: 215px) 100vw, 215px\" \/><\/p>\n<p>Para adquirir un volumen, pinche <a href=\"http:\/\/puv.uv.es\/pensar-el-poder-liber-amicorum-de-pedro-carasa.html\">aqu\u00ed<\/a>.<\/p>","protected":false},"excerpt":{"rendered":"<p>Bartolom\u00e9 \u00a0Yun Casalilla, miembro del equipo, ha editado junto con Jorge Luengo (Universidad Pompeu Fabra) el libro \u00abPensar en el poder\u00bb (Universidad de Valencia) que aborda el tema del ejercicio del poder por parte de las \u00e9lites de las \u00e9lites espa\u00f1olas del siglo XIX en sus diversas manifestaciones: la din\u00e1mica [&hellip;]<\/p>","protected":false},"author":1,"featured_media":0,"comment_status":"open","ping_status":"open","sticky":false,"template":"","format":"standard","meta":{"footnotes":""},"categories":[60],"tags":[61,72,63,66,55,67,68,71,65,69,64,70,73,62],"_links":{"self":[{"href":"https:\/\/www.upo.es\/investiga\/globalhistory\/en\/wp-json\/wp\/v2\/posts\/452"}],"collection":[{"href":"https:\/\/www.upo.es\/investiga\/globalhistory\/en\/wp-json\/wp\/v2\/posts"}],"about":[{"href":"https:\/\/www.upo.es\/investiga\/globalhistory\/en\/wp-json\/wp\/v2\/types\/post"}],"author":[{"embeddable":true,"href":"https:\/\/www.upo.es\/investiga\/globalhistory\/en\/wp-json\/wp\/v2\/users\/1"}],"replies":[{"embeddable":true,"href":"https:\/\/www.upo.es\/investiga\/globalhistory\/en\/wp-json\/wp\/v2\/comments?post=452"}],"version-history":[{"count":3,"href":"https:\/\/www.upo.es\/investiga\/globalhistory\/en\/wp-json\/wp\/v2\/posts\/452\/revisions"}],"predecessor-version":[{"id":458,"href":"https:\/\/www.upo.es\/investiga\/globalhistory\/en\/wp-json\/wp\/v2\/posts\/452\/revisions\/458"}],"wp:attachment":[{"href":"https:\/\/www.upo.es\/investiga\/globalhistory\/en\/wp-json\/wp\/v2\/media?parent=452"}],"wp:term":[{"taxonomy":"category","embeddable":true,"href":"https:\/\/www.upo.es\/investiga\/globalhistory\/en\/wp-json\/wp\/v2\/categories?post=452"},{"taxonomy":"post_tag","embeddable":true,"href":"https:\/\/www.upo.es\/investiga\/globalhistory\/en\/wp-json\/wp\/v2\/tags?post=452"}],"curies":[{"name":"wp","href":"https:\/\/api.w.org\/{rel}","templated":true}]}}