{"id":547,"date":"2018-07-03T11:50:12","date_gmt":"2018-07-03T11:50:12","guid":{"rendered":"https:\/\/www.upo.es\/investiga\/globalhistory\/?p=547"},"modified":"2018-07-04T10:54:57","modified_gmt":"2018-07-04T10:54:57","slug":"enero-mayo-2018-ciclo-internacional-de-conferencias-curso-2017-2018-organizado-por-el-master-universitario-en-historia-y-humanidades-digitales","status":"publish","type":"post","link":"https:\/\/www.upo.es\/investiga\/globalhistory\/en\/enero-mayo-2018-ciclo-internacional-de-conferencias-curso-2017-2018-organizado-por-el-master-universitario-en-historia-y-humanidades-digitales\/","title":{"rendered":"Enero-Mayo 2018. Ciclo Internacional de Conferencias (curso 2017-2018) organizado por el M\u00e1ster Universitario en Historia y Humanidades Digitales"},"content":{"rendered":"<p>Durante primer semestre 2018 se celebr\u00f3 el Ciclo Internacional de Conferencias organizado por el M\u00e1ster Universitario en Historia y Humanidades Digitales de la Universidad Pablo de Olavide en su edici\u00f3n del curso 2017-2018. Cont\u00f3 con tres sesiones en las que intervinieron los se\u00f1ores Josep Borrell Fontelles (ex presidente del Parlamento Europeo Y catedr\u00e1tico Jean Monnet de la Universidad Complutense de Madrid), Andr\u00e9s Carretero P\u00e9rez (director del Museo Arqueol\u00f3gico Nacional), Manuel Ravina Mart\u00edn (director del Archivo General de Indias) y Manuel \u00c1lvarez Casado (Archivero Facultativo del Archivo General de Indias). Todas estas ponencias integraron una parte importante del plan formativo de los alumnos de estos estudios de posgrado. A continuaci\u00f3n adjuntamos el v\u00eddeo de la conferencia de apertura de dicho ciclo, que tuvo por t\u00edtulo \u201cEuropa, entre la integraci\u00f3n y la desintegraci\u00f3n\u201d y fue impartida por Josep Borrell. Presentan al conferenciante, Bartolom\u00e9 Yun Casalilla y Manuel D\u00edaz Ord\u00f3\u00f1ez, codirectores del M\u00e1ster.<\/p>\n<p><iframe loading=\"lazy\" title=\"Josep Borrell: &#039;Europa, entre la integraci\u00f3n y la desintegraci\u00f3n&#039;\" width=\"750\" height=\"422\" src=\"https:\/\/www.youtube.com\/embed\/EMB1pBkED28?feature=oembed\" frameborder=\"0\" allow=\"accelerometer; autoplay; clipboard-write; encrypted-media; gyroscope; picture-in-picture\" allowfullscreen><\/iframe><\/p>\n<p>&nbsp;<\/p>","protected":false},"excerpt":{"rendered":"<p>Durante primer semestre 2018 se celebr\u00f3 el Ciclo Internacional de Conferencias organizado por el M\u00e1ster Universitario en Historia y Humanidades Digitales de la Universidad Pablo de Olavide en su edici\u00f3n del curso 2017-2018. Cont\u00f3 con tres sesiones en las que intervinieron los se\u00f1ores Josep Borrell Fontelles (ex presidente del Parlamento [&hellip;]<\/p>","protected":false},"author":1,"featured_media":0,"comment_status":"open","ping_status":"open","sticky":false,"template":"","format":"standard","meta":{"footnotes":""},"categories":[25],"tags":[128,129,130,46],"_links":{"self":[{"href":"https:\/\/www.upo.es\/investiga\/globalhistory\/en\/wp-json\/wp\/v2\/posts\/547"}],"collection":[{"href":"https:\/\/www.upo.es\/investiga\/globalhistory\/en\/wp-json\/wp\/v2\/posts"}],"about":[{"href":"https:\/\/www.upo.es\/investiga\/globalhistory\/en\/wp-json\/wp\/v2\/types\/post"}],"author":[{"embeddable":true,"href":"https:\/\/www.upo.es\/investiga\/globalhistory\/en\/wp-json\/wp\/v2\/users\/1"}],"replies":[{"embeddable":true,"href":"https:\/\/www.upo.es\/investiga\/globalhistory\/en\/wp-json\/wp\/v2\/comments?post=547"}],"version-history":[{"count":4,"href":"https:\/\/www.upo.es\/investiga\/globalhistory\/en\/wp-json\/wp\/v2\/posts\/547\/revisions"}],"predecessor-version":[{"id":562,"href":"https:\/\/www.upo.es\/investiga\/globalhistory\/en\/wp-json\/wp\/v2\/posts\/547\/revisions\/562"}],"wp:attachment":[{"href":"https:\/\/www.upo.es\/investiga\/globalhistory\/en\/wp-json\/wp\/v2\/media?parent=547"}],"wp:term":[{"taxonomy":"category","embeddable":true,"href":"https:\/\/www.upo.es\/investiga\/globalhistory\/en\/wp-json\/wp\/v2\/categories?post=547"},{"taxonomy":"post_tag","embeddable":true,"href":"https:\/\/www.upo.es\/investiga\/globalhistory\/en\/wp-json\/wp\/v2\/tags?post=547"}],"curies":[{"name":"wp","href":"https:\/\/api.w.org\/{rel}","templated":true}]}}