{"id":1203,"date":"2021-04-22T10:37:48","date_gmt":"2021-04-22T10:37:48","guid":{"rendered":"https:\/\/www.upo.es\/investiga\/globalhistory\/?p=1203"},"modified":"2021-04-23T09:07:49","modified_gmt":"2021-04-23T09:07:49","slug":"igor-perez-tostado-publica-ireland-and-the-iberian-atlantic-migration-military-and-the-material-culture","status":"publish","type":"post","link":"https:\/\/www.upo.es\/investiga\/globalhistory\/igor-perez-tostado-publica-ireland-and-the-iberian-atlantic-migration-military-and-the-material-culture\/","title":{"rendered":"Video presentaci\u00f3n del libro Ireland and the Iberian Atlantic: migration, military and the material culture."},"content":{"rendered":"\n<p>El volumen, coeditado por Igor P\u00e9rez Tostado de la Universidad Pablo de Olavide y por Declan M. Downey de la University College of Dublin, recoge el trabajo de m\u00e1s de 30 especialistas internacionales dedicados a estudiar la comunidad irlandesa y su emigraci\u00f3n hacia la Monarqu\u00eda Hisp\u00e1nica durante \u00c9poca Moderna. <\/p>\n\n\n\n<p>En este trabajo, los investigadores hacen un esfuerzo por trascender los l\u00edmites geogr\u00e1ficos marcados en el primer volumen, ya que se recogen las haza\u00f1as en territorios de Asia y del Pac\u00edfico adem\u00e1s de las de territorios europeos, americanos y africanos. Adem\u00e1s, se amplia el campo de estudio y se plasman otras figuras de la emigraci\u00f3n irlandesa.<\/p>\n\n\n\n<figure class=\"wp-block-embed is-type-video is-provider-youtube wp-block-embed-youtube wp-embed-aspect-16-9 wp-has-aspect-ratio\"><div class=\"wp-block-embed__wrapper\">\n<iframe loading=\"lazy\" title=\"Ireland and the Iberian Atlantic\" width=\"750\" height=\"422\" src=\"https:\/\/www.youtube.com\/embed\/e5ziAJ5eHUQ?feature=oembed\" frameborder=\"0\" allow=\"accelerometer; autoplay; clipboard-write; encrypted-media; gyroscope; picture-in-picture\" allowfullscreen><\/iframe>\n<\/div><\/figure>\n","protected":false},"excerpt":{"rendered":"<p>El volumen, coeditado por Igor P\u00e9rez Tostado de la Universidad Pablo de Olavide y por Declan M. Downey de la University College of Dublin, recoge el trabajo de m\u00e1s de 30 especialistas internacionales dedicados a estudiar la comunidad irlandesa y su emigraci\u00f3n hacia la Monarqu\u00eda Hisp\u00e1nica durante \u00c9poca Moderna. En [&hellip;]<\/p>\n","protected":false},"author":1,"featured_media":1238,"comment_status":"open","ping_status":"open","sticky":false,"template":"","format":"standard","meta":{"footnotes":""},"categories":[1],"tags":[266,144],"_links":{"self":[{"href":"https:\/\/www.upo.es\/investiga\/globalhistory\/wp-json\/wp\/v2\/posts\/1203"}],"collection":[{"href":"https:\/\/www.upo.es\/investiga\/globalhistory\/wp-json\/wp\/v2\/posts"}],"about":[{"href":"https:\/\/www.upo.es\/investiga\/globalhistory\/wp-json\/wp\/v2\/types\/post"}],"author":[{"embeddable":true,"href":"https:\/\/www.upo.es\/investiga\/globalhistory\/wp-json\/wp\/v2\/users\/1"}],"replies":[{"embeddable":true,"href":"https:\/\/www.upo.es\/investiga\/globalhistory\/wp-json\/wp\/v2\/comments?post=1203"}],"version-history":[{"count":4,"href":"https:\/\/www.upo.es\/investiga\/globalhistory\/wp-json\/wp\/v2\/posts\/1203\/revisions"}],"predecessor-version":[{"id":1239,"href":"https:\/\/www.upo.es\/investiga\/globalhistory\/wp-json\/wp\/v2\/posts\/1203\/revisions\/1239"}],"wp:featuredmedia":[{"embeddable":true,"href":"https:\/\/www.upo.es\/investiga\/globalhistory\/wp-json\/wp\/v2\/media\/1238"}],"wp:attachment":[{"href":"https:\/\/www.upo.es\/investiga\/globalhistory\/wp-json\/wp\/v2\/media?parent=1203"}],"wp:term":[{"taxonomy":"category","embeddable":true,"href":"https:\/\/www.upo.es\/investiga\/globalhistory\/wp-json\/wp\/v2\/categories?post=1203"},{"taxonomy":"post_tag","embeddable":true,"href":"https:\/\/www.upo.es\/investiga\/globalhistory\/wp-json\/wp\/v2\/tags?post=1203"}],"curies":[{"name":"wp","href":"https:\/\/api.w.org\/{rel}","templated":true}]}}