{"id":1310,"date":"2021-05-18T09:45:26","date_gmt":"2021-05-18T09:45:26","guid":{"rendered":"https:\/\/www.upo.es\/investiga\/globalhistory\/?p=1310"},"modified":"2021-05-18T09:49:32","modified_gmt":"2021-05-18T09:49:32","slug":"la-profesora-bethany-aram-participa-en-el-ciclo-de-conferencias-madrid-comunera-el-proximo-20-de-mayo-de-2021","status":"publish","type":"post","link":"https:\/\/www.upo.es\/investiga\/globalhistory\/la-profesora-bethany-aram-participa-en-el-ciclo-de-conferencias-madrid-comunera-el-proximo-20-de-mayo-de-2021\/","title":{"rendered":"La profesora Bethany Aram participa en el Ciclo de conferencias \u00abMadrid Comunera\u00bb el pr\u00f3ximo 20 de mayo de 2021"},"content":{"rendered":"\n<p>El ciclo \u00abMadrid Comunera\u00bb lleva desarroll\u00e1ndose desde el pasado 22 de abril de 2021 con motivo del quinto centenario de la Batalla de Villalar, que tuvo lugar el 15 de abril de 2021. De esta forma, la Direcci\u00f3n General de Patrimonio Cultural del Ayuntamiento de Madrid propone conmemorar el fen\u00f3meno hist\u00f3rico de la Revoluci\u00f3n de las Comunidades de Castilla contando con un amplio elenco de especialistas.<\/p>\n\n\n\n<p>La profesora Bethany Aram, investigadora principal del proyecto<a href=\"https:\/\/www.upo.es\/investigacion\/artempire\/\"> ArtEmpire<\/a>, profesora titular de Historia Moderna de la Universidad Pablo de Olavide de Sevilla y miembro del grupo PAI-HUM 1000, pronunciar\u00e1 el pr\u00f3ximo jueves d\u00eda 20 a las 18:30 horas de la tarde una conferencia titulada \u00abLa Reina Juana, Madrid y las Comunidades de Castilla\u00bb, en la sesi\u00f3n de clausura del ciclo. Acto seguido, habr\u00e1 una mesa redonda en la que participar\u00e1 la investigadora junto con Francisco Jos\u00e9 Mar\u00edn Perell\u00f3n, Alfredo Alvar Ezquerra y Jos\u00e9 Manuel Barbeito D\u00edez.<\/p>\n\n\n\n<p>El evento tendr\u00e1 lugar en el Auditorio Caja de M\u00fasica de CentroCentro (Plaza de Cibeles, 1, Madrid) y, aunque ya cuenta con aforo completo, se podr\u00e1 visionar d\u00edas m\u00e1s tarde en el canal de Youtube <a href=\"https:\/\/www.youtube.com\/channel\/UCk9lyjUNpwl812iP8ZhY2lw\"> Memoria de Madrid<\/a>.<\/p>\n\n\n\n<p>Si desea m\u00e1s informaci\u00f3n, puede consultar el <a href=\"https:\/\/patrimonioypaisaje.madrid.es\/FWProjects\/monumenta\/contenidos\/Genericos\/ficheros\/RESUMEN%20CONFERENCIAS%20MADRID%20COMUNERA%20Y%20DATOS%20BIOGRAFICOS%20DE%20PARTICIPANTES.pdf\">programa completo del ciclo<\/a> y el sitio web de la <a href=\"https:\/\/patrimonioypaisaje.madrid.es\/portales\/monumenta\/es\/En-portada\/Ciclo-de-conferencias-Madrid-Comunera\/?vgnextfmt=default&amp;vgnextoid=bd50e58c045c8710VgnVCM1000001d4a900aRCRD&amp;vgnextchannel=e89c3cb702aa4510VgnVCM1000008a4a900aRCRD\">Direcci\u00f3n General de Patrimonio Cultural del Ayuntamiento de Madrid<\/a>.<\/p>\n\n\n\n<div class=\"wp-block-image\"><figure class=\"aligncenter size-large\"><img loading=\"lazy\" decoding=\"async\" width=\"761\" height=\"211\" src=\"https:\/\/www.upo.es\/investiga\/globalhistory\/wp-content\/uploads\/2021\/05\/captura-comuneros.jpg\" alt=\"\" class=\"wp-image-1314\" srcset=\"https:\/\/www.upo.es\/investiga\/globalhistory\/wp-content\/uploads\/2021\/05\/captura-comuneros.jpg 761w, https:\/\/www.upo.es\/investiga\/globalhistory\/wp-content\/uploads\/2021\/05\/captura-comuneros-300x83.jpg 300w\" sizes=\"(max-width: 761px) 100vw, 761px\" \/><\/figure><\/div>\n","protected":false},"excerpt":{"rendered":"<p>El ciclo \u00abMadrid Comunera\u00bb lleva desarroll\u00e1ndose desde el pasado 22 de abril de 2021 con motivo del quinto centenario de la Batalla de Villalar, que tuvo lugar el 15 de abril de 2021. De esta forma, la Direcci\u00f3n General de Patrimonio Cultural del Ayuntamiento de Madrid propone conmemorar el fen\u00f3meno [&hellip;]<\/p>\n","protected":false},"author":1,"featured_media":1311,"comment_status":"open","ping_status":"open","sticky":false,"template":"","format":"standard","meta":{"footnotes":""},"categories":[1],"tags":[],"_links":{"self":[{"href":"https:\/\/www.upo.es\/investiga\/globalhistory\/wp-json\/wp\/v2\/posts\/1310"}],"collection":[{"href":"https:\/\/www.upo.es\/investiga\/globalhistory\/wp-json\/wp\/v2\/posts"}],"about":[{"href":"https:\/\/www.upo.es\/investiga\/globalhistory\/wp-json\/wp\/v2\/types\/post"}],"author":[{"embeddable":true,"href":"https:\/\/www.upo.es\/investiga\/globalhistory\/wp-json\/wp\/v2\/users\/1"}],"replies":[{"embeddable":true,"href":"https:\/\/www.upo.es\/investiga\/globalhistory\/wp-json\/wp\/v2\/comments?post=1310"}],"version-history":[{"count":2,"href":"https:\/\/www.upo.es\/investiga\/globalhistory\/wp-json\/wp\/v2\/posts\/1310\/revisions"}],"predecessor-version":[{"id":1315,"href":"https:\/\/www.upo.es\/investiga\/globalhistory\/wp-json\/wp\/v2\/posts\/1310\/revisions\/1315"}],"wp:featuredmedia":[{"embeddable":true,"href":"https:\/\/www.upo.es\/investiga\/globalhistory\/wp-json\/wp\/v2\/media\/1311"}],"wp:attachment":[{"href":"https:\/\/www.upo.es\/investiga\/globalhistory\/wp-json\/wp\/v2\/media?parent=1310"}],"wp:term":[{"taxonomy":"category","embeddable":true,"href":"https:\/\/www.upo.es\/investiga\/globalhistory\/wp-json\/wp\/v2\/categories?post=1310"},{"taxonomy":"post_tag","embeddable":true,"href":"https:\/\/www.upo.es\/investiga\/globalhistory\/wp-json\/wp\/v2\/tags?post=1310"}],"curies":[{"name":"wp","href":"https:\/\/api.w.org\/{rel}","templated":true}]}}